{"id":9973,"date":"2020-01-02T18:05:40","date_gmt":"2020-01-02T17:05:40","guid":{"rendered":"https:\/\/literarnenoviny.sk\/servis\/?p=9973"},"modified":"2020-01-03T00:41:55","modified_gmt":"2020-01-02T23:41:55","slug":"medzi-ocenenymi-ktorym-prezidentka-udelila-statne-vyznamenania-su-aj-literati","status":"publish","type":"post","link":"https:\/\/literarnenoviny.sk\/servis\/medzi-ocenenymi-ktorym-prezidentka-udelila-statne-vyznamenania-su-aj-literati\/","title":{"rendered":"Medzi ocenen\u00fdmi, ktor\u00fdm prezidentka udelila \u0161t\u00e1tne vyznamenania s\u00fa aj liter\u00e1ti"},"content":{"rendered":"<p><strong>Medzi ocenen\u00fdmi, ktor\u00ed si z&nbsp;r\u00fak slovenskej prezidentky <a href=\"https:\/\/www.prezident.sk\/\" rel=\"noopener noreferrer\" target=\"_blank\">Zuzany \u010caputovej<\/a> prevzali \u0161t\u00e1tne vyznamenania, s\u00fa aj liter\u00e1ti<\/strong>. Prezidentka ocenila dvadsa\u0165 osobnost\u00ed verejn\u00e9ho \u017eivota pri pr\u00edle\u017eitosti 27.&nbsp;v\u00fdro\u010dia vzniku republiky.<\/p>\n<p>Rad \u013dudov\u00edta \u0160t\u00fara I. triedy si prevzal liter\u00e1rny vedec <strong><a href=\"https:\/\/sk.wikipedia.org\/wiki\/Peter_Zajac\" rel=\"noopener noreferrer\" target=\"_blank\">Peter Zajac<\/a><\/strong> a&nbsp;Rad \u013dudov\u00edta \u0160t\u00fara II. triedy z\u00edskal report\u00e9r <strong><a href=\"https:\/\/sk.wikipedia.org\/wiki\/Andrej_B\u00e1n\" rel=\"noopener noreferrer\" target=\"_blank\">Andrej B\u00e1n<\/a><\/strong>. Pribinov kr\u00ed\u017e I. triedy si odniesol tvorca animovan\u00fdch filmov <a href=\"https:\/\/sk.wikipedia.org\/wiki\/Rudolf_Urc\" rel=\"noopener noreferrer\" target=\"_blank\">Rudolf Urc<\/a> a&nbsp;filmov\u00fd kameraman <a href=\"https:\/\/sk.wikipedia.org\/wiki\/Igor_Luther\" rel=\"noopener noreferrer\" target=\"_blank\">Igor Luther<\/a>.<\/p>\n<p><center><div class=\"gca-utility vertical-spacer\"><\/div>\n<blockquote class=\"twitter-tweet\">\n<p lang=\"und\" dir=\"ltr\">.\u0161t\u00e1tne vyznamenanie bolo udelen\u00e9 \u00f4smim \u017een\u00e1m a&nbsp;dvan\u00e1stim mu\u017eom. Medzi ocenen\u00fdmi s\u00fa i&nbsp;Franti\u0161ek Miklo\u0161ko, Peter Zajac, Andrej B\u00e1n, ale i&nbsp;Milada Hor\u00e1kov\u00e1 in memoriam. <a href=\"https:\/\/t.co\/tOJCfU19MX\">https:\/\/t.co\/tOJCfU19MX<\/a> <a href=\"https:\/\/t.co\/4gH9wRlfIt\">pic.twitter.com\/4gH9wRlfIt<\/a><\/p>\n<p>&mdash; .t\u00fd\u017ede\u0148 (@tyzdensk) <a href=\"https:\/\/twitter.com\/tyzdensk\/status\/1212797143515357184?ref_src=twsrc%5Etfw\">January 2, 2020<\/a><\/p><\/blockquote>\n<p> <script async src=\"https:\/\/platform.twitter.com\/widgets.js\" charset=\"utf-8\"><\/script><div class=\"gca-utility vertical-spacer\"><\/div><\/center><\/p>\n<p><em>\u201eKa\u017ed\u00fd, kto de\u0148 \u010do&nbsp;de\u0148 zodpovedne pracuje pre&nbsp;seba, svojich bl\u00edzkych, pre&nbsp;svoju komunitu \u010di&nbsp;regi\u00f3n, pracuje aj pre&nbsp;svoju vlas\u0165,\u201c <\/em>uviedla Zuzana \u010caputov\u00e1.<\/p>\n<p>Prezidentka ocenila Radom bieleho dvojkr\u00ed\u017ea I. triedy in memoriam \u010desk\u00fa pr\u00e1vni\u010dku <strong><a href=\"https:\/\/cs.wikipedia.org\/wiki\/Milada_Hor\u00e1kov\u00e1\" rel=\"noopener noreferrer\" target=\"_blank\">Miladu Hor\u00e1kov\u00fa<\/a><\/strong>, ktor\u00fa v&nbsp;roku 1953, \u010deskoslovensk\u00e1 komunistick\u00e1 just\u00edcia vo&nbsp;vykon\u0161truovanom procese ods\u00fadila na&nbsp;smr\u0165 a&nbsp;popravila.<\/p>\n<p>Rad \u013dudov\u00edta \u0160t\u00fara I. triedy z\u00edskali <a href=\"http:\/\/tvare-vzdoru.vaclavhavel-library.org\/cs\/profil\/113\/branislav-tvarozek-1925\" rel=\"noopener noreferrer\" target=\"_blank\">Branislav Tvaro\u017eek<\/a> a&nbsp;len pred tromi d\u0148ami zosnul\u00fd <a href=\"https:\/\/dennikn.sk\/1702893\/bojovnik-proti-nacistom-martin-janec-zomrel-len-tri-dni-pred-vyznamenanim-od-prezidentky\/\" rel=\"noopener noreferrer\" target=\"_blank\">Martin Janec<\/a>, posledn\u00ed dvaja pr\u00edslu\u0161n\u00edci Vysoko\u0161kolsk\u00e9ho str\u00e1\u017eneho oddielu povstaleck\u00fdch gener\u00e1lov <a href=\"https:\/\/sk.wikipedia.org\/wiki\/J\u00e1n_Golian_(gener\u00e1l)\" rel=\"noopener noreferrer\" target=\"_blank\">Goliana<\/a> a&nbsp;<a href=\"https:\/\/sk.wikipedia.org\/wiki\/Rudolf_Viest\" rel=\"noopener noreferrer\" target=\"_blank\">Viesta<\/a>.<\/p>\n<p>Medzi ocenen\u00fdmi osobnos\u0165ami boli tento rok aj viacer\u00ed akt\u00e9ri <a href=\"https:\/\/sk.wikipedia.org\/wiki\/Ne\u017en\u00e1_revol\u00facia\" rel=\"noopener noreferrer\" target=\"_blank\">Novembrov\u00fdch udalosti<\/a> v&nbsp;roku 1989.<\/p>\n<p style=\"text-align: right;\"><small>&mdash;&nbsp;<a href=\"https:\/\/www.prezident.sk\/article\/prezidentka-vyznamenala-20-osobnosti\/\" target=\"_blank\" rel=\"noopener noreferrer\">Kancel\u00e1ria prezidenta SR<\/a><\/small><\/p>\n<div class=\"gca-utility clearfix\"><\/div>\n<div class=\"gca-utility vertical-spacer\"><\/div>\n<p><center><span class=\"fullscreen\"><a href=\"\/\/www.martinus.sk\/?z=WLGC7F&#038;utm_source=z%3DWLGC7F&#038;utm_medium=banner1_468x60&#038;utm_campaign=partner\"><img decoding=\"async\" src=\"\/\/www.martinus.sk\/images\/banners\/468x60_red.jpg\" alt=\"www.martinus.sk\" \/><\/a><\/span><\/center><\/p>\n","protected":false},"excerpt":{"rendered":"<p>Medzi ocenen\u00fdmi, ktor\u00ed si z&nbsp;r\u00fak prezidentky republiky prevzali \u0161t\u00e1tne vyznamenania, s\u00fa aj liter\u00e1ti. Slovensk\u00e1 prezidentka Zuzana \u010caputov\u00e1 ocenila dvadsa\u0165 osobnost\u00ed verejn\u00e9ho \u017eivota pri pr\u00edle\u017eitosti 27.&nbsp;v\u00fdro\u010dia vzniku republiky. Rad \u013dudov\u00edta \u0160t\u00fara I. triedy si prevzal liter\u00e1rny vedec Peter Zajac a&nbsp;Rad \u013dudov\u00edta \u0160t\u00fara II. triedy z\u00edskal report\u00e9r Andrej B\u00e1n. <a href=\"https:\/\/literarnenoviny.sk\/servis\/medzi-ocenenymi-ktorym-prezidentka-udelila-statne-vyznamenania-su-aj-literati\/\" class=\"more-link\">Cel\u00e1 spr\u00e1va <span class=\"meta-nav\">&rarr;<\/span><\/a><\/p>\n","protected":false},"author":2,"featured_media":0,"comment_status":"closed","ping_status":"closed","sticky":false,"template":"","format":"standard","meta":{"_links_to":"","_links_to_target":""},"categories":[1],"tags":[21,23],"_links":{"self":[{"href":"https:\/\/literarnenoviny.sk\/servis\/wp-json\/wp\/v2\/posts\/9973"}],"collection":[{"href":"https:\/\/literarnenoviny.sk\/servis\/wp-json\/wp\/v2\/posts"}],"about":[{"href":"https:\/\/literarnenoviny.sk\/servis\/wp-json\/wp\/v2\/types\/post"}],"author":[{"embeddable":true,"href":"https:\/\/literarnenoviny.sk\/servis\/wp-json\/wp\/v2\/users\/2"}],"replies":[{"embeddable":true,"href":"https:\/\/literarnenoviny.sk\/servis\/wp-json\/wp\/v2\/comments?post=9973"}],"version-history":[{"count":0,"href":"https:\/\/literarnenoviny.sk\/servis\/wp-json\/wp\/v2\/posts\/9973\/revisions"}],"wp:attachment":[{"href":"https:\/\/literarnenoviny.sk\/servis\/wp-json\/wp\/v2\/media?parent=9973"}],"wp:term":[{"taxonomy":"category","embeddable":true,"href":"https:\/\/literarnenoviny.sk\/servis\/wp-json\/wp\/v2\/categories?post=9973"},{"taxonomy":"post_tag","embeddable":true,"href":"https:\/\/literarnenoviny.sk\/servis\/wp-json\/wp\/v2\/tags?post=9973"}],"curies":[{"name":"wp","href":"https:\/\/api.w.org\/{rel}","templated":true}]}}