{"id":9961,"date":"2020-01-01T16:00:10","date_gmt":"2020-01-01T15:00:10","guid":{"rendered":"https:\/\/literarnenoviny.sk\/servis\/?p=9961"},"modified":"2020-01-03T14:03:10","modified_gmt":"2020-01-03T13:03:10","slug":"v-holandsku-nemecku-a-rakusku-uz-plati-nizsia-dan-aj-na-elektronicke-knihy","status":"publish","type":"post","link":"https:\/\/literarnenoviny.sk\/servis\/v-holandsku-nemecku-a-rakusku-uz-plati-nizsia-dan-aj-na-elektronicke-knihy\/","title":{"rendered":"V Holandsku, Nemecku a&nbsp;Rak\u00fasku u\u017e&nbsp;plat\u00ed ni\u017e\u0161ia da\u0148 aj na&nbsp;elektronick\u00e9 knihy"},"content":{"rendered":"<p><strong>Holandsko, Nemecko a&nbsp;Rak\u00fasko s\u00fa prv\u00e9 krajiny Eur\u00f3pskej \u00fanie, ktor\u00e9 za\u010dali uplat\u0148ova\u0165 zn\u00ed\u017een\u00fa da\u0148 aj na&nbsp;elektronick\u00e9 knihy a&nbsp;\u010dasopisy<\/strong>. T\u00e1 je&nbsp;teraz rovnak\u00e1 ako pri tla\u010den\u00fdch tituloch. Od&nbsp;nov\u00e9ho roka sa&nbsp;tak DPH na&nbsp;e-knihy zn\u00ed\u017eilo v&nbsp;Holandsku na&nbsp;9 percent, v&nbsp;Rak\u00fasku na&nbsp;10 a&nbsp;v&nbsp;Nemecku z\u00e1kazn\u00edk doplat\u00ed len 7&nbsp;percent.<\/p>\n<p>Krajiny k&nbsp;tomuto kroku prist\u00fapili po&nbsp;zmene eur\u00f3pskej smernice o&nbsp;DPH, ke\u010f teraz na&nbsp;elektronick\u00e9 knihy a&nbsp;online \u010dasopisy m\u00f4\u017eu stanovi\u0165 zn\u00ed\u017een\u00e9, superzn\u00ed\u017een\u00e9 alebo aj nulov\u00e9 da\u0148ov\u00e9 sadzby. Ministri financi\u00ed E\u00da <em>(Ecofin)<\/em> <a href=\"https:\/\/euractiv.sk\/section\/danova-politika\/news\/citanie-v-eu-bude-lacnejsie-clenske-staty-sa-dohodli-na-znizeni-dph-na-elektornicke-knihy\/\" rel=\"noopener noreferrer\" target=\"_blank\">o tom rozhodli<\/a> na&nbsp;jese\u0148 2018.<\/p>\n<p><center><div class=\"gca-utility vertical-spacer\"><\/div>\n<blockquote class=\"twitter-tweet\">\n<p lang=\"en\" dir=\"ltr\"><a href=\"https:\/\/twitter.com\/hashtag\/ECOFIN?src=hash&amp;ref_src=twsrc%5Etfw\">#ECOFIN<\/a> decided to allow reduced VAT rates for e-books ? Ministers also agreed on other files aimed at improving how VAT works in the&nbsp;EU.<br \/>\u27a1\ufe0f More about the&nbsp;meeting: <a href=\"https:\/\/t.co\/WUTH89whPD\">https:\/\/t.co\/WUTH89whPD<\/a> <a href=\"https:\/\/t.co\/0r4QoVFj97\">pic.twitter.com\/0r4QoVFj97<\/a><\/p>\n<p>&mdash; EU Council (@EUCouncil) <a href=\"https:\/\/twitter.com\/EUCouncil\/status\/1047100033982767104?ref_src=twsrc%5Etfw\">October 2, 2018<\/a><\/p><\/blockquote>\n<p> <script async src=\"https:\/\/platform.twitter.com\/widgets.js\" charset=\"utf-8\"><\/script><div class=\"gca-utility vertical-spacer\"><\/div><\/center><\/p>\n<p><em>\u201eElektronick\u00e1 kniha je&nbsp;kniha. Elektronick\u00e9 noviny s\u00fa noviny. V\u00fdborn\u00e1 spr\u00e1va pre&nbsp;tla\u010d a&nbsp;kult\u00faru,\u201c<\/em> nap\u00edsal vtedy na&nbsp;Twitteri eurokomis\u00e1r pre&nbsp;hospod\u00e1rske a&nbsp;menov\u00e9 z\u00e1le\u017eitosti Pierre Moscovici.<\/p>\n<p>Zn\u00ed\u017een\u00fa da\u0148 5,5 percenta na&nbsp;niektor\u00e9 e-knihy u\u017e&nbsp;sk\u00f4r uplat\u0148ovalo Franc\u00fazsko a&nbsp;susedn\u00e9 Luxembursko dokonca len superzn\u00ed\u017een\u00fa trojpercentn\u00fa. Eur\u00f3pska komisia sa&nbsp;ale obr\u00e1tila na&nbsp;S\u00fadny dvor E\u00da, a&nbsp;ten v&nbsp;roku 2015 rozhodol, \u017ee&nbsp;postup oboch kraj\u00edn nie je&nbsp;v&nbsp;s\u00falade s&nbsp;platnou eur\u00f3pskou legislat\u00edvou. <\/p>\n<p>Medzi k\u013e\u00fa\u010dov\u00fdch a&nbsp;najrazantnej\u0161\u00edch podporovate\u013eov novej smernice o&nbsp;zda\u0148ovan\u00ed digit\u00e1lnych publik\u00e1ci\u00ed patrilo preto pr\u00e1ve Franc\u00fazsko.<\/p>\n<p>Na Slovensku sa&nbsp;aj na\u010falej na&nbsp;elektronick\u00e9 publik\u00e1cie uplat\u0148uje da\u0148 20&nbsp;percent. Pre&nbsp;vl\u00e1dne strany<\/a> bohu\u017eia\u013e oblas\u0165 vzdel\u00e1vania, kult\u00fary \u010di&nbsp;elektroniz\u00e1cie nebola nikdy prioritn\u00e1.<\/p>\n<p style=\"text-align: right;\"><small>&mdash;&nbsp;<a href=\"https:\/\/addmedia.news\" target=\"_blank\" rel=\"noopener noreferrer\">Addmedia News<\/a><\/small><\/p>\n<div class=\"gca-utility clearfix\"><\/div>\n<div class=\"gca-utility vertical-spacer\"><\/div>\n<p><center><span class=\"fullscreen\"><a href=\"\/\/www.martinus.sk\/?z=WLGC7F&#038;utm_source=z%3DWLGC7F&#038;utm_medium=banner1_468x60&#038;utm_campaign=partner\"><img decoding=\"async\" src=\"\/\/www.martinus.sk\/images\/banners\/468x60.jpg\" alt=\"www.martinus.sk\" \/><\/a><\/span><\/center><\/p>\n","protected":false},"excerpt":{"rendered":"<p>Holandsko, Nemecko a&nbsp;Rak\u00fasko s\u00fa prv\u00e9 krajiny Eur\u00f3pskej \u00fanie, ktor\u00e9 za\u010dali uplat\u0148ova\u0165 zn\u00ed\u017een\u00fa da\u0148 aj na&nbsp;elektronick\u00e9 knihy a&nbsp;\u010dasopisy. T\u00e1 je&nbsp;teraz rovnak\u00e1 ako pri tla\u010den\u00fdch tituloch. Od&nbsp;nov\u00e9ho roka sa&nbsp;tak DPH na&nbsp;e-knihy zn\u00ed\u017eilo v&nbsp;Holandsku na&nbsp;9 percent, v&nbsp;Rak\u00fasku na&nbsp;10 a&nbsp;v&nbsp;Nemecku z\u00e1kazn\u00edk doplat\u00ed len 7&nbsp;percent. <a href=\"https:\/\/literarnenoviny.sk\/servis\/v-holandsku-nemecku-a-rakusku-uz-plati-nizsia-dan-aj-na-elektronicke-knihy\/\" class=\"more-link\">Cel\u00e1 spr\u00e1va <span class=\"meta-nav\">&rarr;<\/span><\/a><\/p>\n","protected":false},"author":2,"featured_media":0,"comment_status":"closed","ping_status":"closed","sticky":false,"template":"","format":"standard","meta":{"_links_to":"","_links_to_target":""},"categories":[1],"tags":[7,76,8],"_links":{"self":[{"href":"https:\/\/literarnenoviny.sk\/servis\/wp-json\/wp\/v2\/posts\/9961"}],"collection":[{"href":"https:\/\/literarnenoviny.sk\/servis\/wp-json\/wp\/v2\/posts"}],"about":[{"href":"https:\/\/literarnenoviny.sk\/servis\/wp-json\/wp\/v2\/types\/post"}],"author":[{"embeddable":true,"href":"https:\/\/literarnenoviny.sk\/servis\/wp-json\/wp\/v2\/users\/2"}],"replies":[{"embeddable":true,"href":"https:\/\/literarnenoviny.sk\/servis\/wp-json\/wp\/v2\/comments?post=9961"}],"version-history":[{"count":0,"href":"https:\/\/literarnenoviny.sk\/servis\/wp-json\/wp\/v2\/posts\/9961\/revisions"}],"wp:attachment":[{"href":"https:\/\/literarnenoviny.sk\/servis\/wp-json\/wp\/v2\/media?parent=9961"}],"wp:term":[{"taxonomy":"category","embeddable":true,"href":"https:\/\/literarnenoviny.sk\/servis\/wp-json\/wp\/v2\/categories?post=9961"},{"taxonomy":"post_tag","embeddable":true,"href":"https:\/\/literarnenoviny.sk\/servis\/wp-json\/wp\/v2\/tags?post=9961"}],"curies":[{"name":"wp","href":"https:\/\/api.w.org\/{rel}","templated":true}]}}