{"id":994,"date":"2017-09-19T20:00:14","date_gmt":"2017-09-19T18:00:14","guid":{"rendered":"https:\/\/literarnenoviny.sk\/servis\/?p=994"},"modified":"2018-07-11T22:13:52","modified_gmt":"2018-07-11T20:13:52","slug":"laureatom-ceny-anasoft-litera-sa-stal-ondrej-stefanik-so-svojim-romanom-som-paula","status":"publish","type":"post","link":"https:\/\/literarnenoviny.sk\/servis\/laureatom-ceny-anasoft-litera-sa-stal-ondrej-stefanik-so-svojim-romanom-som-paula\/","title":{"rendered":"Laure\u00e1tom Ceny Anasoft litera sa&nbsp;stal Ondrej \u0160tef\u00e1nik so&nbsp;svoj\u00edm rom\u00e1nom Som Paula"},"content":{"rendered":"<p><strong>Slovenskou knihou minul\u00e9ho roka sa&nbsp;pod\u013ea rozhodnutia p\u00e4\u0165\u010dlennej poroty ceny Anasoft litera 2017 stal rom\u00e1n Ondreja \u0160tef\u00e1nika <a href=\"https:\/\/biblioteka.literarnenoviny.sk\/ondrej-stefanik\/som-paula\/\" rel=\"noopener\" target=\"\">Som Paula<\/a><\/strong>, ktor\u00e1 vy\u0161la vo&nbsp;vydavate\u013estve Tatran.<\/p>\n<p><center><iframe loading=\"lazy\" src=\"https:\/\/www.facebook.com\/plugins\/post.php?href=https%3A%2F%2Fwww.facebook.com%2Fanasoft.litera%2Fposts%2F1401751129860952&#038;width=500\" width=\"500\" height=\"492\" style=\"border:none;overflow:hidden\" scrolling=\"no\" frameborder=\"0\" allowTransparency=\"true\"><\/iframe><\/center><\/p>\n","protected":false},"excerpt":{"rendered":"<p>Slovenskou knihou roka 2016 sa&nbsp;pod\u013ea rozhodnutia p\u00e4\u0165\u010dlennej poroty ceny Anasoft litera stal rom\u00e1n Ondreja \u0160tef\u00e1nika Som Paula, ktor\u00e1 vy\u0161lo vo&nbsp;vydavate\u013estve Tatran. <a href=\"https:\/\/literarnenoviny.sk\/servis\/laureatom-ceny-anasoft-litera-sa-stal-ondrej-stefanik-so-svojim-romanom-som-paula\/\" class=\"more-link\">Cel\u00e1 spr\u00e1va <span class=\"meta-nav\">&rarr;<\/span><\/a><\/p>\n","protected":false},"author":2,"featured_media":0,"comment_status":"closed","ping_status":"closed","sticky":false,"template":"","format":"standard","meta":{"_links_to":"","_links_to_target":""},"categories":[1],"tags":[14,21],"_links":{"self":[{"href":"https:\/\/literarnenoviny.sk\/servis\/wp-json\/wp\/v2\/posts\/994"}],"collection":[{"href":"https:\/\/literarnenoviny.sk\/servis\/wp-json\/wp\/v2\/posts"}],"about":[{"href":"https:\/\/literarnenoviny.sk\/servis\/wp-json\/wp\/v2\/types\/post"}],"author":[{"embeddable":true,"href":"https:\/\/literarnenoviny.sk\/servis\/wp-json\/wp\/v2\/users\/2"}],"replies":[{"embeddable":true,"href":"https:\/\/literarnenoviny.sk\/servis\/wp-json\/wp\/v2\/comments?post=994"}],"version-history":[{"count":0,"href":"https:\/\/literarnenoviny.sk\/servis\/wp-json\/wp\/v2\/posts\/994\/revisions"}],"wp:attachment":[{"href":"https:\/\/literarnenoviny.sk\/servis\/wp-json\/wp\/v2\/media?parent=994"}],"wp:term":[{"taxonomy":"category","embeddable":true,"href":"https:\/\/literarnenoviny.sk\/servis\/wp-json\/wp\/v2\/categories?post=994"},{"taxonomy":"post_tag","embeddable":true,"href":"https:\/\/literarnenoviny.sk\/servis\/wp-json\/wp\/v2\/tags?post=994"}],"curies":[{"name":"wp","href":"https:\/\/api.w.org\/{rel}","templated":true}]}}