{"id":977,"date":"2017-09-13T17:55:05","date_gmt":"2017-09-13T15:55:05","guid":{"rendered":"https:\/\/literarnenoviny.sk\/servis\/?p=977"},"modified":"2017-09-13T17:55:05","modified_gmt":"2017-09-13T15:55:05","slug":"cesky-narodny-filmovy-archiv-digitalne-zrestauroval-film-cerny-petr","status":"publish","type":"post","link":"https:\/\/literarnenoviny.sk\/servis\/cesky-narodny-filmovy-archiv-digitalne-zrestauroval-film-cerny-petr\/","title":{"rendered":"\u010cesk\u00fd N\u00e1rodn\u00fd filmov\u00fd arch\u00edv digit\u00e1lne zre\u0161tauroval film \u010cern\u00fd Petr"},"content":{"rendered":"<p>\u010cesk\u00fd N\u00e1rodn\u00fd filmov\u00fd arch\u00edv digit\u00e1lne zre\u0161tauroval film \u010cern\u00fd Petr. Premi\u00e9ra novej verzie celove\u010dern\u00e9ho hran\u00e9ho debutu re\u017eis\u00e9ra Milo\u0161a Formana z&nbsp;roku 1963 je&nbsp;dnes ve\u010der v&nbsp;pra\u017eskom kine Lucerna.<\/p>\n","protected":false},"excerpt":{"rendered":"<p>\u010cesk\u00fd N\u00e1rodn\u00fd filmov\u00fd arch\u00edv digit\u00e1lne zre\u0161tauroval film \u010cern\u00fd Petr. Premi\u00e9ra novej verzie celove\u010dern\u00e9ho hran\u00e9ho debutu re\u017eis\u00e9ra Milo\u0161a Formana z&nbsp;roku 1963 je&nbsp;dnes ve\u010der v&nbsp;pra\u017eskom kine Lucerna.<\/p>\n","protected":false},"author":2,"featured_media":0,"comment_status":"closed","ping_status":"closed","sticky":false,"template":"","format":"standard","meta":{"_links_to":"","_links_to_target":""},"categories":[1],"tags":[],"_links":{"self":[{"href":"https:\/\/literarnenoviny.sk\/servis\/wp-json\/wp\/v2\/posts\/977"}],"collection":[{"href":"https:\/\/literarnenoviny.sk\/servis\/wp-json\/wp\/v2\/posts"}],"about":[{"href":"https:\/\/literarnenoviny.sk\/servis\/wp-json\/wp\/v2\/types\/post"}],"author":[{"embeddable":true,"href":"https:\/\/literarnenoviny.sk\/servis\/wp-json\/wp\/v2\/users\/2"}],"replies":[{"embeddable":true,"href":"https:\/\/literarnenoviny.sk\/servis\/wp-json\/wp\/v2\/comments?post=977"}],"version-history":[{"count":0,"href":"https:\/\/literarnenoviny.sk\/servis\/wp-json\/wp\/v2\/posts\/977\/revisions"}],"wp:attachment":[{"href":"https:\/\/literarnenoviny.sk\/servis\/wp-json\/wp\/v2\/media?parent=977"}],"wp:term":[{"taxonomy":"category","embeddable":true,"href":"https:\/\/literarnenoviny.sk\/servis\/wp-json\/wp\/v2\/categories?post=977"},{"taxonomy":"post_tag","embeddable":true,"href":"https:\/\/literarnenoviny.sk\/servis\/wp-json\/wp\/v2\/tags?post=977"}],"curies":[{"name":"wp","href":"https:\/\/api.w.org\/{rel}","templated":true}]}}