{"id":9727,"date":"2019-12-14T10:10:12","date_gmt":"2019-12-14T09:10:12","guid":{"rendered":"https:\/\/literarnenoviny.sk\/servis\/?p=9727"},"modified":"2019-12-15T15:07:13","modified_gmt":"2019-12-15T14:07:13","slug":"najlepsou-stavbou-sveta-je-industrialna-kniznica-lochal-v-holandskom-tilburgu","status":"publish","type":"post","link":"https:\/\/literarnenoviny.sk\/servis\/najlepsou-stavbou-sveta-je-industrialna-kniznica-lochal-v-holandskom-tilburgu\/","title":{"rendered":"Najlep\u0161ou stavbou sveta je&nbsp;industri\u00e1lna kni\u017enica LocHal v&nbsp;holandskom Tilburgu"},"content":{"rendered":"<p><strong>\u017delezni\u010dn\u00e1 stanica v&nbsp;holandskom <a href=\"https:\/\/sk.wikipedia.org\/wiki\/Tilburg\" rel=\"noopener noreferrer\" target=\"_blank\">Tilburgu<\/a> sa&nbsp;\u010doskoro stane novou turistickou atrakciou. Prestavbou b\u00fdval\u00e9ho lokomot\u00edvov\u00e9ho depa z&nbsp;roku 1932 tam vznikla <a href=\"https:\/\/www.lochal.nl\/\" rel=\"noopener noreferrer\" target=\"_blank\">Verejn\u00e1 kni\u017enica LocHal<\/a><\/strong>, ktor\u00e1 z\u00edskala najvy\u0161\u0161ie ocenenie na&nbsp;prest\u00ed\u017enom <a href=\"https:\/\/www.worldarchitecturefestival.com\/\" rel=\"noopener noreferrer\" target=\"_blank\">World Architecture Festival<\/a> v&nbsp;Amsterdame.<\/p>\n<p>Stavba roka 2019 je&nbsp;uk\u00e1\u017ekou toho, \u017ee&nbsp;tak\u00e1to architekt\u00fara nemus\u00ed sl\u00fa\u017ei\u0165 len svojmu p\u00f4vodn\u00e9mu \u00fa\u010delu. <\/p>\n<p><center><div class=\"gca-utility vertical-spacer\"><\/div>\n<blockquote class=\"twitter-tweet\">\n<p lang=\"nl\" dir=\"ltr\">We zijn gewoon World Building of the&nbsp;Year! Wat een mooie kers op de&nbsp;taart tegen het einde van een fantastisch eerste jaar. En zelfs CNN pikte dit geweldige nieuws op!<a href=\"https:\/\/t.co\/OmdBC9zaTi\">https:\/\/t.co\/OmdBC9zaTi<\/a><\/p>\n<p>&mdash; LocHal (@lochal013) <a href=\"https:\/\/twitter.com\/lochal013\/status\/1203346770224406529?ref_src=twsrc%5Etfw\">December 7, 2019<\/a><\/p><\/blockquote>\n<p> <script async src=\"https:\/\/platform.twitter.com\/widgets.js\" charset=\"utf-8\"><\/script><div class=\"gca-utility vertical-spacer\"><\/div><\/center><\/p>\n<p>Pozemky pod <strong><a href=\"https:\/\/www.lochal.nl\/\" rel=\"noopener noreferrer\" target=\"_blank\">LocHal<\/a><\/strong>, teda verejnou ob\u00fdva\u010dkou, ako ju volaj\u00fa Holan\u010fania, k\u00fapilo mesto od&nbsp;\u0161t\u00e1tnej \u017eelezni\u010dnej spolo\u010dnosti <a href=\"https:\/\/www.ns.nl\/\" rel=\"noopener noreferrer\" target=\"_blank\">Nederlandse Spoorwegen<\/a> a&nbsp;pl\u00e1nuje na&nbsp;nich vybudova\u0165 nov\u00fa \u0161tvr\u0165. T\u00e1 by sa&nbsp;mohla sta\u0165 druh\u00fdm centrom Tilburgu. Projekt o\u017eivenia opusten\u00e9ho are\u00e1lu zverili \u0161t\u00fadiu <a href=\"https:\/\/www.civicarchitects.eu\/\" rel=\"noopener noreferrer\" target=\"_blank\">Civic Architects<\/a>. <\/p>\n<p>Z  vlakovej haly je&nbsp;\u010dit\u00e1re\u0148, ktor\u00e1 sa&nbsp;d\u00e1 pomocou ve\u013ekometr\u00e1\u017enych z\u00e1vesov r\u00fdchlo premeni\u0165 na&nbsp;oddelen\u00e9 posluch\u00e1rne, v\u00fdstavn\u00fd priestor alebo koncertn\u00fa sie\u0148. Schody na&nbsp;sedenie pon\u00fakaj\u00fa v\u00fdh\u013ead na&nbsp;cel\u00fd priestor, v&nbsp;ktorom sa&nbsp;n\u00e1v\u0161tevn\u00edk r\u00fdchlo zorientuje. Vid\u00ed, kde je&nbsp;v\u00fdpo\u017ei\u010dka kn\u00edh, \u0161tudov\u0148a \u010di&nbsp;jednotliv\u00e9 oddelenia. Kni\u017enica m\u00e1 aj terasu, je&nbsp;v&nbsp;nej kaviare\u0148 aj ob\u010derstvenie.<\/p>\n<p>Medzin\u00e1rodn\u00e1 porota svetov\u00e9ho festivalu ocenila predov\u0161etk\u00fdm sp\u00f4sob, ak\u00fdm architekti prist\u00fapili k&nbsp;historickej industri\u00e1lnej hale. <em>\u201e\u0160tudio objavilo potenci\u00e1l star\u00e9ho a&nbsp;dok\u00e1zali ho sk\u013abi\u0165 s&nbsp;nov\u00fdm. Premena historickej haly na&nbsp;verejn\u00fa kni\u017enicu je&nbsp;\u00fa\u017easn\u00fd po\u010din, ktor\u00fd si zasl\u00fa\u017ei na\u0161u pozornos\u0165\u201c<\/em>.<\/p>\n<p style=\"text-align: right;\"><small>&mdash;&nbsp;<a href=\"https:\/\/edition.cnn.com\/style\/amp\/waf-building-of-the-year-2019\/index.html\" target=\"_blank\" rel=\"noopener noreferrer\">CNN Style<\/a><\/small><\/p>\n<div class=\"gca-utility clearfix\"><\/div>\n<div class=\"gca-utility vertical-spacer\"><\/div>\n<p><center><span class=\"fullscreen\"><a href=\"\/\/www.martinus.sk\/?z=WLGC7F&#038;utm_source=z%3DWLGC7F&#038;utm_medium=banner1_468x60&#038;utm_campaign=partner\"><img decoding=\"async\" src=\"\/\/www.martinus.sk\/images\/banners\/468x60.jpg\" alt=\"www.martinus.sk\" \/><\/a><\/span><\/center><\/p>\n","protected":false},"excerpt":{"rendered":"<p>\u017delezni\u010dn\u00e1 stanica v&nbsp;holandskom Tilburgu sa&nbsp;\u010doskoro stane novou turistickou atrakciou. Prestavbou b\u00fdval\u00e9ho depa z&nbsp;roku 1932 tam vznikla Verejn\u00e1 kni\u017enica LocHal, ktor\u00e1 z\u00edskala najvy\u0161\u0161ie ocenenie na&nbsp;prest\u00ed\u017enom World Architecture Festival v&nbsp;Amsterdame. Stala sa&nbsp;Najlep\u0161ou stavbou roka 2019.  <a href=\"https:\/\/literarnenoviny.sk\/servis\/najlepsou-stavbou-sveta-je-industrialna-kniznica-lochal-v-holandskom-tilburgu\/\" class=\"more-link\">Cel\u00e1 spr\u00e1va <span class=\"meta-nav\">&rarr;<\/span><\/a><\/p>\n","protected":false},"author":2,"featured_media":0,"comment_status":"closed","ping_status":"closed","sticky":false,"template":"","format":"standard","meta":{"_links_to":"","_links_to_target":""},"categories":[1],"tags":[140,49,21],"_links":{"self":[{"href":"https:\/\/literarnenoviny.sk\/servis\/wp-json\/wp\/v2\/posts\/9727"}],"collection":[{"href":"https:\/\/literarnenoviny.sk\/servis\/wp-json\/wp\/v2\/posts"}],"about":[{"href":"https:\/\/literarnenoviny.sk\/servis\/wp-json\/wp\/v2\/types\/post"}],"author":[{"embeddable":true,"href":"https:\/\/literarnenoviny.sk\/servis\/wp-json\/wp\/v2\/users\/2"}],"replies":[{"embeddable":true,"href":"https:\/\/literarnenoviny.sk\/servis\/wp-json\/wp\/v2\/comments?post=9727"}],"version-history":[{"count":0,"href":"https:\/\/literarnenoviny.sk\/servis\/wp-json\/wp\/v2\/posts\/9727\/revisions"}],"wp:attachment":[{"href":"https:\/\/literarnenoviny.sk\/servis\/wp-json\/wp\/v2\/media?parent=9727"}],"wp:term":[{"taxonomy":"category","embeddable":true,"href":"https:\/\/literarnenoviny.sk\/servis\/wp-json\/wp\/v2\/categories?post=9727"},{"taxonomy":"post_tag","embeddable":true,"href":"https:\/\/literarnenoviny.sk\/servis\/wp-json\/wp\/v2\/tags?post=9727"}],"curies":[{"name":"wp","href":"https:\/\/api.w.org\/{rel}","templated":true}]}}