{"id":9700,"date":"2019-12-12T10:10:45","date_gmt":"2019-12-12T09:10:45","guid":{"rendered":"https:\/\/literarnenoviny.sk\/servis\/?p=9700"},"modified":"2019-12-15T14:48:25","modified_gmt":"2019-12-15T13:48:25","slug":"vdova-po-basnikovi-jozefovi-urbanovi-nie-je-z-filmu-o-jej-manzelovi-nadsena","status":"publish","type":"post","link":"https:\/\/literarnenoviny.sk\/servis\/vdova-po-basnikovi-jozefovi-urbanovi-nie-je-z-filmu-o-jej-manzelovi-nadsena\/","title":{"rendered":"Vdova po&nbsp;b\u00e1snikovi Jozefovi Urbanovi, nie je&nbsp;z&nbsp;filmu o&nbsp;jej man\u017eelovi nad\u0161en\u00e1"},"content":{"rendered":"<p><strong>Vdova po&nbsp;tragicky zosnulom slovenskom b\u00e1snikovi <a href=\"https:\/\/sk.wikipedia.org\/wiki\/Jozef_Urban_(b\u00e1snik)\" rel=\"noopener noreferrer\" target=\"_blank\">Jozefovi Urbanovi<\/a> nie je&nbsp;z&nbsp;<a href=\"https:\/\/literarnenoviny.sk\/servis\/do-kin-prichadza-hrany-film-o-slovenskom-basnikovi-a-textarovi-jozefovi-urbanovi\/\" target=\"_blank\" rel=\"noopener noreferrer\">filmu o&nbsp;jej man\u017eelovi<\/a> ve\u013emi nad\u0161en\u00e1 a&nbsp;bola by najrad\u0161ej, ak by sa&nbsp;v\u00f4bec nepremietal<\/strong>. Pre&nbsp;t\u00fd\u017edenn\u00edk <a href=\"https:\/\/plus7dni.pluska.sk\/ludia\/rozculena-vdova-znamom-slovakovi-bilbordu-som-zistila-nasom-zivote-nakrutili-film\/\" rel=\"noopener noreferrer\" target=\"_blank\">Plus 7&nbsp;dn\u00ed<\/a> to uviedla jeho druh\u00e1 man\u017eelka Ivana Urbanov\u00e1.<\/p>\n<p>O nakr\u00facan\u00ed filmu scen\u00e1ristu Ondreja Kalam\u00e1ra a&nbsp;\u010desk\u00e9ho re\u017eis\u00e9ra Tom\u00e1\u0161a Magnuseka <em><strong><a href=\"https:\/\/www.continental-film.sk\/index.php\/filmy\/plan-premier\/2019?id=1496\" rel=\"noopener noreferrer\" target=\"_blank\">Voda, \u010do&nbsp;ma dr\u017e\u00ed nad vodou<\/a><\/strong> (2019)<\/em> p\u00f4vodne ani netu\u0161ila. <em>\u201eAko by ste sa&nbsp;r\u00e1no zobudili, vyjdete z&nbsp;domu a&nbsp;zbadali pred sebou bilbord, \u017ee&nbsp;je&nbsp;o&nbsp;va\u0161om \u017eivote nakr\u00faten\u00fd film,\u201c<\/em> cituje ju spolo\u010densk\u00fd t\u00fd\u017edenn\u00edk.<\/p>\n<p><center><div class=\"gca-utility vertical-spacer\"><\/div><center><div class=\"gca-utility vertical-spacer\"><\/div><iframe loading=\"lazy\" width=\"560\" height=\"315\" src=\"https:\/\/www.youtube.com\/embed\/SKlcwMIwmWQ?start=0\" frameborder=\"0\" allow=\"accelerometer; autoplay; encrypted-media; gyroscope; picture-in-picture\" allowfullscreen><\/iframe><div class=\"gca-utility vertical-spacer\"><\/div><\/center><div class=\"gca-utility vertical-spacer\"><\/div><\/center><\/p>\n<p>Nakr\u00faca\u0165 sa&nbsp;za\u010dalo bez toho, aby ju niekto ako dedi\u010dku autorsk\u00fdch a&nbsp;osobnostn\u00fdch pr\u00e1v \u017eiadal o&nbsp;povolenie. A\u017e ke\u010f bola ohl\u00e1sen\u00e1 premi\u00e9ra filmu, zasiahol na&nbsp;jej \u017eiados\u0165 distrib\u00fator, ktor\u00fd ju zastavil. Nakoniec s&nbsp;uveden\u00edm filmu s\u00fahlasila len preto, \u017ee&nbsp;si uvedomovala ko\u013eko \u010dasu, energie, ale aj pe\u0148az\u00ed do&nbsp;neho mnoh\u00ed \u013eudia vlo\u017eili. <em>\u201eTak povedzte v&nbsp;takej situ\u00e1cii nie.\u201c<\/em><\/p>\n<p>Napriek jej pripomienkam pre\u0161la \u00fadajne v\u00fdsledn\u00e1 sn\u00edmka len kozmetick\u00fdmi zmenami a&nbsp;ich deti ho ani nedok\u00e1zali dopozera\u0165. Vo&nbsp;filme nena\u0161la ni\u010d z&nbsp;b\u00e1snikovej osobnosti ani charizmy, ktor\u00fd pod\u013ea nej nebol autorom jedin\u00e9ho hitu a&nbsp;nezmietal sa&nbsp;len medzi \u017eensk\u00fdmi a&nbsp;poh\u00e1rikmi.<\/p>\n<p><em>\u201eZ Jo\u017eov\u00fdch b\u00e1sn\u00ed sa&nbsp;o&nbsp;\u0148om \u013eudia dozvedia tis\u00edckr\u00e1t viac,\u201c<\/em> <a href=\"https:\/\/plus7dni.pluska.sk\/ludia\/rozculena-vdova-znamom-slovakovi-bilbordu-som-zistila-nasom-zivote-nakrutili-film\/2\/\" rel=\"noopener noreferrer\" target=\"_blank\">cituje t\u00fd\u017edenn\u00edk<\/a> Ivanu Urbanov\u00fa, ktor\u00e1 nakoniec dod\u00e1va: <em>\u201eChcem, aby bolo jasn\u00e9, \u017ee&nbsp;sa&nbsp;od&nbsp;tohto filmu absol\u00fatne di\u0161tancujem.\u201c<\/em><\/p>\n<p>S jej n\u00e1zorom sa&nbsp;stoto\u017e\u0148uj\u00fa aj mnoh\u00ed \u013eudia, ktor\u00ed sa&nbsp;s&nbsp;Jozefom Urbanom poznali.<\/p>\n<p style=\"text-align: right;\"><small>&mdash;&nbsp;<a href=\"https:\/\/plus7dni.pluska.sk\/ludia\/rozculena-vdova-znamom-slovakovi-bilbordu-som-zistila-nasom-zivote-nakrutili-film\/\" target=\"_blank\" rel=\"noopener noreferrer\">Plus 7&nbsp;dn\u00ed<\/a><\/small><\/p>\n<div class=\"gca-utility clearfix\"><\/div>\n<div class=\"gca-utility vertical-spacer\"><\/div>\n<p><center><span class=\"fullscreen\"><a href=\"\/\/www.martinus.sk\/?z=WLGC7F&#038;utm_source=z%3DWLGC7F&#038;utm_medium=banner1_468x60&#038;utm_campaign=partner\"><img decoding=\"async\" src=\"\/\/www.martinus.sk\/images\/banners\/468x60.jpg\" alt=\"www.martinus.sk\" \/><\/a><\/span><\/center><\/p>\n","protected":false},"excerpt":{"rendered":"<p>Vdova po&nbsp;tragicky zosnulom slovenskom b\u00e1snikovi a&nbsp;text\u00e1rovi Jozefovi Urbanovi nie z&nbsp;filmu o&nbsp;jej man\u017eelovi ve\u013emi nad\u0161en\u00e1 a&nbsp;bola by najrad\u0161ej, ak by sa&nbsp;v\u00f4bec nepremietal. Pre&nbsp;t\u00fd\u017edenn\u00edk Plus 7&nbsp;dn\u00ed uviedla jeho druh\u00e1 man\u017eelka Ivana Urbanov\u00e1, \u017ee&nbsp;z&nbsp;jeho b\u00e1sn\u00ed sa&nbsp;o&nbsp;\u0148om \u013eudia dozvedia tis\u00edckr\u00e1t viac. <a href=\"https:\/\/literarnenoviny.sk\/servis\/vdova-po-basnikovi-jozefovi-urbanovi-nie-je-z-filmu-o-jej-manzelovi-nadsena\/\" class=\"more-link\">Cel\u00e1 spr\u00e1va <span class=\"meta-nav\">&rarr;<\/span><\/a><\/p>\n","protected":false},"author":2,"featured_media":0,"comment_status":"closed","ping_status":"closed","sticky":false,"template":"","format":"standard","meta":{"_links_to":"","_links_to_target":""},"categories":[1],"tags":[16,3,83],"_links":{"self":[{"href":"https:\/\/literarnenoviny.sk\/servis\/wp-json\/wp\/v2\/posts\/9700"}],"collection":[{"href":"https:\/\/literarnenoviny.sk\/servis\/wp-json\/wp\/v2\/posts"}],"about":[{"href":"https:\/\/literarnenoviny.sk\/servis\/wp-json\/wp\/v2\/types\/post"}],"author":[{"embeddable":true,"href":"https:\/\/literarnenoviny.sk\/servis\/wp-json\/wp\/v2\/users\/2"}],"replies":[{"embeddable":true,"href":"https:\/\/literarnenoviny.sk\/servis\/wp-json\/wp\/v2\/comments?post=9700"}],"version-history":[{"count":0,"href":"https:\/\/literarnenoviny.sk\/servis\/wp-json\/wp\/v2\/posts\/9700\/revisions"}],"wp:attachment":[{"href":"https:\/\/literarnenoviny.sk\/servis\/wp-json\/wp\/v2\/media?parent=9700"}],"wp:term":[{"taxonomy":"category","embeddable":true,"href":"https:\/\/literarnenoviny.sk\/servis\/wp-json\/wp\/v2\/categories?post=9700"},{"taxonomy":"post_tag","embeddable":true,"href":"https:\/\/literarnenoviny.sk\/servis\/wp-json\/wp\/v2\/tags?post=9700"}],"curies":[{"name":"wp","href":"https:\/\/api.w.org\/{rel}","templated":true}]}}