{"id":9681,"date":"2019-12-10T22:00:40","date_gmt":"2019-12-10T21:00:40","guid":{"rendered":"https:\/\/literarnenoviny.sk\/servis\/?p=9681"},"modified":"2019-12-11T00:58:41","modified_gmt":"2019-12-10T23:58:41","slug":"peter-handke-a-olga-tokarczukova-si-prevzali-nobelove-ceny-za-literaturu","status":"publish","type":"post","link":"https:\/\/literarnenoviny.sk\/servis\/peter-handke-a-olga-tokarczukova-si-prevzali-nobelove-ceny-za-literaturu\/","title":{"rendered":"Peter Handke a&nbsp;Olga Tokarczukov\u00e1 si prevzali Nobelove ceny za&nbsp;literat\u00faru"},"content":{"rendered":"<p><strong>Spisovatelia <a href=\"https:\/\/sk.wikipedia.org\/wiki\/Peter_Handke\" rel=\"noopener noreferrer\" target=\"_blank\">Peter Handke<\/a> a&nbsp;<a href=\"https:\/\/cs.wikipedia.org\/wiki\/Olga_Tokarczukov\u00e1\" rel=\"noopener noreferrer\" target=\"_blank\">Olga Tokarczukov\u00e1<\/a> si v&nbsp;\u0160tokholme prevzali z&nbsp;r\u00fak \u0161v\u00e9dskeho kr\u00e1\u013ea <a href=\"https:\/\/sk.wikipedia.org\/wiki\/Karol_XVI._Gust\u00e1v\" rel=\"noopener noreferrer\" target=\"_blank\">Karola XVI. Gustava<\/a> prest\u00ed\u017ene <a href=\"https:\/\/www.nobelprize.org\/prizes\/literature\/\" rel=\"noopener noreferrer\" target=\"_blank\">Nobelove ceny za&nbsp;literat\u00faru<\/a> za&nbsp;tento a&nbsp;minul\u00fd rok<\/strong>. Tento rok sa&nbsp;ude\u013eovali <a href=\"https:\/\/literarnenoviny.sk\/servis\/nobelovu-cenu-za-literaturu-ziskala-polka-olga-tokarczukova-a-rakusan-peter-handke\/\" rel=\"noopener noreferrer\" target=\"_blank\">dve ceny naraz<\/a>, preto\u017ee vlani cenu za&nbsp;rok 2018 neudelili kv\u00f4li sexu\u00e1lnemu \u0161kand\u00e1lu vo&nbsp;\u0160v\u00e9dskej akad\u00e9mii.<\/p>\n<p>Tohtoro\u010dn\u00e9 ocenenie sedemdesiatsedemro\u010dn\u00e9ho rak\u00faskeho autora je&nbsp;\u010das\u0165ou verejnosti <a href=\"https:\/\/literarnenoviny.sk\/servis\/mam-rad-literaturu-a-nenavidim-nazory-odpovedal-nobelista-peter-handke-novinarom\/\" rel=\"noopener noreferrer\" target=\"_blank\">vn\u00edman\u00e9 ako rozporupln\u00e9<\/a> a&nbsp;vo&nbsp;\u0161v\u00e9dskej metropole sa&nbsp;proti tomu aj demon\u0161trovalo. Handke je&nbsp;kritizovan\u00fd kv\u00f4li jeho \u00fadajn\u00fdm prosrbsk\u00fdm postojom po\u010das vojnov\u00fdch konfliktov  rozpadaj\u00facej sa&nbsp;Juhosl\u00e1vie v&nbsp;90.&nbsp;rokoch minul\u00e9ho storo\u010dia.<\/p>\n<p><center><div class=\"gca-utility vertical-spacer\"><\/div>\n<blockquote class=\"twitter-tweet\">\n<p lang=\"en\" dir=\"ltr\">Every year the&nbsp;Nobel Prizes are presented on 10 December, in memory of Alfred Nobel who passed away on this day in 1896. <\/p>\n<p>Stay tuned to follow the&nbsp;<a href=\"https:\/\/twitter.com\/hashtag\/NobelPrize?src=hash&amp;ref_src=twsrc%5Etfw\">#NobelPrize<\/a> festivities later today. <a href=\"https:\/\/t.co\/kgzt5bi0Zp\">pic.twitter.com\/kgzt5bi0Zp<\/a><\/p>\n<p>&mdash; The&nbsp;Nobel Prize (@NobelPrize) <a href=\"https:\/\/twitter.com\/NobelPrize\/status\/1204341492422258688?ref_src=twsrc%5Etfw\">December 10, 2019<\/a><\/p><\/blockquote>\n<p> <script async src=\"https:\/\/platform.twitter.com\/widgets.js\" charset=\"utf-8\"><\/script><div class=\"gca-utility vertical-spacer\"><\/div><\/center><\/p>\n<p>Kv\u00f4li oceneniu Handkeho cerem\u00f3niu bojkotovali ve\u013evyslanci Alb\u00e1nska, Bosny a&nbsp;Hercegoviny, Chorv\u00e1tska, Severn\u00e9ho Maced\u00f3nska, od\u0161tiepeneckej srbskej provincie Kosovo, ale aj Afganistanu a&nbsp;Turecka.<\/p>\n<p>Diplom, zlat\u00fa medailu a&nbsp;\u0161eky v&nbsp;hodnote dev\u00e4\u0165 mili\u00f3nov \u0161v\u00e9dskych kor\u00fan si v&nbsp;\u0160tokholme prevzali tie\u017e tohtoro\u010dn\u00ed laure\u00e1ti vedeck\u00fdch Nobelov\u00fdch cien. <\/p>\n<p>Laure\u00e1t Nobelovej ceny za&nbsp;mier eti\u00f3psky premi\u00e9r <a href=\"https:\/\/en.wikipedia.org\/wiki\/Abiy_Ahmed\" rel=\"noopener noreferrer\" target=\"_blank\">Abiy Ahmed<\/a> si cenu vyzdvihol u\u017e&nbsp;popoludn\u00ed  v&nbsp;n\u00f3rskom hlavnom meste Osle.<\/p>\n<p style=\"text-align: right;\"><small>&mdash;&nbsp;<a href=\"https:\/\/www.bbc.com\/news\/entertainment-arts-50730048?\" target=\"_blank\" rel=\"noopener noreferrer\">BBC News<\/a><\/small><\/p>\n<div class=\"gca-utility clearfix\"><\/div>\n<div class=\"gca-utility vertical-spacer\"><\/div>\n<p><center><span class=\"fullscreen\"><a href=\"\/\/www.martinus.sk\/?z=WLGC7F&#038;utm_source=z%3DWLGC7F&#038;utm_medium=banner1_468x60&#038;utm_campaign=partner\"><img decoding=\"async\" src=\"\/\/www.martinus.sk\/images\/banners\/468x60.jpg\" alt=\"www.martinus.sk\" \/><\/a><\/span><\/center><\/p>\n","protected":false},"excerpt":{"rendered":"<p>Spisovatelia Peter Handke a&nbsp;Olga Tokarczukov\u00e1 si v&nbsp;\u0160tokholme prevzali z&nbsp;r\u00fak \u0161v\u00e9dskeho kr\u00e1\u013ea Karola XVI. Gustava prest\u00ed\u017ene Nobelove ceny za&nbsp;literat\u00faru za&nbsp;tento a&nbsp;minul\u00fd rok. Tento rok sa&nbsp;ude\u013eovali dve ceny naraz, preto\u017ee vlani cenu za&nbsp;rok 2018 neudelili kv\u00f4li sexu\u00e1lnemu \u0161kand\u00e1lu vo&nbsp;\u0160v\u00e9dskej akad\u00e9mii. <a href=\"https:\/\/literarnenoviny.sk\/servis\/peter-handke-a-olga-tokarczukova-si-prevzali-nobelove-ceny-za-literaturu\/\" class=\"more-link\">Cel\u00e1 spr\u00e1va <span class=\"meta-nav\">&rarr;<\/span><\/a><\/p>\n","protected":false},"author":2,"featured_media":0,"comment_status":"closed","ping_status":"closed","sticky":false,"template":"","format":"standard","meta":{"_links_to":"","_links_to_target":""},"categories":[1],"tags":[4,21,23],"_links":{"self":[{"href":"https:\/\/literarnenoviny.sk\/servis\/wp-json\/wp\/v2\/posts\/9681"}],"collection":[{"href":"https:\/\/literarnenoviny.sk\/servis\/wp-json\/wp\/v2\/posts"}],"about":[{"href":"https:\/\/literarnenoviny.sk\/servis\/wp-json\/wp\/v2\/types\/post"}],"author":[{"embeddable":true,"href":"https:\/\/literarnenoviny.sk\/servis\/wp-json\/wp\/v2\/users\/2"}],"replies":[{"embeddable":true,"href":"https:\/\/literarnenoviny.sk\/servis\/wp-json\/wp\/v2\/comments?post=9681"}],"version-history":[{"count":0,"href":"https:\/\/literarnenoviny.sk\/servis\/wp-json\/wp\/v2\/posts\/9681\/revisions"}],"wp:attachment":[{"href":"https:\/\/literarnenoviny.sk\/servis\/wp-json\/wp\/v2\/media?parent=9681"}],"wp:term":[{"taxonomy":"category","embeddable":true,"href":"https:\/\/literarnenoviny.sk\/servis\/wp-json\/wp\/v2\/categories?post=9681"},{"taxonomy":"post_tag","embeddable":true,"href":"https:\/\/literarnenoviny.sk\/servis\/wp-json\/wp\/v2\/tags?post=9681"}],"curies":[{"name":"wp","href":"https:\/\/api.w.org\/{rel}","templated":true}]}}