{"id":9620,"date":"2019-12-06T08:00:41","date_gmt":"2019-12-06T07:00:41","guid":{"rendered":"https:\/\/literarnenoviny.sk\/servis\/?p=9620"},"modified":"2019-12-06T23:57:34","modified_gmt":"2019-12-06T22:57:34","slug":"prestizny-casopis-the-new-yorker-pise-o-slovensku-a-prezidentke-zuzane-caputovej","status":"publish","type":"post","link":"https:\/\/literarnenoviny.sk\/servis\/prestizny-casopis-the-new-yorker-pise-o-slovensku-a-prezidentke-zuzane-caputovej\/","title":{"rendered":"Prest\u00ed\u017eny \u010dasopis The&nbsp;New Yorker p\u00ed\u0161e o&nbsp;Slovensku a&nbsp;prezidentke Zuzane \u010caputovej"},"content":{"rendered":"<p><strong>Prest\u00ed\u017eny americk\u00fd \u010dasopis The&nbsp;New Yorker <a href=\"https:\/\/www.newyorker.com\/news\/our-columnists\/zuzana-caputova-the-president-of-slovakia-voices-her-countrys-hopes-and-frustrations\" rel=\"noopener noreferrer\" target=\"_blank\">uverejnil \u010dl\u00e1nok<\/a> o&nbsp;Slovensku a&nbsp;prezidentke Zuzane \u010caputovej<\/strong>. Jeho autorka, rusko-americk\u00e1 novin\u00e1rka <a href=\"https:\/\/en.wikipedia.org\/wiki\/Masha_Gessen\" rel=\"noopener noreferrer\" target=\"_blank\">Masha Gessenov\u00e1<\/a>, sa&nbsp;s&nbsp;prezidentkou osobne stretla v&nbsp;bratislavskom Grasalkovi\u010dovom pal\u00e1ci, ktor\u00fd je&nbsp;s\u00eddlom slovenskej hlavy \u0161t\u00e1tu.<\/p>\n<p>V postkomunistick\u00fdch krajin\u00e1ch, pod\u013ea autorky \u010dl\u00e1nku, existuje len m\u00e1lo politick\u00fdch l\u00eddrov, ktor\u00ed dok\u00e1\u017eu pomenova\u0165 rozpor medzi nov\u00fdmi pr\u00edle\u017eitos\u0165ami a&nbsp;zni\u010den\u00fdmi snami \u013eud\u00ed s&nbsp;takou empatiou.<\/p>\n<p><center><div class=\"gca-utility vertical-spacer\"><\/div>\n<blockquote class=\"twitter-tweet\">\n<p lang=\"und\" dir=\"ltr\">The surprise victory of Slovakian President Zuzana \u010caputov\u00e1 has been celebrated as a&nbsp;triumph of liberalism in a&nbsp;region that seems to have abandoned liberal ideals. <a href=\"https:\/\/t.co\/oX13RY0MIu\">https:\/\/t.co\/oX13RY0MIu<\/a><\/p>\n<p>&mdash; The&nbsp;New Yorker (@NewYorker) <a href=\"https:\/\/twitter.com\/NewYorker\/status\/1202713896420814849?ref_src=twsrc%5Etfw\">December 5, 2019<\/a><\/p><\/blockquote>\n<p> <script async src=\"https:\/\/platform.twitter.com\/widgets.js\" charset=\"utf-8\"><\/script><div class=\"gca-utility vertical-spacer\"><\/div><\/center><\/p>\n<p><em>\u201ePod\u013ea toho, kto o&nbsp;nej p\u00ed\u0161e, vyz\u00fdva Zuzanu \u010caputov\u00fa na&nbsp;z\u00e1chranu Slovenska, strednej Eur\u00f3py, strednej a&nbsp;v\u00fdchodnej Eur\u00f3py \u010di&nbsp;celej Eur\u00f3py. \u010caputov\u00e1, ktor\u00e1 do&nbsp;\u00faradu nast\u00fapila v&nbsp;j\u00fani, je&nbsp;osamel\u00fdm politick\u00fdm hlasom v&nbsp;mori demag\u00f3gie,\u201c<\/em> nap\u00edsala vo&nbsp;svojom \u010dl\u00e1nku Gessenov\u00e1.<\/p>\n<p>\u010casopis <a href=\"https:\/\/www.newyorker.com\/\" rel=\"noopener noreferrer\" target=\"_blank\">The New Yorker<\/a> zalo\u017eil novin\u00e1r Harold Ross so&nbsp;svojou man\u017eelkou v&nbsp;roku 1925.&nbsp;\u010casopis publikuje report\u00e1\u017ee, koment\u00e1re, kritiky, eseje, fikcie, satiru aj po\u00e9ziu. V&nbsp;s\u00fa\u010dasnosti je&nbsp;jeho vydavate\u013eom spolo\u010dnos\u0165 <a href=\"https:\/\/www.condenast.com\/\" rel=\"noopener noreferrer\" target=\"_blank\">Cond\u00e9 Nast Publications<\/a>, ktor\u00e1 patr\u00ed pod medi\u00e1lny dom Advance Publications.<\/p>\n<p>\u010casopis vydal aj diela mnoh\u00fdch zn\u00e1mych autorov, medzi ktor\u00fdmi s\u00fa napr\u00edklad John Hersey, Haruki Murakami, Dorothy Parker, Vladimir Nabokov \u010di&nbsp;Roald Dahl.<\/p>\n<p style=\"text-align: right;\"><small>&mdash;&nbsp;<a href=\"https:\/\/www.newyorker.com\/news\/our-columnists\/zuzana-caputova-the-president-of-slovakia-voices-her-countrys-hopes-and-frustrations\" target=\"_blank\" rel=\"noopener noreferrer\">The New Yorker<\/a><\/small><\/p>\n<div class=\"gca-utility clearfix\"><\/div>\n<div class=\"gca-utility vertical-spacer\"><\/div>\n<p><center><span class=\"fullscreen\"><a href=\"\/\/www.martinus.sk\/?z=WLGC7F&#038;utm_source=z%3DWLGC7F&#038;utm_medium=banner1_468x60&#038;utm_campaign=partner\"><img decoding=\"async\" src=\"\/\/www.martinus.sk\/images\/banners\/468x60_red.jpg\" alt=\"www.martinus.sk\" \/><\/a><\/span><\/center><\/p>\n","protected":false},"excerpt":{"rendered":"<p>Prest\u00ed\u017eny americk\u00fd \u010dasopis The&nbsp;New Yorker uverejnil \u010dl\u00e1nok o&nbsp;Slovensku a&nbsp;prezidentke Zuzane \u010caputovej. Jeho autorka, rusko-americk\u00e1 novin\u00e1rka Masha Gessenov\u00e1, sa&nbsp;s&nbsp;prezidentkou osobne stretla v&nbsp;bratislavskom Grasalkovi\u010dovom pal\u00e1ci, ktor\u00fd je&nbsp;s\u00eddlom slovenskej hlavy \u0161t\u00e1tu. <a href=\"https:\/\/literarnenoviny.sk\/servis\/prestizny-casopis-the-new-yorker-pise-o-slovensku-a-prezidentke-zuzane-caputovej\/\" class=\"more-link\">Cel\u00e1 spr\u00e1va <span class=\"meta-nav\">&rarr;<\/span><\/a><\/p>\n","protected":false},"author":2,"featured_media":0,"comment_status":"closed","ping_status":"closed","sticky":false,"template":"","format":"standard","meta":{"_links_to":"","_links_to_target":""},"categories":[1],"tags":[3,27],"_links":{"self":[{"href":"https:\/\/literarnenoviny.sk\/servis\/wp-json\/wp\/v2\/posts\/9620"}],"collection":[{"href":"https:\/\/literarnenoviny.sk\/servis\/wp-json\/wp\/v2\/posts"}],"about":[{"href":"https:\/\/literarnenoviny.sk\/servis\/wp-json\/wp\/v2\/types\/post"}],"author":[{"embeddable":true,"href":"https:\/\/literarnenoviny.sk\/servis\/wp-json\/wp\/v2\/users\/2"}],"replies":[{"embeddable":true,"href":"https:\/\/literarnenoviny.sk\/servis\/wp-json\/wp\/v2\/comments?post=9620"}],"version-history":[{"count":0,"href":"https:\/\/literarnenoviny.sk\/servis\/wp-json\/wp\/v2\/posts\/9620\/revisions"}],"wp:attachment":[{"href":"https:\/\/literarnenoviny.sk\/servis\/wp-json\/wp\/v2\/media?parent=9620"}],"wp:term":[{"taxonomy":"category","embeddable":true,"href":"https:\/\/literarnenoviny.sk\/servis\/wp-json\/wp\/v2\/categories?post=9620"},{"taxonomy":"post_tag","embeddable":true,"href":"https:\/\/literarnenoviny.sk\/servis\/wp-json\/wp\/v2\/tags?post=9620"}],"curies":[{"name":"wp","href":"https:\/\/api.w.org\/{rel}","templated":true}]}}