{"id":962,"date":"2017-09-11T09:06:22","date_gmt":"2017-09-11T07:06:22","guid":{"rendered":"https:\/\/literarnenoviny.sk\/servis\/?p=962"},"modified":"2017-10-26T22:31:11","modified_gmt":"2017-10-26T20:31:11","slug":"vydavatel-dennika-n-vydal-svoj-prvy-titul-knihu-rozhovorov-s-fedorom-galom","status":"publish","type":"post","link":"https:\/\/literarnenoviny.sk\/servis\/vydavatel-dennika-n-vydal-svoj-prvy-titul-knihu-rozhovorov-s-fedorom-galom\/","title":{"rendered":"Vydavate\u013e Denn\u00edka N vydal svoj prv\u00fd titul, knihu rozhovorov s&nbsp;Fedorom G\u00e1lom"},"content":{"rendered":"<p><strong>Vydavate\u013e Denn\u00edka N, spolo\u010dnos\u0165 N Press vyd\u00e1va svoj prv\u00fd kni\u017en\u00fd titul. <a href=\"https:\/\/obchod.dennikn.sk\/show\/36\" target=\"_blank\" rel=\"noopener\">Knihu rozhovorov<\/a> report\u00e9ra Karola Sudora s&nbsp;<a href=\"https:\/\/sk.wikipedia.org\/wiki\/Fedor_G\u00e1l\" target=\"_blank\" rel=\"noopener\">Fedorom G\u00e1lom<\/a><\/strong> o&nbsp;\u017eivote, revol\u00facii v&nbsp;roku 1989, o&nbsp;divok\u00fdch 90.&nbsp;rokoch, ale aj o&nbsp;extr\u00e9mistoch.<\/p>\n<p><center><iframe loading=\"lazy\" width=\"560\" height=\"315\" src=\"https:\/\/www.youtube.com\/embed\/CgXSvZGcSWM?rel=0&amp;showinfo=0\" frameborder=\"0\" allowfullscreen><\/iframe><\/center><\/p>\n<p>Vydanie knihy bola financovan\u00e1 darcami prostredn\u00edctvom slovenskej crowdfundingovej platformy <a href=\"https:\/\/www.startlab.sk\/projekty\/221-kniha-fedor-gal-este-raz-a-naposledy\/\" target=\"_blank\" rel=\"noopener\">StartLab<\/a> zameranej na&nbsp;v\u0161eobecne prospe\u0161n\u00e9 projekty.<\/p>\n<p style=\"text-align: right;\"><small><a href=\"https:\/\/dennikn.sk\/876988\/fedor-gal-o-knihe-rozhovorov-s-karolom-sudorom-je-to-moja-posledna-kniha-video\/\" target=\"_blank\">Denn\u00edk N<\/a><\/small><\/p>\n","protected":false},"excerpt":{"rendered":"<p>Vydavate\u013e Denn\u00edka N, spolo\u010dnos\u0165 N Press vyd\u00e1va svoj prv\u00fd kni\u017en\u00fd titul. Knihu rozhovorov report\u00e9ra Karola Sudora s&nbsp;Fedorom G\u00e1lom o&nbsp;\u017eivote, revol\u00facii v&nbsp;roku 1989, o&nbsp;divok\u00fdch 90.&nbsp;rokoch, ale aj o&nbsp;extr\u00e9mistoch. <a href=\"https:\/\/literarnenoviny.sk\/servis\/vydavatel-dennika-n-vydal-svoj-prvy-titul-knihu-rozhovorov-s-fedorom-galom\/\" class=\"more-link\">Cel\u00e1 spr\u00e1va <span class=\"meta-nav\">&rarr;<\/span><\/a><\/p>\n","protected":false},"author":2,"featured_media":0,"comment_status":"closed","ping_status":"closed","sticky":false,"template":"","format":"standard","meta":{"_links_to":"","_links_to_target":""},"categories":[1],"tags":[3,27],"_links":{"self":[{"href":"https:\/\/literarnenoviny.sk\/servis\/wp-json\/wp\/v2\/posts\/962"}],"collection":[{"href":"https:\/\/literarnenoviny.sk\/servis\/wp-json\/wp\/v2\/posts"}],"about":[{"href":"https:\/\/literarnenoviny.sk\/servis\/wp-json\/wp\/v2\/types\/post"}],"author":[{"embeddable":true,"href":"https:\/\/literarnenoviny.sk\/servis\/wp-json\/wp\/v2\/users\/2"}],"replies":[{"embeddable":true,"href":"https:\/\/literarnenoviny.sk\/servis\/wp-json\/wp\/v2\/comments?post=962"}],"version-history":[{"count":0,"href":"https:\/\/literarnenoviny.sk\/servis\/wp-json\/wp\/v2\/posts\/962\/revisions"}],"wp:attachment":[{"href":"https:\/\/literarnenoviny.sk\/servis\/wp-json\/wp\/v2\/media?parent=962"}],"wp:term":[{"taxonomy":"category","embeddable":true,"href":"https:\/\/literarnenoviny.sk\/servis\/wp-json\/wp\/v2\/categories?post=962"},{"taxonomy":"post_tag","embeddable":true,"href":"https:\/\/literarnenoviny.sk\/servis\/wp-json\/wp\/v2\/tags?post=962"}],"curies":[{"name":"wp","href":"https:\/\/api.w.org\/{rel}","templated":true}]}}