{"id":9494,"date":"2019-11-25T14:30:51","date_gmt":"2019-11-25T13:30:51","guid":{"rendered":"https:\/\/literarnenoviny.sk\/servis\/?p=9494"},"modified":"2019-11-26T11:47:58","modified_gmt":"2019-11-26T10:47:58","slug":"pamatnik-zidovskeho-spisovatela-soloma-alejchema-v-kyjeve-poskodili-vandali","status":"publish","type":"post","link":"https:\/\/literarnenoviny.sk\/servis\/pamatnik-zidovskeho-spisovatela-soloma-alejchema-v-kyjeve-poskodili-vandali\/","title":{"rendered":"Pam\u00e4tn\u00edk \u017eidovsk\u00e9ho spisovate\u013ea \u0160oloma Alejchema v&nbsp;Kyjeve po\u0161kodili vandali"},"content":{"rendered":"<p><strong>Pam\u00e4tn\u00edk \u017eidovsk\u00e9ho spisovate\u013ea <a href=\"https:\/\/cs.wikipedia.org\/wiki\/\u0160olom_Alejchem\" rel=\"noopener noreferrer\" target=\"_blank\">\u0160oloma Alejchema<\/a> v&nbsp;Kyjeve po\u0161kodili nezn\u00e1mi vandali a&nbsp;zanechali na&nbsp;\u0148om nastriekan\u00e9 svastiky<\/strong>. Vrchn\u00fd ukrajinsk\u00fd rab\u00edn v&nbsp;pondelok zverejnil na&nbsp;internete fotografie, na&nbsp;ktor\u00fdch je&nbsp;vidie\u0165 sochu s&nbsp;\u010derven\u00fdmi svastikami. Pr\u00edpad u\u017e&nbsp;vy\u0161etruje pol\u00edcia.<\/p>\n<p>Ukrajinsk\u00fd minister zahrani\u010dn\u00fdch vec\u00ed Vadym Prystajko na&nbsp;soci\u00e1lnej sieti Twitter tento \u010din ods\u00fadil a&nbsp;ozna\u010dil ho za&nbsp;prejav antisemitizmu, ktor\u00fd je&nbsp;<em>\u201enechutn\u00fd, hrozn\u00fd a&nbsp;musia ho okam\u017eite vy\u0161etri\u0165\u201c<\/em>.<\/p>\n<p><center><div class=\"gca-utility vertical-spacer\"><\/div>\n<blockquote class=\"twitter-tweet\">\n<p lang=\"en\" dir=\"ltr\">The anti-Semitic act on the&nbsp;Sholom-Aleichem monument in Kyiv is disgusting, appalling and in need of prompt investigation. The&nbsp;perpetrator(s) must be brought to justice.<\/p>\n<p>&mdash; Vadym Prystaiko (@VPrystaiko) <a href=\"https:\/\/twitter.com\/VPrystaiko\/status\/1198891300424212480?ref_src=twsrc%5Etfw\">November 25, 2019<\/a><\/p><\/blockquote>\n<p> <script async src=\"https:\/\/platform.twitter.com\/widgets.js\" charset=\"utf-8\"><\/script><div class=\"gca-utility vertical-spacer\"><\/div><\/center><\/p>\n<p>Izraelsk\u00fd ve\u013evyslanec na&nbsp;Ukrajine Joel Lion na&nbsp;tej istej soci\u00e1lnej sieti nap\u00edsal, \u017ee&nbsp;<em>\u201eUkrajina sa&nbsp;mus\u00ed zobudi\u0165\u201c<\/em>. \u00darady vyzval, aby chytili vinn\u00edkov, postavili ich pred s\u00fad a&nbsp;aby sa&nbsp;venovali <em>\u201evzdel\u00e1vaniu proti nen\u00e1visti\u201c<\/em>.<\/p>\n<p>Tla\u010dov\u00e1 agent\u00fara AP <a href=\"https:\/\/apnews.com\/172cd2210e45409a9af62dd370fb6212\" rel=\"noopener noreferrer\" target=\"_blank\">pripom\u00edna<\/a>, \u017ee&nbsp;Ukrajina u\u017e&nbsp;za\u017eila mno\u017estvo pr\u00edpadov vandalizmu na&nbsp;\u017eidovsk\u00fdch cintor\u00ednoch, synag\u00f3gach \u010di&nbsp;pam\u00e4tn\u00edkoch holokaustu.<\/p>\n<p style=\"text-align: right;\"><small>&mdash;&nbsp;<a href=\"https:\/\/apnews.com\/172cd2210e45409a9af62dd370fb6212\" target=\"_blank\" rel=\"noopener noreferrer\">AP News<\/a><\/small><\/p>\n<div class=\"gca-utility clearfix\"><\/div>\n<div class=\"gca-utility vertical-spacer\"><\/div>\n<p><center><span class=\"fullscreen\"><a href=\"\/\/www.martinus.sk\/?z=WLGC7F&#038;utm_source=z%3DWLGC7F&#038;utm_medium=banner1_468x60&#038;utm_campaign=partner\"><img decoding=\"async\" src=\"\/\/www.martinus.sk\/images\/banners\/468x60.jpg\" alt=\"www.martinus.sk\" \/><\/a><\/span><\/center><\/p>\n","protected":false},"excerpt":{"rendered":"<p>Pam\u00e4tn\u00edk \u017eidovsk\u00e9ho spisovate\u013ea \u0160oloma Alejchema v&nbsp;Kyjeve po\u0161kodili nezn\u00e1mi vandali a&nbsp;zanechali na&nbsp;\u0148om nastriekan\u00e9 svastiky. Vrchn\u00fd ukrajinsk\u00fd rab\u00edn v&nbsp;pondelok zverejnil na&nbsp;internete fotografie, na&nbsp;ktor\u00fdch je&nbsp;vidie\u0165 sochu s&nbsp;\u010derven\u00fdmi svastikami. Pr\u00edpad u\u017e&nbsp;vy\u0161etruje pol\u00edcia. <a href=\"https:\/\/literarnenoviny.sk\/servis\/pamatnik-zidovskeho-spisovatela-soloma-alejchema-v-kyjeve-poskodili-vandali\/\" class=\"more-link\">Cel\u00e1 spr\u00e1va <span class=\"meta-nav\">&rarr;<\/span><\/a><\/p>\n","protected":false},"author":2,"featured_media":0,"comment_status":"closed","ping_status":"closed","sticky":false,"template":"","format":"standard","meta":{"_links_to":"","_links_to_target":""},"categories":[1],"tags":[3,161],"_links":{"self":[{"href":"https:\/\/literarnenoviny.sk\/servis\/wp-json\/wp\/v2\/posts\/9494"}],"collection":[{"href":"https:\/\/literarnenoviny.sk\/servis\/wp-json\/wp\/v2\/posts"}],"about":[{"href":"https:\/\/literarnenoviny.sk\/servis\/wp-json\/wp\/v2\/types\/post"}],"author":[{"embeddable":true,"href":"https:\/\/literarnenoviny.sk\/servis\/wp-json\/wp\/v2\/users\/2"}],"replies":[{"embeddable":true,"href":"https:\/\/literarnenoviny.sk\/servis\/wp-json\/wp\/v2\/comments?post=9494"}],"version-history":[{"count":0,"href":"https:\/\/literarnenoviny.sk\/servis\/wp-json\/wp\/v2\/posts\/9494\/revisions"}],"wp:attachment":[{"href":"https:\/\/literarnenoviny.sk\/servis\/wp-json\/wp\/v2\/media?parent=9494"}],"wp:term":[{"taxonomy":"category","embeddable":true,"href":"https:\/\/literarnenoviny.sk\/servis\/wp-json\/wp\/v2\/categories?post=9494"},{"taxonomy":"post_tag","embeddable":true,"href":"https:\/\/literarnenoviny.sk\/servis\/wp-json\/wp\/v2\/tags?post=9494"}],"curies":[{"name":"wp","href":"https:\/\/api.w.org\/{rel}","templated":true}]}}