{"id":9453,"date":"2019-11-22T16:00:56","date_gmt":"2019-11-22T15:00:56","guid":{"rendered":"https:\/\/literarnenoviny.sk\/servis\/?p=9453"},"modified":"2019-11-26T21:17:09","modified_gmt":"2019-11-26T20:17:09","slug":"nemecko-bosniansky-spisovatel-sasa-stanisic-ziskal-hambursku-literarnu-cenu","status":"publish","type":"post","link":"https:\/\/literarnenoviny.sk\/servis\/nemecko-bosniansky-spisovatel-sasa-stanisic-ziskal-hambursku-literarnu-cenu\/","title":{"rendered":"Nemecko-bosniansky spisovate\u013e Sa\u0161a Stani\u0161i\u0107 z\u00edskal Hambursk\u00fa liter\u00e1rnu cenu"},"content":{"rendered":"<p><strong>Tohtoro\u010dn\u00fa <a href=\"https:\/\/www.hamburg.de\/bkm\/literaturpreise\/\" rel=\"noopener noreferrer\" target=\"_blank\">Hambursk\u00fa liter\u00e1rnu cenu<\/a> z\u00edskal nemeck\u00fd spisovate\u013e poch\u00e1dzaj\u00faci z&nbsp;Bosny a&nbsp;Hercegoviny <a href=\"https:\/\/cs.wikipedia.org\/wiki\/Sa\u0161a_Stani\u0161i\u0107\" rel=\"noopener noreferrer\" target=\"_blank\">Sa\u0161a Stani\u0161i\u0107<\/a><\/strong> za&nbsp;svoj rom\u00e1n <em><strong>P\u00f4vod<\/strong> (Herkunft, 2019)<\/em>. V&nbsp;autobiografickom rom\u00e1ne, za&nbsp;ktor\u00fd mu <a href=\"https:\/\/literarnenoviny.sk\/servis\/vitazom-prestiznej-nemeckej-kniznej-ceny-sa-stal-bosniansky-autor-sasa-stanisic\/\" target=\"_blank\" rel=\"noopener noreferrer\">minul\u00fd mesiac udelili<\/a> aj prest\u00ed\u017enu <a href=\"https:\/\/www.deutscher-buchpreis.de\/\" rel=\"noopener noreferrer\" target=\"_blank\">Nemeck\u00fa kni\u017enu cenu<\/a>, opisuje, ako pri\u0161iel s&nbsp;rodi\u010dmi z&nbsp;Vi\u0161egradu do&nbsp;Heidelbergu a&nbsp;nau\u010dil sa&nbsp;milova\u0165 Eichendorfa, H\u00f6lderlina a&nbsp;Alpy. <\/p>\n<p><center><div class=\"gca-utility vertical-spacer\"><\/div><iframe loading=\"lazy\" src=\"https:\/\/www.facebook.com\/plugins\/post.php?href=https%3A%2F%2Fwww.facebook.com%2Fgoetheinstitut.bratislava%2Fposts%2F2580525151994272&#038;width=500\" width=\"500\" height=\"510\" style=\"border:none;overflow:hidden\" scrolling=\"no\" frameborder=\"0\" allowTransparency=\"true\" allow=\"encrypted-media\"><\/iframe><div class=\"gca-utility vertical-spacer\"><\/div><\/center><\/p>\n<p>V Hamburgu \u017eij\u00faci autor sa&nbsp;dostal do&nbsp;Nemecka v&nbsp;roku 1992 po\u010das bosnianskej vojny. Vo&nbsp;rom\u00e1ne popisuje spolo\u010dn\u00fd \u00fatek svojej rodiny a&nbsp;babi\u010dky, ktor\u00e1 str\u00e1ca pam\u00e4\u0165. Stani\u0161i\u0107 si v&nbsp;oce\u0148ovanej knihe kladie ot\u00e1zku, \u010do&nbsp;znamen\u00e1 p\u00f4vod a&nbsp;ak\u00fa \u00falohu hr\u00e1 v&nbsp;na\u0161ej spolo\u010dnosti.<\/p>\n<p>Sa\u0161a Stani\u0161i\u0107 bol u\u017e&nbsp;pred rokmi dvakr\u00e1t nominovan\u00fd na&nbsp;Nemeck\u00fa kni\u017en\u00fa cenu a&nbsp;v&nbsp;roku 2014 z\u00edskal Cenu kni\u017en\u00e9ho ve\u013etrhu v&nbsp;Lipsku za&nbsp;svoj titul <em><strong>Noc pred oslavou<\/strong> (Vor dem Fest, 2014)<\/em>. V&nbsp;Nemecku jeho rom\u00e1ny vyd\u00e1va vydavate\u013estvo <a href=\"https:\/\/www.randomhouse.de\/Verlag\/Luchterhand-Literaturverlag\/24000.rhd\" rel=\"noopener noreferrer\" target=\"_blank\">Luchterhand<\/a>.<\/p>\n<p>Hambursk\u00fa liter\u00e1rnu cenu ka\u017edoro\u010dne ude\u013euje mestsk\u00e9 oddelenie kult\u00fary a&nbsp;m\u00e9di\u00ed a&nbsp;spisovate\u013eovi ju 2.&nbsp;decembra odovzd\u00e1 kult\u00farny sen\u00e1tor mesta Hamnburg Carsten Brosda. S&nbsp;ocenen\u00edm je&nbsp;spojen\u00e1 aj finan\u010dn\u00e1 odmena 6&nbsp;000&nbsp;eur.<\/p>\n<p style=\"text-align: right;\"><small>&mdash;&nbsp;<a href=\"https:\/\/www.kulturnews.de\/sasa-stanisic-erhaelt-hamburger-literaturpreis\/\" target=\"_blank\" rel=\"noopener noreferrer\">Kulturnews<\/a><\/small><\/p>\n<div class=\"gca-utility clearfix\"><\/div>\n<div class=\"gca-utility vertical-spacer\"><\/div>\n<p><center><span class=\"fullscreen\"><a href=\"\/\/www.martinus.sk\/?z=WLGC7F&#038;utm_source=z%3DWLGC7F&#038;utm_medium=banner1_468x60&#038;utm_campaign=partner\"><img decoding=\"async\" src=\"\/\/www.martinus.sk\/images\/banners\/468x60.jpg\" alt=\"www.martinus.sk\" \/><\/a><\/span><\/center><\/p>\n","protected":false},"excerpt":{"rendered":"<p>Tohtoro\u010dn\u00fa Hambursk\u00fa liter\u00e1rnu cenu z\u00edskal nemeck\u00fd spisovate\u013e poch\u00e1dzaj\u00faci z&nbsp;Bosny a&nbsp;Hercegoviny Sa\u0161a Stani\u0161i\u0107, za&nbsp;svoj rom\u00e1n P\u00f4vod. V&nbsp;autobiografickom rom\u00e1ne, za&nbsp;ktor\u00fd mu minul\u00fd mesiac udelili aj prest\u00ed\u017enu Nemeck\u00fa kni\u017enu cenu, opisuje, ako pri\u0161iel s&nbsp;rodi\u010dmi z&nbsp;Vi\u0161egradu do&nbsp;Heidelbergu.  <a href=\"https:\/\/literarnenoviny.sk\/servis\/nemecko-bosniansky-spisovatel-sasa-stanisic-ziskal-hambursku-literarnu-cenu\/\" class=\"more-link\">Cel\u00e1 spr\u00e1va <span class=\"meta-nav\">&rarr;<\/span><\/a><\/p>\n","protected":false},"author":2,"featured_media":0,"comment_status":"closed","ping_status":"closed","sticky":false,"template":"","format":"standard","meta":{"_links_to":"","_links_to_target":""},"categories":[1],"tags":[3,21,23],"_links":{"self":[{"href":"https:\/\/literarnenoviny.sk\/servis\/wp-json\/wp\/v2\/posts\/9453"}],"collection":[{"href":"https:\/\/literarnenoviny.sk\/servis\/wp-json\/wp\/v2\/posts"}],"about":[{"href":"https:\/\/literarnenoviny.sk\/servis\/wp-json\/wp\/v2\/types\/post"}],"author":[{"embeddable":true,"href":"https:\/\/literarnenoviny.sk\/servis\/wp-json\/wp\/v2\/users\/2"}],"replies":[{"embeddable":true,"href":"https:\/\/literarnenoviny.sk\/servis\/wp-json\/wp\/v2\/comments?post=9453"}],"version-history":[{"count":0,"href":"https:\/\/literarnenoviny.sk\/servis\/wp-json\/wp\/v2\/posts\/9453\/revisions"}],"wp:attachment":[{"href":"https:\/\/literarnenoviny.sk\/servis\/wp-json\/wp\/v2\/media?parent=9453"}],"wp:term":[{"taxonomy":"category","embeddable":true,"href":"https:\/\/literarnenoviny.sk\/servis\/wp-json\/wp\/v2\/categories?post=9453"},{"taxonomy":"post_tag","embeddable":true,"href":"https:\/\/literarnenoviny.sk\/servis\/wp-json\/wp\/v2\/tags?post=9453"}],"curies":[{"name":"wp","href":"https:\/\/api.w.org\/{rel}","templated":true}]}}