{"id":9427,"date":"2019-11-16T13:50:55","date_gmt":"2019-11-16T12:50:55","guid":{"rendered":"https:\/\/literarnenoviny.sk\/servis\/?p=9427"},"modified":"2020-10-15T22:06:36","modified_gmt":"2020-10-15T20:06:36","slug":"vo-veku-95-rokov-zomrel-slovensky-literarny-vedec-a-prekladatel-julius-pasteka","status":"publish","type":"post","link":"https:\/\/literarnenoviny.sk\/servis\/vo-veku-95-rokov-zomrel-slovensky-literarny-vedec-a-prekladatel-julius-pasteka\/","title":{"rendered":"Vo veku 95 rokov zomrel slovensk\u00fd liter\u00e1rny vedec a&nbsp;prekladate\u013e J\u00falius Pa\u0161teka"},"content":{"rendered":"<p><strong>Vo veku 95 rokov zomrel slovensk\u00fd liter\u00e1rny vedec, estetik, prekladate\u013e a&nbsp;vysoko\u0161kolsk\u00fd pedag\u00f3g <a href=\"https:\/\/www.litcentrum.sk\/autor\/julius-pasteka\" rel=\"noopener noreferrer\" target=\"_blank\">J\u00falius Pa\u0161teka<\/a><\/strong>, ktor\u00fd bol pova\u017eovan\u00fd za&nbsp;znalca liter\u00e1rneho vydavate\u013esk\u00e9ho disentu. On s\u00e1m seba zvykol ozna\u010dova\u0165 za&nbsp;<em>\u201evyp\u013a\u0148a\u010da\u201c<\/em> bielych miest slovenskej literat\u00fary.<\/p>\n<p>J\u00falius Pa\u0161teka vy\u0161tudoval filozofiu a&nbsp;franc\u00faz\u0161tinu na&nbsp;Filozofickej fakulte UK a&nbsp;\u0161tudoval aj na&nbsp;Liter\u00e1rnej fakulte vo&nbsp;\u0161vaj\u010diarskom Laussane a&nbsp;nesk\u00f4r p\u00f4sobil vo&nbsp;vydavate\u013estve Tatran aj vo&nbsp;viacer\u00fdch \u00fastavoch Slovenskej akad\u00e9mie vied, naposledy v&nbsp;Umenovednom \u00fastave. <\/p>\n<p><em>\u201eV mojej pr\u00e1ci \u0161pecifick\u00e9 bolo, \u017ee&nbsp;som sa&nbsp;sna\u017eil znovu dosta\u0165 do&nbsp;literat\u00fary \u013eud\u00ed, ktor\u00fdch vl\u00e1dna moc vyradila z&nbsp;akt\u00edvnej \u010dinnosti, zak\u00e1zala im publikova\u0165, t\u00fdch \u010do&nbsp;boli vo&nbsp;v\u00e4zen\u00ed alebo v&nbsp;exile. Bolo treba zachr\u00e1ni\u0165 pre&nbsp;slovensk\u00fa kult\u00faru v\u0161etk\u00fdch t\u00fdch, ktor\u00fdch vyradili a&nbsp;predstavovali kvalitu,\u201c<\/em> uviedol vedec pred desiatimi rokmi pri oslav\u00e1ch svojich 85.&nbsp;naroden\u00edn.<\/p>\n<p>Bol autorom a&nbsp;spoluautorom <a href=\"https:\/\/www.martinus.sk\/authors\/julius-pasteka\/\/?z=WLGC7F&#038;utm_source=z%3DWLGC7F&#038;utm_medium=url&#038;utm_campaign=partner\" rel=\"noopener noreferrer\" target=\"_blank\">viacer\u00fdch kn\u00edh<\/a> z&nbsp;oblasti estetiky a&nbsp;divadeln\u00e9ho umenia ale publikoval aj desiatky publik\u00e1ci\u00ed, nap\u00edsal mnoho \u010dasopiseck\u00fdch pr\u00edspevkov, prekladov aj vedeck\u00fdch \u0161t\u00fadi\u00ed. <\/p>\n<p>Jeho z\u00e1sluhou sa&nbsp;zvidite\u013enili tak\u00ed autori, ak\u00fdmi boli Ladislav Hanus, Janko Silan, Jozef K\u00fatnik \u0160m\u00e1lov, Karol Strme\u0148 \u010di&nbsp;Rudolf Dilong. <\/p>\n<p>Dielo J\u00faliusa Pa\u0161teku ocenil P\u00e1pe\u017e J\u00e1n Pavol II. Ve\u013ek\u00fdm kr\u00ed\u017eom rytierskeho r\u00e1du sv.&nbsp;Gregora Ve\u013ek\u00e9ho, ktor\u00e9 je&nbsp;najvy\u0161\u0161\u00edm vatik\u00e1nskym vyznamenan\u00edm pre&nbsp;nek\u0148azov, a&nbsp;bol tie\u017e nosite\u013eom slovensk\u00e9ho Radu \u013dudov\u00edta \u0160t\u00fara I. stup\u0148a <\/p>\n<p style=\"text-align: right;\"><small>&mdash;&nbsp;<a href=\"https:\/\/www.aktuality.sk\/clanok\/741626\/zomrel-znalec-vydavatelskeho-disentu-julius-pasteka\/\" target=\"_blank\" rel=\"noopener noreferrer\">Aktuality.sk<\/a><\/small><\/p>\n<div class=\"gca-utility clearfix\"><\/div>\n<div class=\"gca-utility vertical-spacer\"><\/div>\n<p><center><span class=\"fullscreen\"><script type=\"text\/javascript\" src=\"\/\/partner.mrtns.eu\/banners\/banner.js?type=banner&#038;brand_id=1&#038;uItem=202260&#038;size=full&#038;show_price=0&#038;color=orange&#038;z=WLGC7F\"><\/script><\/span><\/center><\/p>\n","protected":false},"excerpt":{"rendered":"<p>Vo veku 95 rokov zomrel slovensk\u00fd liter\u00e1rny vedec, estetik, prekladate\u013e a&nbsp;vysoko\u0161kolsk\u00fd pedag\u00f3g J\u00falius Pa\u0161teka, ktor\u00fd bol pova\u017eovan\u00fd za&nbsp;znalca liter\u00e1rneho vydavate\u013esk\u00e9ho disentu. On s\u00e1m seba ozna\u010doval za&nbsp;vyp\u013a\u0148a\u010da bielych miest slovenskej literat\u00fary. <a href=\"https:\/\/literarnenoviny.sk\/servis\/vo-veku-95-rokov-zomrel-slovensky-literarny-vedec-a-prekladatel-julius-pasteka\/\" class=\"more-link\">Cel\u00e1 spr\u00e1va <span class=\"meta-nav\">&rarr;<\/span><\/a><\/p>\n","protected":false},"author":2,"featured_media":0,"comment_status":"closed","ping_status":"closed","sticky":false,"template":"","format":"standard","meta":{"_links_to":"","_links_to_target":""},"categories":[1],"tags":[37,160,4,3,209,78],"_links":{"self":[{"href":"https:\/\/literarnenoviny.sk\/servis\/wp-json\/wp\/v2\/posts\/9427"}],"collection":[{"href":"https:\/\/literarnenoviny.sk\/servis\/wp-json\/wp\/v2\/posts"}],"about":[{"href":"https:\/\/literarnenoviny.sk\/servis\/wp-json\/wp\/v2\/types\/post"}],"author":[{"embeddable":true,"href":"https:\/\/literarnenoviny.sk\/servis\/wp-json\/wp\/v2\/users\/2"}],"replies":[{"embeddable":true,"href":"https:\/\/literarnenoviny.sk\/servis\/wp-json\/wp\/v2\/comments?post=9427"}],"version-history":[{"count":0,"href":"https:\/\/literarnenoviny.sk\/servis\/wp-json\/wp\/v2\/posts\/9427\/revisions"}],"wp:attachment":[{"href":"https:\/\/literarnenoviny.sk\/servis\/wp-json\/wp\/v2\/media?parent=9427"}],"wp:term":[{"taxonomy":"category","embeddable":true,"href":"https:\/\/literarnenoviny.sk\/servis\/wp-json\/wp\/v2\/categories?post=9427"},{"taxonomy":"post_tag","embeddable":true,"href":"https:\/\/literarnenoviny.sk\/servis\/wp-json\/wp\/v2\/tags?post=9427"}],"curies":[{"name":"wp","href":"https:\/\/api.w.org\/{rel}","templated":true}]}}