{"id":9416,"date":"2019-11-16T10:45:43","date_gmt":"2019-11-16T09:45:43","guid":{"rendered":"https:\/\/literarnenoviny.sk\/servis\/?p=9416"},"modified":"2020-10-15T22:06:36","modified_gmt":"2020-10-15T20:06:36","slug":"vo-veku-93-rokov-zomrel-cesky-filmovy-reziser-a-scenarista-vojtech-jasny","status":"publish","type":"post","link":"https:\/\/literarnenoviny.sk\/servis\/vo-veku-93-rokov-zomrel-cesky-filmovy-reziser-a-scenarista-vojtech-jasny\/","title":{"rendered":"Vo veku 93 rokov zomrel \u010desk\u00fd filmov\u00fd re\u017eis\u00e9r a&nbsp;sc\u00e9narista Vojt\u011bch Jasn\u00fd"},"content":{"rendered":"<p><strong>Vo veku 93 rokov zomrel filmov\u00fd re\u017eis\u00e9r a&nbsp;predstavite\u013e \u010deskoslovenskej novej vlny <a href=\"https:\/\/cs.wikipedia.org\/wiki\/Vojt\u011bch_Jasn\u00fd\" rel=\"noopener noreferrer\" target=\"_blank\">Vojt\u011bch Jasn\u00fd<\/a><\/strong>, ktor\u00fd nakr\u00fatil napr\u00edklad aj komunistick\u00fdm re\u017eimom zak\u00e1zan\u00fd film <em><strong>V\u0161ichni dob\u0159\u00ed rod\u00e1ci<\/strong> (1968)<\/em>.<\/p>\n<p>Rod\u00e1k z&nbsp;vala\u0161skej Kel\u010de by  30.&nbsp;novembra osl\u00e1vil 94.&nbsp;narodeniny. Jeho otec, s&nbsp;ktor\u00fdm ako chlapec v&nbsp;miestnej sokolovni premietal filmy, zahynul v&nbsp;osvien\u010dimskom koncentra\u010dnnom t\u00e1bore. Vojtech Jasn\u00fd cez vojnu p\u00f4sobil v&nbsp;odboji, bol britsk\u00fdm agentom a&nbsp;nesk\u00f4r patril k&nbsp;prv\u00fdm absolventom novozalo\u017eenej pra\u017eskej FAMU. <\/p>\n<p><center><div class=\"gca-utility vertical-spacer\"><\/div>\n<blockquote class=\"twitter-tweet\">\n<p lang=\"und\" dir=\"ltr\">Very sad news today! Great Czech director and script writer Vojt\u011bch Jasn\u00fd has died at the&nbsp;age of 93. RIP<a href=\"https:\/\/t.co\/SWt2n65R69\">https:\/\/t.co\/SWt2n65R69<\/a> <a href=\"https:\/\/t.co\/7SYdRMIvml\">pic.twitter.com\/7SYdRMIvml<\/a><\/p>\n<p>&mdash; Czech Centre London (@CzechCentreLnd) <a href=\"https:\/\/twitter.com\/CzechCentreLnd\/status\/1195682145555156992?ref_src=twsrc%5Etfw\">November 16, 2019<\/a><\/p><\/blockquote>\n<p> <script async src=\"https:\/\/platform.twitter.com\/widgets.js\" charset=\"utf-8\"><\/script><div class=\"gca-utility vertical-spacer\"><\/div><\/center><\/p>\n<p>Debutoval v&nbsp;roku 1954 filmom <em><strong>Dnes ve\u010der v\u0161echno skon\u010d\u00ed<\/strong> (1954)<\/em>, ktor\u00fd nakr\u00fatil s&nbsp;Karlom Kachy\u0148om. Nasledovali filmy <em><strong>Touha<\/strong> (1958)<\/em>, kom\u00e9dia <em><strong>Proces\u00ed k&nbsp;panence<\/strong> (1961)<\/em> a&nbsp;poetick\u00e9 podobenstvo <em><strong>A\u017e p\u0159ijde kocour<\/strong><\/em> z&nbsp;roku 1963, v&nbsp;ktorom hlavn\u00fa dvojrolu stv\u00e1rnil \u010desk\u00fd herec Jan Werich.<\/p>\n<p>V roku 1969 mu film <em>V\u0161ichni dob\u0159\u00ed rod\u00e1ci<\/em> priniesol na&nbsp;festivale v&nbsp;Cannes cenu za&nbsp;r\u00e9\u017eiu a&nbsp;pozvanie do&nbsp;poroty \u010fal\u0161ieho ro\u010dn\u00edka, ale aj perzek\u00faciu zo&nbsp;strany re\u017eimu. Preto aj emigroval do&nbsp;Z\u00e1padn\u00e9ho Nemecka a&nbsp;od&nbsp;polovice 80.&nbsp;rokov \u017eil v&nbsp;Spojen\u00fdch \u0161t\u00e1toch.<\/p>\n<p>V zahrani\u010d\u00ed nato\u010dil takmer 30 filmov, medzi nimi aj adapt\u00e1cie diel Heinricha B\u00f6lla, Pavla Kohouta a&nbsp;Jeleny Ma\u0161\u00ednovej. Vojt\u011bch Jasn\u00fd p\u00f4sobil na&nbsp;univerzit\u00e1ch vo&nbsp;Viedni, Salzburgu, Mn\u00edchove a&nbsp;na&nbsp;<a href=\"https:\/\/www.nyfa.edu\/\" rel=\"noopener noreferrer\" target=\"_blank\">New York Film Academy<\/a>, ktor\u00e1 spravuje aj jeho rozsiahlu s\u00fakromn\u00fa kni\u017enicu.<\/p>\n<p>V 90.&nbsp;rokoch nakr\u00fatil v&nbsp;\u010cesku dokument <em><strong>Pro\u010d Havel?<\/strong> (1991)<\/em>, a&nbsp;v&nbsp;roku 1999 svoj posledn\u00fd celove\u010dern\u00fd film <em><strong>N\u00e1vrat ztracen\u00e9ho r\u00e1je<\/strong><\/em>.<\/p>\n<p style=\"text-align: right;\"><small>&mdash;&nbsp;<a href=\"http:\/\/www.czechcentres.cz\/\" target=\"_blank\" rel=\"noopener noreferrer\">Czech Centres<\/a><\/small><\/p>\n<div class=\"gca-utility clearfix\"><\/div>\n<div class=\"gca-utility vertical-spacer\"><\/div>\n<p><center><span class=\"fullscreen\"><a href=\"\/\/www.martinus.sk\/?z=WLGC7F&#038;utm_source=z%3DWLGC7F&#038;utm_medium=banner1_468x60&#038;utm_campaign=partner\"><img decoding=\"async\" src=\"\/\/www.martinus.sk\/images\/banners\/468x60.jpg\" alt=\"www.martinus.sk\" \/><\/a><\/span><\/center><\/p>\n","protected":false},"excerpt":{"rendered":"<p>Vo veku 93 rokov zomrel filmov\u00fd re\u017eis\u00e9r a&nbsp;predstavite\u013e \u010deskoslovenskej novej vlny Vojt\u011bch Jasn\u00fd, ktor\u00fd nakr\u00fatil napr\u00edklad aj komunistick\u00fdm re\u017eimom zak\u00e1zan\u00fd film V\u0161ichni dob\u0159\u00ed rod\u00e1ci. Na&nbsp;festivale v&nbsp;Cannes za\u0148 z\u00edskal cenu za&nbsp;r\u00e9\u017eiu a&nbsp;pozvanie do&nbsp;poroty \u010fal\u0161ieho ro\u010dn\u00edka. S&nbsp;cenou ale pri\u0161la aj perzek\u00facia zo&nbsp;strany re\u017eimu. <a href=\"https:\/\/literarnenoviny.sk\/servis\/vo-veku-93-rokov-zomrel-cesky-filmovy-reziser-a-scenarista-vojtech-jasny\/\" class=\"more-link\">Cel\u00e1 spr\u00e1va <span class=\"meta-nav\">&rarr;<\/span><\/a><\/p>\n","protected":false},"author":2,"featured_media":0,"comment_status":"closed","ping_status":"closed","sticky":false,"template":"","format":"standard","meta":{"_links_to":"","_links_to_target":""},"categories":[1],"tags":[37,16,21,136,209],"_links":{"self":[{"href":"https:\/\/literarnenoviny.sk\/servis\/wp-json\/wp\/v2\/posts\/9416"}],"collection":[{"href":"https:\/\/literarnenoviny.sk\/servis\/wp-json\/wp\/v2\/posts"}],"about":[{"href":"https:\/\/literarnenoviny.sk\/servis\/wp-json\/wp\/v2\/types\/post"}],"author":[{"embeddable":true,"href":"https:\/\/literarnenoviny.sk\/servis\/wp-json\/wp\/v2\/users\/2"}],"replies":[{"embeddable":true,"href":"https:\/\/literarnenoviny.sk\/servis\/wp-json\/wp\/v2\/comments?post=9416"}],"version-history":[{"count":0,"href":"https:\/\/literarnenoviny.sk\/servis\/wp-json\/wp\/v2\/posts\/9416\/revisions"}],"wp:attachment":[{"href":"https:\/\/literarnenoviny.sk\/servis\/wp-json\/wp\/v2\/media?parent=9416"}],"wp:term":[{"taxonomy":"category","embeddable":true,"href":"https:\/\/literarnenoviny.sk\/servis\/wp-json\/wp\/v2\/categories?post=9416"},{"taxonomy":"post_tag","embeddable":true,"href":"https:\/\/literarnenoviny.sk\/servis\/wp-json\/wp\/v2\/tags?post=9416"}],"curies":[{"name":"wp","href":"https:\/\/api.w.org\/{rel}","templated":true}]}}