{"id":9390,"date":"2019-11-17T19:00:43","date_gmt":"2019-11-17T18:00:43","guid":{"rendered":"https:\/\/literarnenoviny.sk\/servis\/?p=9390"},"modified":"2019-11-19T01:56:42","modified_gmt":"2019-11-19T00:56:42","slug":"televizia-hbo-uvedie-17-novembra-v-premiere-cesku-spionaznu-miniseriu-bez-vedomia","status":"publish","type":"post","link":"https:\/\/literarnenoviny.sk\/servis\/televizia-hbo-uvedie-17-novembra-v-premiere-cesku-spionaznu-miniseriu-bez-vedomia\/","title":{"rendered":"Telev\u00edzia HBO uvedie 17.&nbsp;novembra \u010desk\u00fa \u0161pion\u00e1\u017enu minis\u00e9riu Bez vedomia"},"content":{"rendered":"<p><strong>Telev\u00edzia HBO uvedie 17.&nbsp;novembra v&nbsp;premi\u00e9re \u010desk\u00fd \u0161es\u0165dielny \u0161pion\u00e1\u017eny seri\u00e1l <em><a href=\"https:\/\/www.hbo.cz\/series\/bez-vedomi\" rel=\"noopener noreferrer\" target=\"_blank\">Bez vedomia<\/a><\/strong> (Bez v\u011bdom\u00ed, 2019)<\/em> nakr\u00faten\u00fd pod\u013ea scen\u00e1ristick\u00e9ho debutu Ond\u0159eja Gabriela. Minis\u00e9riu odohr\u00e1vaj\u00facu sa&nbsp;v&nbsp;totalitnom \u010ceskoslovensku kr\u00e1tko pred udalos\u0165ami v&nbsp;roku 1989 re\u017e\u00edroval <a href=\"https:\/\/cs.wikipedia.org\/wiki\/Ivan_Zachari\u00e1\u0161\" rel=\"noopener noreferrer\" target=\"_blank\">Ivan Zachari\u00e1\u0161<\/a> a&nbsp;za&nbsp;kamerou st\u00e1l Jan Velick\u00fd.<\/p>\n<p>V dramatickom pr\u00edbehu sa&nbsp;man\u017eelia Marie a&nbsp;Viktor po&nbsp;12 rokoch vracaj\u00fa domov z&nbsp;lond\u00fdnskeho exilu do&nbsp;komunistami ovl\u00e1danej krajiny a&nbsp;Viktor n\u00e1hle zmizne. <\/p>\n<p><center><div class=\"gca-utility vertical-spacer\"><\/div>\n<blockquote class=\"twitter-tweet\">\n<p lang=\"cs\" dir=\"ltr\">&quot;V\u017edycky za&nbsp;V\u00e1mi m\u016f\u017ee n\u011bkdo b\u00fdt&quot; &#8230;Jestli chce Marie naj\u00edt sv\u00e9ho man\u017eela, bude muset vstoupit do&nbsp;tajemn\u00e9ho p\u0159\u00ed\u0161e\u0159\u00ed zpravodajsk\u00fdch slu\u017eeb. Neviditeln\u00e9ho sv\u011bta, o&nbsp;kter\u00e9m nev\u00ed v\u016fbec nic, zat\u00edmco on o&nbsp;n\u00ed v\u00ed v\u0161echno&#8230; Ji\u017e 17.&nbsp;listopadu na&nbsp;HBO a&nbsp;HBO GO. <a href=\"https:\/\/t.co\/SyhPQEzIdT\">https:\/\/t.co\/SyhPQEzIdT<\/a> <a href=\"https:\/\/t.co\/gnTVSZrKLS\">pic.twitter.com\/gnTVSZrKLS<\/a><\/p>\n<p>&mdash; HBO CZSK (@HBO_CZSK) <a href=\"https:\/\/twitter.com\/HBO_CZSK\/status\/1186300610297126912?ref_src=twsrc%5Etfw\">October 21, 2019<\/a><\/p><\/blockquote>\n<p> <script async src=\"https:\/\/platform.twitter.com\/widgets.js\" charset=\"utf-8\"><\/script><div class=\"gca-utility vertical-spacer\"><\/div><\/center><\/p>\n<p>Aby ho Marie, ktor\u00e1 je&nbsp;profesion\u00e1lnou huslistkou, na\u0161la, mus\u00ed sama prenikn\u00fa\u0165 do&nbsp;sveta spravodajsk\u00fdch slu\u017eieb.<\/p>\n<p>Scen\u00e1rista Ond\u0159ej Gabriel uviedol, \u017ee&nbsp;sa&nbsp;cel\u00fd \u017eivot zauj\u00edma o&nbsp;hist\u00f3riu. <em>\u201eKto sa&nbsp;zauj\u00edma o&nbsp;hist\u00f3riu, zauj\u00edma sa&nbsp;aj o&nbsp;politiku a&nbsp;kto sa&nbsp;zauj\u00edma o&nbsp;politiku, nem\u00f4\u017ee sa&nbsp;vyhn\u00fa\u0165 tajn\u00fdm slu\u017eb\u00e1m, preto\u017ee pr\u00e1ve tajn\u00e9 slu\u017eby poskytuj\u00fa politikom podklady k&nbsp;rozhodovaniu a&nbsp;inform\u00e1cie, ku&nbsp;ktor\u00fdm sa&nbsp;inak nedostan\u00fa\u201c<\/em>.<\/p>\n<p>V hlavnej \u00falohe sa&nbsp;predstav\u00ed Slovenka <a href=\"https:\/\/sk.wikipedia.org\/wiki\/T\u00e1\u0148a_Pauhofov\u00e1\" rel=\"noopener noreferrer\" target=\"_blank\">T\u00e1\u0148a Pauhofov\u00e1<\/a>. Jej partnera si zahr\u00e1 \u010desk\u00fd herec Martin My\u0161i\u010dka.<\/p>\n<p>Prv\u00e9 \u010dasti s\u00e9rie Bez vedomia uviedli na&nbsp;medzin\u00e1rodn\u00fdch filmov\u00fdch festivaloch v&nbsp;Karlov\u00fdch Varoch a&nbsp;v&nbsp;Toronte, kde ju festivalov\u00ed div\u00e1ci prijali s&nbsp;ve\u013emi priazniv\u00fdm ohlasom. <\/p>\n<p>Na internetovej platforme <a href=\"https:\/\/hbogo.sk\/\" rel=\"noopener noreferrer\" target=\"_blank\">HBO Go <\/a>telev\u00edzia spr\u00edstupn\u00ed v\u0161etk\u00fdch \u0161es\u0165 epiz\u00f3d naraz.<\/p>\n<p style=\"text-align: right;\"><small>&mdash;&nbsp;<a href=\"https:\/\/www.hbo.cz\/series\/bez-vedomi\" target=\"_blank\" rel=\"noopener noreferrer\">HBO<\/a> a&nbsp;<a href=\"https:\/\/addmedia.link\" target=\"_blank\" rel=\"noopener noreferrer\">Addmedia<\/a><\/small><\/p>\n<div class=\"gca-utility clearfix\"><\/div>\n<div class=\"gca-utility vertical-spacer\"><\/div>\n<p><center><span class=\"fullscreen\"><a href=\"\/\/www.martinus.sk\/?z=WLGC7F&#038;utm_source=z%3DWLGC7F&#038;utm_medium=banner1_468x60&#038;utm_campaign=partner\"><img decoding=\"async\" src=\"\/\/www.martinus.sk\/images\/banners\/468x60_red.jpg\" alt=\"www.martinus.sk\" \/><\/a><\/span><\/center><\/p>\n","protected":false},"excerpt":{"rendered":"<p>Telev\u00edzia HBO uvedie 17.&nbsp;novembra v&nbsp;premi\u00e9re \u010desk\u00fd \u0161es\u0165dielny \u0161pion\u00e1\u017eny seri\u00e1l Bez vedomia nakr\u00faten\u00fd pod\u013ea scen\u00e1ristick\u00e9ho debutu Ond\u0159eja Gabriela. Minis\u00e9riu odohr\u00e1vaj\u00facu sa&nbsp;v&nbsp;totalitnom \u010ceskoslovensku kr\u00e1tko pred udalos\u0165ami v&nbsp;roku 1989 re\u017e\u00edroval Ivan Zachari\u00e1\u0161 a&nbsp;za&nbsp;kamerou st\u00e1l Jan Velick\u00fd. <a href=\"https:\/\/literarnenoviny.sk\/servis\/televizia-hbo-uvedie-17-novembra-v-premiere-cesku-spionaznu-miniseriu-bez-vedomia\/\" class=\"more-link\">Cel\u00e1 spr\u00e1va <span class=\"meta-nav\">&rarr;<\/span><\/a><\/p>\n","protected":false},"author":2,"featured_media":0,"comment_status":"closed","ping_status":"closed","sticky":false,"template":"","format":"standard","meta":{"_links_to":"","_links_to_target":""},"categories":[1],"tags":[159,105,35],"_links":{"self":[{"href":"https:\/\/literarnenoviny.sk\/servis\/wp-json\/wp\/v2\/posts\/9390"}],"collection":[{"href":"https:\/\/literarnenoviny.sk\/servis\/wp-json\/wp\/v2\/posts"}],"about":[{"href":"https:\/\/literarnenoviny.sk\/servis\/wp-json\/wp\/v2\/types\/post"}],"author":[{"embeddable":true,"href":"https:\/\/literarnenoviny.sk\/servis\/wp-json\/wp\/v2\/users\/2"}],"replies":[{"embeddable":true,"href":"https:\/\/literarnenoviny.sk\/servis\/wp-json\/wp\/v2\/comments?post=9390"}],"version-history":[{"count":0,"href":"https:\/\/literarnenoviny.sk\/servis\/wp-json\/wp\/v2\/posts\/9390\/revisions"}],"wp:attachment":[{"href":"https:\/\/literarnenoviny.sk\/servis\/wp-json\/wp\/v2\/media?parent=9390"}],"wp:term":[{"taxonomy":"category","embeddable":true,"href":"https:\/\/literarnenoviny.sk\/servis\/wp-json\/wp\/v2\/categories?post=9390"},{"taxonomy":"post_tag","embeddable":true,"href":"https:\/\/literarnenoviny.sk\/servis\/wp-json\/wp\/v2\/tags?post=9390"}],"curies":[{"name":"wp","href":"https:\/\/api.w.org\/{rel}","templated":true}]}}