{"id":9327,"date":"2019-11-12T19:10:35","date_gmt":"2019-11-12T18:10:35","guid":{"rendered":"https:\/\/literarnenoviny.sk\/servis\/?p=9327"},"modified":"2020-02-04T23:51:12","modified_gmt":"2020-02-04T22:51:12","slug":"na-pulty-knihkupectiev-prichadza-kniha-novinarskych-rozhovorov-30-rokov-po","status":"publish","type":"post","link":"https:\/\/literarnenoviny.sk\/servis\/na-pulty-knihkupectiev-prichadza-kniha-novinarskych-rozhovorov-30-rokov-po\/","title":{"rendered":"Na pulty kn\u00edhkupectiev prich\u00e1dza kniha novin\u00e1rskych rozhovorov 30 rokov po"},"content":{"rendered":"<p><strong>Na pulty slovensk\u00fdch kn\u00edhkupectiev prich\u00e1dza kniha novin\u00e1rov R\u00f3berta Kotiana a&nbsp;Ivana \u0160tulajtera <em><a href=\"https:\/\/www.martinus.sk\/?uItem=642975&#038;z=WLGC7F&#038;utm_source=z%3DWLGC7F&#038;utm_medium=url&#038;utm_campaign=partner\" rel=\"noopener noreferrer\" target=\"_blank\">30 rokov po:<\/strong> Slovensko 1989 \u2013 2019<\/a><\/em>, ktor\u00e1 v&nbsp;rozhovoroch so&nbsp;zauj\u00edmav\u00fdmi osobnos\u0165ami \u010ditate\u013eom sprostredkuje k\u013e\u00fa\u010dov\u00e9 momenty uplynul\u00fdch troch desa\u0165ro\u010d\u00ed. Titul vych\u00e1dza v&nbsp;ed\u00edcii <em>Pam\u00e4\u0165<\/em> \u017eilinsk\u00e9ho vydavate\u013estva <a href=\"http:\/\/artisomnis.sk\/\" rel=\"noopener noreferrer\" target=\"_blank\">Artis Omnis<\/a>.<\/p>\n<p>Autentick\u00e9 svedectv\u00e1 respondentov s\u00fa doplnen\u00e9 koment\u00e1rmi oboch autorov, preh\u013eadom a&nbsp;fotografiami najd\u00f4le\u017eitej\u0161\u00edch udalost\u00ed.  <a href=\"https:\/\/sk.wikipedia.org\/wiki\/R\u00f3bert_Kotian\" rel=\"noopener noreferrer\" target=\"_blank\">R\u00f3bert Kotian<\/a> a&nbsp;Ivan \u0160tulajter sa&nbsp;na&nbsp;autentick\u00e9 svedectv\u00e1 a&nbsp;udalosti d\u00edvaj\u00fa s&nbsp;odstupom \u010dasu a&nbsp;zhodnotia ich presah do&nbsp;s\u00fa\u010dasnosti.<\/p>\n<p><center><div class=\"gca-utility vertical-spacer\"><\/div><iframe loading=\"lazy\" src=\"https:\/\/www.facebook.com\/plugins\/post.php?href=https%3A%2F%2Fwww.facebook.com%2Fartisomnis%2Fposts%2F10156581668156517&#038;width=500\" width=\"500\" height=\"396\" style=\"border:none;overflow:hidden\" scrolling=\"no\" frameborder=\"0\" allowTransparency=\"true\" allow=\"encrypted-media\"><\/iframe><div class=\"gca-utility vertical-spacer\"><\/div><\/center><\/p>\n<p>Najnov\u0161\u00ed kni\u017en\u00fd pr\u00edspevok k&nbsp;30.&nbsp;v\u00fdro\u010diu p\u00e1du \u017deleznej opony a&nbsp;kolapsu totalitn\u00e9ho komunistick\u00e9ho syst\u00e9mu v&nbsp;b\u00fdvalom \u010ceskoslovensku s\u013eubuje komplexn\u00fd poh\u013ead na&nbsp;spolo\u010dnos\u0165, jej v\u00fdvoj a&nbsp;smerovanie od&nbsp;zmeny re\u017eimu a&nbsp;k&nbsp;reflexii s\u00fa\u010dasn\u00e9ho stavu, v&nbsp;akom sa&nbsp;Slovensko nach\u00e1dza.<\/p>\n<p>V non-fiction ed\u00edcii <em>Pam\u00e4\u0165<\/em> predstavilo Artis Omnis minul\u00fd rok Kotianovu knihu <em><strong><a href=\"https:\/\/www.martinus.sk\/?uItem=436141&#038;z=WLGC7F&#038;utm_source=z%3DWLGC7F&#038;utm_medium=url&#038;utm_campaign=partner\" rel=\"noopener noreferrer\" target=\"_blank\">Ako sa&nbsp;delil \u0161t\u00e1t<\/a><\/strong> (2018)<\/em> a&nbsp;<em><strong><a href=\"https:\/\/www.martinus.sk\/?uItem=451193&#038;z=WLGC7F&#038;utm_source=z%3DWLGC7F&#038;utm_medium=url&#038;utm_campaign=partner\" rel=\"noopener noreferrer\" target=\"_blank\">Ako sme si nasadili \u010derven\u00e9 nosy a&nbsp;vyhnali Me\u010diara<\/a><\/strong> (2018)<\/em> od&nbsp;Ivana \u0160imka. <\/p>\n<p>Bud\u00faci t\u00fd\u017ede\u0148 v&nbsp;ed\u00edcii vyjd\u00fa aj <em><strong><a href=\"https:\/\/www.martinus.sk\/?uItem=642993&#038;z=WLGC7F&#038;utm_source=z%3DWLGC7F&#038;utm_medium=url&#038;utm_campaign=partner\" rel=\"noopener noreferrer\" target=\"_blank\">Lovci \u0161arlat\u00e1nov<\/strong> &#8211; pr\u00edru\u010dka zdrav\u00e9ho rozumu<\/a><\/em>.<\/p>\n<p style=\"text-align: right;\"><small>&mdash;&nbsp;<a href=\"http:\/\/artisomnis.sk\/30-rokov-slovensko-1989-2019\/\" target=\"_blank\" rel=\"noopener noreferrer\">Artis Omnis<\/a><\/small><\/p>\n<div class=\"gca-utility clearfix\"><\/div>\n<div class=\"gca-utility vertical-spacer\"><\/div>\n<p><center><span class=\"fullscreen\"><script type=\"text\/javascript\" src=\"\/\/partner.mrtns.eu\/banners\/banner.js?type=banner&#038;brand_id=1&#038;uItem=642975&#038;size=full&#038;show_price=0&#038;color=orange&#038;z=WLGC7F\"><\/script><\/span><\/center><\/p>\n","protected":false},"excerpt":{"rendered":"<p>Na pulty slovensk\u00fdch kn\u00edhkupectiev prich\u00e1dza kniha novin\u00e1rov R\u00f3berta Kotiana a&nbsp;Ivana \u0160tulajtera 30 rokov po: Slovensko 1989 \u2013 2019, ktor\u00e1 v&nbsp;rozhovoroch so&nbsp;zauj\u00edmav\u00fdmi osobnos\u0165ami \u010ditate\u013eom sprostredkuje k\u013e\u00fa\u010dov\u00e9 momenty uplynul\u00fdch troch desa\u0165ro\u010d\u00ed. Titul vych\u00e1dza v&nbsp;ed\u00edcii Pam\u00e4\u0165 \u017eilinsk\u00e9ho vydavate\u013estva Artis Omnis. <a href=\"https:\/\/literarnenoviny.sk\/servis\/na-pulty-knihkupectiev-prichadza-kniha-novinarskych-rozhovorov-30-rokov-po\/\" class=\"more-link\">Cel\u00e1 spr\u00e1va <span class=\"meta-nav\">&rarr;<\/span><\/a><\/p>\n","protected":false},"author":2,"featured_media":0,"comment_status":"closed","ping_status":"closed","sticky":false,"template":"","format":"standard","meta":{"_links_to":"","_links_to_target":""},"categories":[1],"tags":[5,14,27],"_links":{"self":[{"href":"https:\/\/literarnenoviny.sk\/servis\/wp-json\/wp\/v2\/posts\/9327"}],"collection":[{"href":"https:\/\/literarnenoviny.sk\/servis\/wp-json\/wp\/v2\/posts"}],"about":[{"href":"https:\/\/literarnenoviny.sk\/servis\/wp-json\/wp\/v2\/types\/post"}],"author":[{"embeddable":true,"href":"https:\/\/literarnenoviny.sk\/servis\/wp-json\/wp\/v2\/users\/2"}],"replies":[{"embeddable":true,"href":"https:\/\/literarnenoviny.sk\/servis\/wp-json\/wp\/v2\/comments?post=9327"}],"version-history":[{"count":0,"href":"https:\/\/literarnenoviny.sk\/servis\/wp-json\/wp\/v2\/posts\/9327\/revisions"}],"wp:attachment":[{"href":"https:\/\/literarnenoviny.sk\/servis\/wp-json\/wp\/v2\/media?parent=9327"}],"wp:term":[{"taxonomy":"category","embeddable":true,"href":"https:\/\/literarnenoviny.sk\/servis\/wp-json\/wp\/v2\/categories?post=9327"},{"taxonomy":"post_tag","embeddable":true,"href":"https:\/\/literarnenoviny.sk\/servis\/wp-json\/wp\/v2\/tags?post=9327"}],"curies":[{"name":"wp","href":"https:\/\/api.w.org\/{rel}","templated":true}]}}