{"id":9311,"date":"2019-11-11T14:35:44","date_gmt":"2019-11-11T13:35:44","guid":{"rendered":"https:\/\/literarnenoviny.sk\/servis\/?p=9311"},"modified":"2019-11-12T23:30:36","modified_gmt":"2019-11-12T22:30:36","slug":"novy-roman-eleny-ferrante-klamarsky-zivot-dospelych-vyjde-aj-v-slovenskom-preklade","status":"publish","type":"post","link":"https:\/\/literarnenoviny.sk\/servis\/novy-roman-eleny-ferrante-klamarsky-zivot-dospelych-vyjde-aj-v-slovenskom-preklade\/","title":{"rendered":"Nov\u00fd rom\u00e1n Eleny Ferrante Klam\u00e1rsky \u017eivot dospel\u00fdch vyjde aj v&nbsp;slovenskom preklade"},"content":{"rendered":"<p><strong>Nov\u00fd rom\u00e1n talianskej autorky p\u00ed\u0161ucej pod pseudonymom Elena Ferrante  <em><a href=\"https:\/\/www.amazon.it\/vita-bugiarda-degli-adulti-ebook\/dp\/B07YVGB6T2\/\" rel=\"noopener noreferrer\" target=\"_blank\">La Vita Bugiarda Degli Adulti<\/a><\/strong> (Klam\u00e1rsky \u017eivot dospel\u00fdch)<\/em>, ktor\u00fd uviedlo pred p\u00e1r d\u0148ami jej domovsk\u00e9 vydavate\u013estvo Edizione E\/O, <strong>vyjde na&nbsp;bud\u00faci rok 9.&nbsp;j\u00fana aj <a href=\"http:\/\/inaque.sk\/elena-ferrante-sa-vratila-napisala-novy-roman-v-slovencine-vyjde-9-juna-2020\/\" rel=\"noopener noreferrer\" target=\"_blank\">v slovenskom preklade<\/a><\/strong>.  <\/p>\n<p>Do sloven\u010diny ho prelo\u017e\u00ed Ivana Dobrakovov\u00e1, ktor\u00e1 prekladala aj v\u0161etky diely autorkinej Neapolskej s\u00e1gy a&nbsp;pripravuje ju taktie\u017e vydavate\u013estvo <a href=\"http:\/\/inaque.sk\/elena-ferrante-sa-vratila-napisala-novy-roman-v-slovencine-vyjde-9-juna-2020\/\" rel=\"noopener noreferrer\" target=\"_blank\">Inaque<\/a>.<\/p>\n<p><center><div class=\"gca-utility vertical-spacer\"><\/div>\n<blockquote class=\"twitter-tweet\">\n<p lang=\"it\" dir=\"ltr\">Fuoco alle polveri! <br \/>\u00c8 tempo de&nbsp;\u201cLa vita bugiarda degli adulti\u201d!<a href=\"https:\/\/twitter.com\/EdizioniEO?ref_src=twsrc%5Etfw\">@EdizioniEO<\/a>\u2728 <a href=\"https:\/\/t.co\/GXQR1UiDM5\">pic.twitter.com\/GXQR1UiDM5<\/a><\/p>\n<p>&mdash; Salone Libro Torino (@SalonedelLibro) <a href=\"https:\/\/twitter.com\/SalonedelLibro\/status\/1192203779388641281?ref_src=twsrc%5Etfw\">November 6, 2019<\/a><\/p><\/blockquote>\n<p> <script async src=\"https:\/\/platform.twitter.com\/widgets.js\" charset=\"utf-8\"><\/script><div class=\"gca-utility vertical-spacer\"><\/div><\/center><\/p>\n<p>Dej nov\u00e9ho titulu, ktor\u00fd vych\u00e1dza po&nbsp;piatich rokoch od&nbsp;vydania posledn\u00e9ho dielu jej <em><a href=\"https:\/\/www.martinus.sk\/?uItem=279293&#038;z=WLGC7F&#038;utm_source=z%3DWLGC7F&#038;utm_medium=url&#038;utm_campaign=partner\" rel=\"noopener noreferrer\" target=\"_blank\">Neapolskej s\u00e1gy<\/a><\/em> s&nbsp;n\u00e1zvom <em><strong><a href=\"https:\/\/www.martinus.sk\/?uItem=238103&#038;z=WLGC7F&#038;utm_source=z%3DWLGC7F&#038;utm_medium=url&#038;utm_campaign=partner\" rel=\"noopener noreferrer\" target=\"_blank\">Pr\u00edbeh stratenej dc\u00e9ry<\/a><\/strong> (Storia della bambina perduta, 2014)<\/em>, sa&nbsp;odohr\u00e1va op\u00e4\u0165 v&nbsp;rovnakom meste, tentokr\u00e1t kr\u00e1tko po&nbsp;skon\u010den\u00ed druhej svetovej vojny a&nbsp;bude podobne ako  jej predch\u00e1dzaj\u00face tituly taktie\u017e o&nbsp;detstve a&nbsp;priate\u013estve.<\/p>\n<p>Autorkina kni\u017en\u00e1 s\u00e9ria o&nbsp;dvoch diev\u010dat\u00e1ch, ktor\u00e9 spolu vyrastali v&nbsp;chudobnej neapolskej \u0161tvrti, patr\u00ed v&nbsp;s\u00fa\u010dasnosti medzi najpred\u00e1vanej\u0161ie rom\u00e1ny.<\/p>\n<p style=\"text-align: right;\"><small>&mdash;&nbsp;<a href=\"http:\/\/inaque.sk\/elena-ferrante-sa-vratila-napisala-novy-roman-v-slovencine-vyjde-9-juna-2020\/\" target=\"_blank\" rel=\"noopener noreferrer\">Inaque<\/a><\/small><\/p>\n<div class=\"gca-utility clearfix\"><\/div>\n<div class=\"gca-utility vertical-spacer\"><\/div>\n<p><center><span class=\"fullscreen\"><script type=\"text\/javascript\" src=\"\/\/partner.mrtns.eu\/banners\/banner.js?type=banner&#038;brand_id=1&#038;uItem=209569&#038;size=full&#038;show_price=0&#038;color=green&#038;z=WLGC7F\"><\/script><\/span><\/center><\/p>\n","protected":false},"excerpt":{"rendered":"<p>Nov\u00fd rom\u00e1n zn\u00e1mej talianskej autorky p\u00ed\u0161ucej pod pseudonymom Elena Ferrante La Vita Bugiarda Degli Adulti, ktor\u00fd uviedlo pred nieko\u013ek\u00fdmi d\u0148ami jej domovsk\u00e9 vydavate\u013estvo Edizione E\/O, vyjde na&nbsp;bud\u00faci rok 9.&nbsp;j\u00fana aj v&nbsp;slovenskom preklade Ivany Dobrakovovej.  <a href=\"https:\/\/literarnenoviny.sk\/servis\/novy-roman-eleny-ferrante-klamarsky-zivot-dospelych-vyjde-aj-v-slovenskom-preklade\/\" class=\"more-link\">Cel\u00e1 spr\u00e1va <span class=\"meta-nav\">&rarr;<\/span><\/a><\/p>\n","protected":false},"author":2,"featured_media":0,"comment_status":"closed","ping_status":"closed","sticky":false,"template":"","format":"standard","meta":{"_links_to":"","_links_to_target":""},"categories":[1],"tags":[14,48],"_links":{"self":[{"href":"https:\/\/literarnenoviny.sk\/servis\/wp-json\/wp\/v2\/posts\/9311"}],"collection":[{"href":"https:\/\/literarnenoviny.sk\/servis\/wp-json\/wp\/v2\/posts"}],"about":[{"href":"https:\/\/literarnenoviny.sk\/servis\/wp-json\/wp\/v2\/types\/post"}],"author":[{"embeddable":true,"href":"https:\/\/literarnenoviny.sk\/servis\/wp-json\/wp\/v2\/users\/2"}],"replies":[{"embeddable":true,"href":"https:\/\/literarnenoviny.sk\/servis\/wp-json\/wp\/v2\/comments?post=9311"}],"version-history":[{"count":0,"href":"https:\/\/literarnenoviny.sk\/servis\/wp-json\/wp\/v2\/posts\/9311\/revisions"}],"wp:attachment":[{"href":"https:\/\/literarnenoviny.sk\/servis\/wp-json\/wp\/v2\/media?parent=9311"}],"wp:term":[{"taxonomy":"category","embeddable":true,"href":"https:\/\/literarnenoviny.sk\/servis\/wp-json\/wp\/v2\/categories?post=9311"},{"taxonomy":"post_tag","embeddable":true,"href":"https:\/\/literarnenoviny.sk\/servis\/wp-json\/wp\/v2\/tags?post=9311"}],"curies":[{"name":"wp","href":"https:\/\/api.w.org\/{rel}","templated":true}]}}