{"id":9268,"date":"2019-11-09T08:10:47","date_gmt":"2019-11-09T07:10:47","guid":{"rendered":"https:\/\/literarnenoviny.sk\/servis\/?p=9268"},"modified":"2019-11-12T23:11:35","modified_gmt":"2019-11-12T22:11:35","slug":"rusky-herec-oleg-mensikov-stvarni-alexandra-dubceka-v-novom-dvojdielnom-filme","status":"publish","type":"post","link":"https:\/\/literarnenoviny.sk\/servis\/rusky-herec-oleg-mensikov-stvarni-alexandra-dubceka-v-novom-dvojdielnom-filme\/","title":{"rendered":"Rusk\u00fd herec Oleg Me\u0148\u0161ikov stv\u00e1rni Alexandra Dub\u010deka v&nbsp;novom dvojdielnom filme"},"content":{"rendered":"<p>V pripravovanom dvojdielnom filme chorv\u00e1tskeho re\u017eis\u00e9ra Lordana Zafranovi\u0107a <strong>stv\u00e1rni hlavn\u00fa postavu Pra\u017eskej jari 1968 <a href=\"https:\/\/sk.wikipedia.org\/wiki\/Alexander_Dub\u010dek\" rel=\"noopener noreferrer\" target=\"_blank\">Alexandra Dub\u010deka<\/a> zn\u00e1my rusk\u00fd herec <a href=\"https:\/\/cs.wikipedia.org\/wiki\/Oleg_Jevge\u0148jevi\u010d_Me\u0148\u0161ikov\" rel=\"noopener noreferrer\" target=\"_blank\">Oleg Me\u0148\u0161ikov<\/a><\/strong>. Informoval o&nbsp;tom slovensk\u00fd producent Andrej Antonio Leca.<\/p>\n<p>Me\u0148\u0161ikov patr\u00ed v&nbsp;s\u00fa\u010dasnosti v&nbsp;Rusku k&nbsp;najobsadzovanej\u0161\u00edm hercom. Zahral si napr\u00edklad v&nbsp;oce\u0148ovan\u00fdch filmoch re\u017eis\u00e9ra <a href=\"https:\/\/sk.wikipedia.org\/wiki\/Nikita_Sergejevi\u010d_Michalkov\" rel=\"noopener noreferrer\" target=\"_blank\">Nikitu Michalkova<\/a> <em><strong>Unaven\u00ed slnkom<\/strong> (\u0423\u0442\u043e\u043c\u043b\u0451\u043d\u043d\u044b\u0435 \u0441\u043e\u043b\u043d\u0446\u0435\u043c, 1994)<\/em>, a&nbsp;<em><strong>Sib\u00edrsky barbi\u00e9r<\/strong> (\u0421\u0438\u0431\u0438\u0440\u0441\u043a\u0438\u0439 \u0446\u0438\u0440\u044e\u043b\u044c\u043d\u0438\u043a, 1998)<\/em>. <\/p>\n<p><center><div class=\"gca-utility vertical-spacer\"><\/div><img decoding=\"async\" src=\"https:\/\/literarnenoviny.sk\/servis\/wp-content\/uploads\/news\/2019\/11\/09_08-10_560x310.jpg\" alt=\"Human Face\"><div class=\"gca-utility vertical-spacer\"><\/div><\/center><\/p>\n<p>Pod\u013ea scen\u00e1ra slovensk\u00e9ho autora Karola Hl\u00e1vku by mal filmy nakr\u00fati\u0165 predstavite\u013e <em>\u201e\u010diernej vlny\u201c<\/em> juhoslovansk\u00e9ho filmu <a href=\"https:\/\/cs.wikipedia.org\/wiki\/Lordan_Zafranovi\u0107\" rel=\"noopener noreferrer\" target=\"_blank\">Lordan Zafranovi\u0107<\/a>, zn\u00e1my predov\u0161etk\u00fdm svojou tril\u00f3giou <em><strong>Okup\u00e1cia v&nbsp;26 obrazoch<\/strong> (Okupacija u&nbsp;26 slika, 1978)<\/em>, <em><strong>P\u00e1d Talianska<\/strong> (Pad Italije, 1981)<\/em> a&nbsp;<em><strong>Ve\u010dern\u00e9 zvony<\/strong> (Ve\u010dernja zvona, 1988)<\/em>. <\/p>\n<p>Obe sn\u00edmky bud\u00fa mapova\u0165 \u017eivot Alexandra Dub\u010deka, jeho rodiny, ale aj udalosti v&nbsp;\u0161irokom geopolitickom kontexte 20.&nbsp;storo\u010dia. <\/p>\n<p>Prv\u00fd film <em><strong>Dub\u010dek \u2013 Sloboda alebo smr\u0165<\/strong><\/em> zachyt\u00e1va obdobie rokov 1918 a\u017e 1956, za\u010dne sa&nbsp;v&nbsp;Chicagu a&nbsp; skon\u010d\u00ed v&nbsp;Moskve. Druh\u00fd s&nbsp;n\u00e1zvom <em><strong>Dub\u010dek \u2013 \u013dudsk\u00e1 tv\u00e1r<\/strong><\/em> prevedie div\u00e1kov udalos\u0165ami Pra\u017eskej jari, normaliza\u010dn\u00fdm obdob\u00edm a&nbsp;skon\u010d\u00ed v&nbsp;roku 1992 tragickou smr\u0165ou Alexandra Dub\u010deka.<\/p>\n<p>Pod\u013ea u\u017e&nbsp;d\u00e1vnej\u0161ie zverejnen\u00fdch inform\u00e1ci\u00ed stv\u00e1rni sovietskeho vodcu Leonida Bre\u017eneva franc\u00fazsky herec <a href=\"https:\/\/sk.wikipedia.org\/wiki\/G\u00e9rard_Depardieu\" rel=\"noopener noreferrer\" target=\"_blank\">G\u00e9rard Depardieu<\/a>. \u00dalohy umeleck\u00e9ho garanta projektu sa&nbsp;zhostil nemenej zn\u00e1my po\u013esk\u00fd re\u017eis\u00e9r <a href=\"https:\/\/cs.wikipedia.org\/wiki\/Krzysztof_Zanussi\" rel=\"noopener noreferrer\" target=\"_blank\">Krzysztof Zanussi<\/a>. <\/p>\n<p>Premi\u00e9ra oboch pripravovan\u00fdch filmov je&nbsp;napl\u00e1novan\u00e1 na&nbsp;jar v&nbsp;roku 2021.<\/p>\n<p style=\"text-align: right;\"><small>&mdash;&nbsp;<a href=\"www.humanface.eu\" target=\"_blank\" rel=\"noopener noreferrer\">Humanface.eu<\/a> \/ <!a href=\"http:\/\/lecaproduction.com\/\" target=\"_blank\">Leca Production<\/a><\/small><\/p>\n<div class=\"gca-utility clearfix\"><\/div>\n<div class=\"gca-utility vertical-spacer\"><\/div>\n<p><center><span class=\"fullscreen\"><a href=\"\/\/www.martinus.sk\/?z=WLGC7F&#038;utm_source=z%3DWLGC7F&#038;utm_medium=banner1_468x60&#038;utm_campaign=partner\"><img decoding=\"async\" src=\"\/\/www.martinus.sk\/images\/banners\/468x60.jpg\" alt=\"www.martinus.sk\" \/><\/a><\/span><\/center><\/p>\n","protected":false},"excerpt":{"rendered":"<p>Zn\u00e1my rusk\u00fd herec Oleg Me\u0148\u0161ikov stv\u00e1rni v&nbsp;pripravovanom dvojdielnom filmovom projekte Alexandra Dub\u010deka, prv\u00e9ho tajomn\u00edka \u00daV KS\u010c a&nbsp;l\u00eddra Pra\u017eskej jari z&nbsp;roku 1968. Me\u0148\u0161ikov patr\u00ed v&nbsp;Rusku k&nbsp;najobsadzovanej\u0161\u00edm hercom. Hlavn\u00e9 postavy si zahral napr\u00edklad v&nbsp;oce\u0148ovan\u00fdch filmoch re\u017eis\u00e9ra Nikitu Michalkova Unaven\u00ed slnkom a&nbsp;Sib\u00edrsky barbi\u00e9r. Filmy by mal nakr\u00fati\u0165 chorv\u00e1tsky re\u017eis\u00e9r Lordan Zafranovi\u0107. <a href=\"https:\/\/literarnenoviny.sk\/servis\/rusky-herec-oleg-mensikov-stvarni-alexandra-dubceka-v-novom-dvojdielnom-filme\/\" class=\"more-link\">Cel\u00e1 spr\u00e1va <span class=\"meta-nav\">&rarr;<\/span><\/a><\/p>\n","protected":false},"author":2,"featured_media":0,"comment_status":"closed","ping_status":"closed","sticky":false,"template":"","format":"standard","meta":{"_links_to":"","_links_to_target":""},"categories":[1],"tags":[16,5],"_links":{"self":[{"href":"https:\/\/literarnenoviny.sk\/servis\/wp-json\/wp\/v2\/posts\/9268"}],"collection":[{"href":"https:\/\/literarnenoviny.sk\/servis\/wp-json\/wp\/v2\/posts"}],"about":[{"href":"https:\/\/literarnenoviny.sk\/servis\/wp-json\/wp\/v2\/types\/post"}],"author":[{"embeddable":true,"href":"https:\/\/literarnenoviny.sk\/servis\/wp-json\/wp\/v2\/users\/2"}],"replies":[{"embeddable":true,"href":"https:\/\/literarnenoviny.sk\/servis\/wp-json\/wp\/v2\/comments?post=9268"}],"version-history":[{"count":0,"href":"https:\/\/literarnenoviny.sk\/servis\/wp-json\/wp\/v2\/posts\/9268\/revisions"}],"wp:attachment":[{"href":"https:\/\/literarnenoviny.sk\/servis\/wp-json\/wp\/v2\/media?parent=9268"}],"wp:term":[{"taxonomy":"category","embeddable":true,"href":"https:\/\/literarnenoviny.sk\/servis\/wp-json\/wp\/v2\/categories?post=9268"},{"taxonomy":"post_tag","embeddable":true,"href":"https:\/\/literarnenoviny.sk\/servis\/wp-json\/wp\/v2\/tags?post=9268"}],"curies":[{"name":"wp","href":"https:\/\/api.w.org\/{rel}","templated":true}]}}