{"id":9257,"date":"2019-11-07T20:00:50","date_gmt":"2019-11-07T19:00:50","guid":{"rendered":"https:\/\/literarnenoviny.sk\/servis\/?p=9257"},"modified":"2019-11-12T23:02:24","modified_gmt":"2019-11-12T22:02:24","slug":"v-kine-lumiere-v-premiere-uviedli-dokumentarny-film-osameli-bezci-ideme-dalej","status":"publish","type":"post","link":"https:\/\/literarnenoviny.sk\/servis\/v-kine-lumiere-v-premiere-uviedli-dokumentarny-film-osameli-bezci-ideme-dalej\/","title":{"rendered":"Dokument\u00e1rny film Osamel\u00ed be\u017eci: Ideme \u010falej! mal premi\u00e9ru v&nbsp;Kine Lumi\u00e8re"},"content":{"rendered":"<p><strong>V bratislavskom Kine Lumi\u00e8re uviedli v&nbsp;distribu\u010dnej premi\u00e9re dokument\u00e1rny film <em>Osamel\u00ed be\u017eci: Ideme \u010falej!<\/strong> (2019)<\/em> re\u017eis\u00e9ra Martina Repku. Na&nbsp;sl\u00e1vnostnej projekcii sa&nbsp;z\u00fa\u010dastnili jeho tvorcovia, aj dvaja hlavn\u00ed protagonisti.<\/p>\n<p>Film je&nbsp;pr\u00edbehom b\u00e1snickej skupiny <a href=\"https:\/\/sk.wikipedia.org\/wiki\/Osamel\u00ed_be\u017eci\" rel=\"noopener noreferrer\" target=\"_blank\">Osamel\u00ed be\u017eci<\/a>, ktor\u00e1 vznikla v&nbsp;roku 1963 a&nbsp;existuje dodnes. <\/p>\n<p><center><div class=\"gca-utility vertical-spacer\"><\/div><iframe loading=\"lazy\" width=\"560\" height=\"315\" src=\"https:\/\/www.youtube.com\/embed\/wjc8r2oi0rc?start=18\" frameborder=\"0\" allow=\"accelerometer; autoplay; encrypted-media; gyroscope; picture-in-picture\" allowfullscreen><\/iframe><div class=\"gca-utility vertical-spacer\"><\/div><\/center><\/p>\n<p>Je to v\u0161ak predov\u0161etk\u00fdm film o&nbsp;ve\u013ekom priate\u013estve medzi jej \u010dlenmi &#8211; Ivanom Lau\u010d\u00edkom, Petrom Repkom a&nbsp;Ivanom \u0160trpkom. Ich tvorba pritom bola a&nbsp;st\u00e1le je&nbsp;jednou z&nbsp;najz\u00e1sadnej\u0161\u00edch v&nbsp;kontexte modernej slovenskej po\u00e9zie.<\/p>\n<p>Re\u017eis\u00e9r Martin Repka je&nbsp;synom Petra Repku a&nbsp;o&nbsp;dokument\u00e1rnom spracovan\u00ed Osamel\u00fdch be\u017ecov rozm\u00fd\u0161\u013eal u\u017e&nbsp;dlh\u0161ie. <em>\u201eMal som t\u00fa mo\u017enos\u0165 za\u017ei\u0165 ich odmali\u010dka a&nbsp;za\u017ei\u0165 aj to ich priate\u013estvo, ktor\u00e9 ma v\u017edy fascinovalo a&nbsp;in\u0161pirovalo, aj som im ho tro\u0161ku z\u00e1videl&#8230;,\u201c<\/em> priznal re\u017eis\u00e9r po&nbsp;projekcii filmu.<\/p>\n<p>Film mal n\u00e1rodn\u00fa festivalov\u00fa premi\u00e9ru v&nbsp;j\u00fani tohto roka na&nbsp;Art Film Feste v&nbsp;Ko\u0161iciach, za\u010diatkom okt\u00f3bra ho uviedli aj na&nbsp;Var\u0161avskom filmovom festivale. <\/p>\n<p style=\"text-align: right;\"><small>&mdash;&nbsp;<a href=\"https:\/\/addmedia.link\/\" target=\"_blank\" rel=\"noopener noreferrer\">Addmedia<\/a> a&nbsp;<a href=\"https:\/\/asfk.sk\/film\/osameli-bezci-ideme-dalej\/\" target=\"_blank\" rel=\"noopener noreferrer\">ASFK<\/a><\/small><\/p>\n<div class=\"gca-utility clearfix\"><\/div>\n<div class=\"gca-utility vertical-spacer\"><\/div>\n<p><center><span class=\"fullscreen\"><script type=\"text\/javascript\" src=\"\/\/partner.mrtns.eu\/banners\/banner.js?type=banner&#038;brand_id=1&#038;uItem=189405&#038;size=full&#038;show_price=0&#038;color=orange&#038;z=WLGC7F\"><\/script><\/span><\/center><\/p>\n","protected":false},"excerpt":{"rendered":"<p>V bratislavskom Kine Lumi\u00e8re uviedli v&nbsp;distribu\u010dnej premi\u00e9re dokument\u00e1rny film Osamel\u00ed be\u017eci: Ideme \u010falej! re\u017eis\u00e9ra Martina Repku. Na&nbsp;sl\u00e1vnostnej projekcii sa&nbsp;z\u00fa\u010dastnili jeho tvorcovia aj dvaja hlavn\u00ed protagonisti. Film je&nbsp;pr\u00edbehom b\u00e1snickej skupiny Osamel\u00ed be\u017eci, ktor\u00e1 vznikla v&nbsp;roku 1963 a&nbsp;existuje dodnes.  <a href=\"https:\/\/literarnenoviny.sk\/servis\/v-kine-lumiere-v-premiere-uviedli-dokumentarny-film-osameli-bezci-ideme-dalej\/\" class=\"more-link\">Cel\u00e1 spr\u00e1va <span class=\"meta-nav\">&rarr;<\/span><\/a><\/p>\n","protected":false},"author":2,"featured_media":0,"comment_status":"closed","ping_status":"closed","sticky":false,"template":"","format":"standard","meta":{"_links_to":"","_links_to_target":""},"categories":[1],"tags":[16,83],"_links":{"self":[{"href":"https:\/\/literarnenoviny.sk\/servis\/wp-json\/wp\/v2\/posts\/9257"}],"collection":[{"href":"https:\/\/literarnenoviny.sk\/servis\/wp-json\/wp\/v2\/posts"}],"about":[{"href":"https:\/\/literarnenoviny.sk\/servis\/wp-json\/wp\/v2\/types\/post"}],"author":[{"embeddable":true,"href":"https:\/\/literarnenoviny.sk\/servis\/wp-json\/wp\/v2\/users\/2"}],"replies":[{"embeddable":true,"href":"https:\/\/literarnenoviny.sk\/servis\/wp-json\/wp\/v2\/comments?post=9257"}],"version-history":[{"count":0,"href":"https:\/\/literarnenoviny.sk\/servis\/wp-json\/wp\/v2\/posts\/9257\/revisions"}],"wp:attachment":[{"href":"https:\/\/literarnenoviny.sk\/servis\/wp-json\/wp\/v2\/media?parent=9257"}],"wp:term":[{"taxonomy":"category","embeddable":true,"href":"https:\/\/literarnenoviny.sk\/servis\/wp-json\/wp\/v2\/categories?post=9257"},{"taxonomy":"post_tag","embeddable":true,"href":"https:\/\/literarnenoviny.sk\/servis\/wp-json\/wp\/v2\/tags?post=9257"}],"curies":[{"name":"wp","href":"https:\/\/api.w.org\/{rel}","templated":true}]}}