{"id":9250,"date":"2019-11-08T08:10:24","date_gmt":"2019-11-08T07:10:24","guid":{"rendered":"https:\/\/literarnenoviny.sk\/servis\/?p=9250"},"modified":"2019-11-12T23:07:08","modified_gmt":"2019-11-12T22:07:08","slug":"ceskou-knihou-roka-sa-v-citatelskej-ankete-stali-tiche-roky-od-aleny-mornstajnovej","status":"publish","type":"post","link":"https:\/\/literarnenoviny.sk\/servis\/ceskou-knihou-roka-sa-v-citatelskej-ankete-stali-tiche-roky-od-aleny-mornstajnovej\/","title":{"rendered":"\u010ceskou Knihou roka sa&nbsp;v&nbsp;\u010ditate\u013eskej ankete stali Tich\u00e9 roky od&nbsp;Aleny Morn\u0161tajnovej"},"content":{"rendered":"<p><strong>\u010ceskou <a href=\"https:\/\/www.kniharoku.cz\/\" rel=\"noopener noreferrer\" target=\"_blank\">Knihou roka<\/a> sa&nbsp;v&nbsp;novej \u010ditate\u013eskej ankete stali <em><a href=\"https:\/\/literarnenoviny.sk\/clanky\/roky-ticha\/\" target=\"_blank\" rel=\"noopener noreferrer\">Tich\u00e9 roky<\/a><\/strong> (Host, 2019)<\/em> <strong>od <a href=\"https:\/\/cs.wikipedia.org\/wiki\/Alena_Morn\u0161tajnov\u00e1\" rel=\"noopener noreferrer\" target=\"_blank\">Aleny Morn\u0161tajnovej<\/a><\/strong>. V&nbsp;hlasovacej s\u00fa\u0165a\u017ei uspeli aj v&nbsp;kateg\u00f3rii Spolo\u010densk\u00fd rom\u00e1n roku.<\/p>\n<p><em>\u201e\u00dasp\u011bch Tich\u00fdch rok\u016f m\u011b t\u011b\u0161\u00ed a&nbsp;m\u00e1m z&nbsp;n\u011bj radost. Z\u00e1rove\u0148 je&nbsp;to pro m\u011b i&nbsp;trochu p\u0159ekvapen\u00ed,\u201c<\/em> vyjadrila sa&nbsp;ocenen\u00e1 autorka s&nbsp;t\u00fdm, \u017ee&nbsp;<em>\u201e&#8230;Tich\u00e9 roky jsou p\u0159eci jen sp\u00ed\u0161e intimn\u00edm dramatem\u201c<\/em>.<\/p>\n<p><center><div class=\"gca-utility vertical-spacer\"><\/div>\n<blockquote class=\"twitter-tweet\">\n<p lang=\"cs\" dir=\"ltr\">Blahop\u0159ejeme v\u0161em v\u00fdherc\u016fm!<a href=\"https:\/\/t.co\/9RGTOWKpWm\">https:\/\/t.co\/9RGTOWKpWm<\/a><\/p>\n<p>&mdash; Kni\u017en\u00ed klub (@Knizniklub) <a href=\"https:\/\/twitter.com\/Knizniklub\/status\/1192391444046241792?ref_src=twsrc%5Etfw\">November 7, 2019<\/a><\/p><\/blockquote>\n<p> <script async src=\"https:\/\/platform.twitter.com\/widgets.js\" charset=\"utf-8\"><\/script><div class=\"gca-utility vertical-spacer\"><\/div><\/center><\/p>\n<p><em>Tich\u00e9 roky<\/em> s\u00fa siln\u00fdm pr\u00edbehom otca a&nbsp;dc\u00e9ry, ktor\u00ed \u017eij\u00fa v&nbsp;spolo\u010dnej dom\u00e1cnosti, no navz\u00e1jom s\u00fa si cudz\u00ed. Nepoznaj\u00fa sa, nech\u00e1pu sa. Kniha vy\u0161la v&nbsp;apr\u00edli tohoto roku a&nbsp;za&nbsp;prv\u00fdch \u0161es\u0165 mesiacov sa&nbsp;jej v&nbsp;\u010cesku predalo viac ako 55-tis\u00edc v\u00fdtla\u010dkov. <\/p>\n<p>Medzi v\u00ed\u0165azmi v&nbsp;trin\u00e1stich kateg\u00f3ri\u00e1ch s\u00fa aj autori ako Haruki Murakami <em>(Komturova smrt)<\/em>, C. J. Tudorov\u00e1 <em>(K\u0159\u00ed\u010f\u00e1k)<\/em> \u010di&nbsp;Kate\u0159ina \u0160ardick\u00e1 <em>(Zmizen\u00ed S\u00e1ry Lindertov\u00e9)<\/em>. <\/p>\n<p>Cenu si okrem Aleny Morn\u0161tajnovej odniesla tie\u017e 92-ro\u010dn\u00e1 spisovate\u013eka Ludmila Va\u0148kov\u00e1, ktor\u00fa \u010ditatelia za&nbsp;riekou Moravou poznaj\u00fa predov\u0161etk\u00fdm v\u010faka \u017e\u00e1nru historick\u00e9ho rom\u00e1nu a&nbsp;fantasy.<\/p>\n<p>Tohtoro\u010dn\u00fd prv\u00fd ro\u010dn\u00edk ankety <a href=\"https:\/\/www.kniharoku.cz\/\" rel=\"noopener noreferrer\" target=\"_blank\">Kniha roku<\/a> vyhl\u00e1sil Nada\u010dn\u00ed fond <em>\u010cten\u00ed t\u011b m\u011bn\u00ed<\/em>. Do&nbsp;ankety sa&nbsp;zapojilo celkom 47&nbsp;892 \u010ditate\u013eov. Tituly do&nbsp;hlasovania vybrala odborn\u00e1 komisia, o&nbsp;v\u00ed\u0165azoch rozhodli hlasy \u010ditate\u013eov. <\/p>\n<p>Hlasovalo sa&nbsp;cez internet aj SMS spr\u00e1vy.<\/p>\n<p style=\"text-align: right;\"><small>&mdash;&nbsp;<a href=\"https:\/\/www.kniharoku.cz\/\" target=\"_blank\" rel=\"noopener noreferrer\">Kniha roku<\/a> a&nbsp;<a href=\"https:\/\/www.hostbrno.cz\/\" target=\"_blank\" rel=\"noopener noreferrer\">Host<\/a><\/small><\/p>\n<div class=\"gca-utility clearfix\"><\/div>\n<div class=\"gca-utility vertical-spacer\"><\/div>\n<p><center><span class=\"fullscreen\"><script type=\"text\/javascript\" src=\"\/\/partner.mrtns.eu\/banners\/banner.js?type=banner&#038;brand_id=1&#038;uItem=535083&#038;size=full&#038;show_price=0&#038;color=orange&#038;z=WLGC7F\"><\/script><\/span><\/center><\/p>\n","protected":false},"excerpt":{"rendered":"<p>\u010ceskou Knihou roka sa&nbsp;v&nbsp;novej \u010ditate\u013eskej ankete stali Tich\u00e9 roky od&nbsp;Aleny Morn\u0161tajnovej. V&nbsp;hlasovacej s\u00fa\u0165a\u017ei uspeli aj v&nbsp;kateg\u00f3rii Spolo\u010densk\u00fd rom\u00e1n roku. Kniha vy\u0161la v&nbsp;apr\u00edli tohoto roku a&nbsp;za&nbsp;prv\u00fdch \u0161es\u0165 mesiacov sa&nbsp;jej v&nbsp;\u010cesku predalo viac ako 55 tis\u00edc v\u00fdtla\u010dkov. <a href=\"https:\/\/literarnenoviny.sk\/servis\/ceskou-knihou-roka-sa-v-citatelskej-ankete-stali-tiche-roky-od-aleny-mornstajnovej\/\" class=\"more-link\">Cel\u00e1 spr\u00e1va <span class=\"meta-nav\">&rarr;<\/span><\/a><\/p>\n","protected":false},"author":2,"featured_media":0,"comment_status":"closed","ping_status":"closed","sticky":false,"template":"","format":"standard","meta":{"_links_to":"","_links_to_target":""},"categories":[1],"tags":[103,14,21],"_links":{"self":[{"href":"https:\/\/literarnenoviny.sk\/servis\/wp-json\/wp\/v2\/posts\/9250"}],"collection":[{"href":"https:\/\/literarnenoviny.sk\/servis\/wp-json\/wp\/v2\/posts"}],"about":[{"href":"https:\/\/literarnenoviny.sk\/servis\/wp-json\/wp\/v2\/types\/post"}],"author":[{"embeddable":true,"href":"https:\/\/literarnenoviny.sk\/servis\/wp-json\/wp\/v2\/users\/2"}],"replies":[{"embeddable":true,"href":"https:\/\/literarnenoviny.sk\/servis\/wp-json\/wp\/v2\/comments?post=9250"}],"version-history":[{"count":0,"href":"https:\/\/literarnenoviny.sk\/servis\/wp-json\/wp\/v2\/posts\/9250\/revisions"}],"wp:attachment":[{"href":"https:\/\/literarnenoviny.sk\/servis\/wp-json\/wp\/v2\/media?parent=9250"}],"wp:term":[{"taxonomy":"category","embeddable":true,"href":"https:\/\/literarnenoviny.sk\/servis\/wp-json\/wp\/v2\/categories?post=9250"},{"taxonomy":"post_tag","embeddable":true,"href":"https:\/\/literarnenoviny.sk\/servis\/wp-json\/wp\/v2\/tags?post=9250"}],"curies":[{"name":"wp","href":"https:\/\/api.w.org\/{rel}","templated":true}]}}