{"id":9047,"date":"2019-10-23T09:00:51","date_gmt":"2019-10-23T07:00:51","guid":{"rendered":"https:\/\/literarnenoviny.sk\/servis\/?p=9047"},"modified":"2019-10-23T17:50:13","modified_gmt":"2019-10-23T15:50:13","slug":"francuzsky-spisovatel-pierre-michon-si-v-prahe-prevzal-cenu-franza-kafku","status":"publish","type":"post","link":"https:\/\/literarnenoviny.sk\/servis\/francuzsky-spisovatel-pierre-michon-si-v-prahe-prevzal-cenu-franza-kafku\/","title":{"rendered":"Franc\u00fazsky spisovate\u013e Pierre Michon si v&nbsp;Prahe prevzal Cenu Franza Kafku"},"content":{"rendered":"<p><strong>Franc\u00fazsky spisovate\u013e <a href=\"https:\/\/fr.wikipedia.org\/wiki\/Pierre_Michon\" rel=\"noopener noreferrer\" target=\"_blank\">Pierre Michon<\/a> si v&nbsp;pra\u017eskej Staromestskej radnici prevzal Cenu Franza Kafku<\/strong>. Bronzov\u00fa so\u0161ku mu odovzdal predseda Spolo\u010dnosti Franza Kafku Vladim\u00edr \u017delezn\u00fd.<\/p>\n<p>Diplom a&nbsp;\u0161ek na&nbsp;10-tis\u00edc dol\u00e1rov spisovate\u013eovi odovzdali z\u00e1stupcovia \u010desk\u00e9ho hlavn\u00e9ho mesta. Sedemdesiat\u0161tyriro\u010dn\u00fd Franc\u00faz sa&nbsp;stal dev\u00e4tn\u00e1stym dr\u017eite\u013eom tejto medzin\u00e1rodnej liter\u00e1rnej ceny.<\/p>\n<p><center><div class=\"gca-utility vertical-spacer\"><\/div>\n<blockquote class=\"twitter-tweet\">\n<p lang=\"fr\" dir=\"ltr\">L\u2019\u00e9crivain fran\u00e7ais Pierre Michon laur\u00e9at du prix Franz Kafka <a href=\"https:\/\/t.co\/ylZgwg3Ofe\">https:\/\/t.co\/ylZgwg3Ofe<\/a><\/p>\n<p>&mdash; Le&nbsp;Figaro Culture (@Figaro_Culture) <a href=\"https:\/\/twitter.com\/Figaro_Culture\/status\/1186905375242633216?ref_src=twsrc%5Etfw\">October 23, 2019<\/a><\/p><\/blockquote>\n<p> <script async src=\"https:\/\/platform.twitter.com\/widgets.js\" charset=\"utf-8\"><\/script><div class=\"gca-utility vertical-spacer\"><\/div><\/center><\/p>\n<p>Pierre Michon sa&nbsp;narodil roku 1945, svoju prvotinu <em><strong>Vies minuscules<\/strong> (1984)<\/em> vydal vo&nbsp;svojich 38 rokoch. Je&nbsp;autorom asi dvadsiatky kn\u00edh, z&nbsp;ktor\u00fdch bola do&nbsp;\u010de\u0161tiny prelo\u017een\u00fd jeho kniha <em><strong>Opati<\/strong> (Abb\u00e9s, 2002)<\/em>. <\/p>\n<p>Spisovate\u013e po\u010das ceremoni\u00e1lu uviedol, \u017ee&nbsp;je&nbsp;v&nbsp;Prahe prv\u00fdkr\u00e1t a&nbsp;doteraz ju poznal len z&nbsp;Kafkov\u00fdch rom\u00e1nov. Za&nbsp;laure\u00e1ta Ceny Franza Kafku ho zvolila osem\u010dlenn\u00e1 medzin\u00e1rodn\u00e1 porota v&nbsp;tajnom hlasovan\u00ed.<\/p>\n<p>Cena Franza Kafku sa&nbsp;ude\u013euje od&nbsp;roku 2001. M\u00f4\u017ee ju z\u00edska\u0165 iba \u017eij\u00faci autor prozaick\u00e9ho, b\u00e1snick\u00e9ho alebo dramatick\u00e9ho kni\u017ene vydan\u00e9ho diela, z&nbsp;ktor\u00e9ho minim\u00e1lne jeden titul vy\u0161iel aj v&nbsp;\u010de\u0161tine <\/p>\n<p>Medzi nosite\u013emi Kafkovej ceny s\u00fa napr\u00edklad \u010desk\u00ed autori Ivan Kl\u00edma, Arno\u0161t Lustig, V\u00e1clav Havel \u010di&nbsp;Ivan Wernisch. Cenu z\u00edskali aj traja laure\u00e1ti Nobelovej ceny za&nbsp;literat\u00faru: rak\u00faska spisovate\u013eka Elfriede Jelinekov\u00e1, britsk\u00fd autor Harold Pinter aj jej najnov\u0161\u00ed dr\u017eite\u013e <a href=\"https:\/\/literarnenoviny.sk\/servis\/nobelovu-cenu-za-literaturu-ziskala-polka-olga-tokarczukova-a-rakusan-peter-handke\/\" target=\"_blank\" rel=\"noopener noreferrer\">Peter Handke<\/a>.<\/p>\n<p style=\"text-align: right;\"><small>&mdash;&nbsp;<a href=\"https:\/\/www.lefigaro.fr\/livres\/l-ecrivain-francais-pierre-michon-laureat-du-prix-franz-kafka-20191023\" target=\"_blank\" rel=\"noopener noreferrer\">Le Figaro<\/a> a&nbsp;<a href=\"https:\/\/magazin.aktualne.cz\/kultura\/literatura\/pierre-michon-zelezny-kafka\/r~c898b51cf51911e9b259ac1f6b220ee8\/\" target=\"_blank\" rel=\"noopener noreferrer\">Aktu\u00e1ln\u011b.cz<\/a><\/small><\/p>\n<div class=\"gca-utility clearfix\"><\/div>\n<div class=\"gca-utility vertical-spacer\"><\/div>\n<p><center><span class=\"fullscreen\"><a href=\"\/\/www.martinus.sk\/?z=WLGC7F&#038;utm_source=z%3DWLGC7F&#038;utm_medium=banner1_468x60&#038;utm_campaign=partner\"><img decoding=\"async\" src=\"\/\/www.martinus.sk\/images\/banners\/468x60.jpg\" alt=\"www.martinus.sk\" \/><\/a><\/span><\/center><\/p>\n","protected":false},"excerpt":{"rendered":"<p>Franc\u00fazsky spisovate\u013e Pierre Michon si v&nbsp;pra\u017eskej Staromestskej radnici prevzal Cenu Franza Kafku. Bronzov\u00fa so\u0161ku v&nbsp;podobe Kafkovho pomn\u00edka mu odovzdal predseda Spolo\u010dnosti Franza Kafku Vladim\u00edr \u017delezn\u00fd. Diplom a&nbsp;\u0161ek na&nbsp;10-tis\u00edc dol\u00e1rov spisovate\u013eovi odovzdali z\u00e1stupcovia \u010desk\u00e9ho hlavn\u00e9ho mesta. <a href=\"https:\/\/literarnenoviny.sk\/servis\/francuzsky-spisovatel-pierre-michon-si-v-prahe-prevzal-cenu-franza-kafku\/\" class=\"more-link\">Cel\u00e1 spr\u00e1va <span class=\"meta-nav\">&rarr;<\/span><\/a><\/p>\n","protected":false},"author":2,"featured_media":0,"comment_status":"closed","ping_status":"closed","sticky":false,"template":"","format":"standard","meta":{"_links_to":"","_links_to_target":""},"categories":[1],"tags":[14,21,48],"_links":{"self":[{"href":"https:\/\/literarnenoviny.sk\/servis\/wp-json\/wp\/v2\/posts\/9047"}],"collection":[{"href":"https:\/\/literarnenoviny.sk\/servis\/wp-json\/wp\/v2\/posts"}],"about":[{"href":"https:\/\/literarnenoviny.sk\/servis\/wp-json\/wp\/v2\/types\/post"}],"author":[{"embeddable":true,"href":"https:\/\/literarnenoviny.sk\/servis\/wp-json\/wp\/v2\/users\/2"}],"replies":[{"embeddable":true,"href":"https:\/\/literarnenoviny.sk\/servis\/wp-json\/wp\/v2\/comments?post=9047"}],"version-history":[{"count":0,"href":"https:\/\/literarnenoviny.sk\/servis\/wp-json\/wp\/v2\/posts\/9047\/revisions"}],"wp:attachment":[{"href":"https:\/\/literarnenoviny.sk\/servis\/wp-json\/wp\/v2\/media?parent=9047"}],"wp:term":[{"taxonomy":"category","embeddable":true,"href":"https:\/\/literarnenoviny.sk\/servis\/wp-json\/wp\/v2\/categories?post=9047"},{"taxonomy":"post_tag","embeddable":true,"href":"https:\/\/literarnenoviny.sk\/servis\/wp-json\/wp\/v2\/tags?post=9047"}],"curies":[{"name":"wp","href":"https:\/\/api.w.org\/{rel}","templated":true}]}}