{"id":9010,"date":"2019-10-18T09:30:49","date_gmt":"2019-10-18T07:30:49","guid":{"rendered":"https:\/\/literarnenoviny.sk\/servis\/?p=9010"},"modified":"2019-10-20T21:30:19","modified_gmt":"2019-10-20T19:30:19","slug":"medzinarodnu-literarnu-cenu-neustadt-ziskal-albansky-spisovatel-ismail-kadare","status":"publish","type":"post","link":"https:\/\/literarnenoviny.sk\/servis\/medzinarodnu-literarnu-cenu-neustadt-ziskal-albansky-spisovatel-ismail-kadare\/","title":{"rendered":"Medzin\u00e1rodn\u00fa liter\u00e1rnu cenu Neustadt z\u00edskal alb\u00e1nsky spisovate\u013e Ismail Kadare"},"content":{"rendered":"<p><strong>Alb\u00e1nsky b\u00e1snik, spisovate\u013e, esejista a&nbsp;dramatik <a href=\"https:\/\/cs.wikipedia.org\/wiki\/Ismail_Kadare\" rel=\"noopener noreferrer\" target=\"_blank\">Ismail Halit Kadare<\/a> sa&nbsp;stal 26.&nbsp;laure\u00e1tom <a href=\"https:\/\/www.neustadtprize.org\/ismail-kadare-wins-prestigious-2020-neustadt-international-prize-for-literature\/\" rel=\"noopener noreferrer\" target=\"_blank\">Medzin\u00e1rodnej liter\u00e1rnej ceny Neustadt pre&nbsp;rok 2020<\/a><\/strong>, ktor\u00e1 sa&nbsp;zvykne ozna\u010dova\u0165 za&nbsp;americk\u00fa obdobu Nobelovej ceny.<\/p>\n<p>Ismail Kadare sa&nbsp;v&nbsp;Alb\u00e1nsku presl\u00e1vil najprv svojou po\u00e9ziou a&nbsp;a\u017e nesk\u00f4r, v&nbsp;roku 1964, vydal svoj prv\u00fd rom\u00e1n <em><strong>Gener\u00e1l m\u0155tvej arm\u00e1dy<\/strong> (Gjenerali i&nbsp;ushtris\u00eb s\u00eb vdekur)<\/em> o&nbsp;nezdolnej \u013eudskej t\u00fa\u017ebe po&nbsp;slobode. <\/p>\n<p><center><div class=\"gca-utility vertical-spacer\"><\/div>\n<blockquote class=\"twitter-tweet\">\n<p lang=\"en\" dir=\"ltr\">Congratulations to Ismail Kadare, the&nbsp;26th laureate of the&nbsp;renowned Neustadt International Prize for Literature. <a href=\"https:\/\/t.co\/NS1pjTcghE\">https:\/\/t.co\/NS1pjTcghE<\/a><\/p>\n<p>&mdash; Literary Hub (@lithub) <a href=\"https:\/\/twitter.com\/lithub\/status\/1184836503849111553?ref_src=twsrc%5Etfw\">October 17, 2019<\/a><\/p><\/blockquote>\n<p> <script async src=\"https:\/\/platform.twitter.com\/widgets.js\" charset=\"utf-8\"><\/script><div class=\"gca-utility vertical-spacer\"><\/div><\/center><\/p>\n<p>Ke\u010f v&nbsp;roku 1990 po\u017eiadal o&nbsp;politick\u00fd azyl vo&nbsp;Franc\u00fazsku, nap\u00edsal: <em>\u201eObozn\u00e1mil som sa&nbsp;s&nbsp;literat\u00farou sk\u00f4r, ako som poznal slobodu, tak\u017ee to bola literat\u00fara, ktor\u00e1 ma priviedla k&nbsp;slobode, nie naopak. Viera v&nbsp;literat\u00faru a&nbsp;v&nbsp;tvoriv\u00fd proces prin\u00e1\u0161a ochranu. Vytv\u00e1ra protil\u00e1tky, ktor\u00e9 v\u00e1m umo\u017e\u0148uj\u00fa bojova\u0165 proti \u0161t\u00e1tnemu teroru\u201c<\/em>.<\/p>\n<p>Spisovate\u013e dnes striedavo \u017eije v&nbsp;Alb\u00e1nsku aj vo&nbsp;Franc\u00fazsku, z\u00edskal mnoh\u00e9 medzin\u00e1rodn\u00e9 ocenenia a&nbsp;niektor\u00ed ho pova\u017euj\u00fa za&nbsp;jedn\u00e9ho z&nbsp;najv\u00e4\u010d\u0161\u00edch s\u00fa\u010dasn\u00fdch eur\u00f3pskych spisovate\u013eov. \u010casto sa&nbsp;zvykne spom\u00edna\u0165 ako uch\u00e1dza\u010d o&nbsp;<a href=\"https:\/\/literarnenoviny.sk\/servis\/nobelovu-cenu-za-literaturu-ziskala-polka-olga-tokarczukova-a-rakusan-peter-handke\/\" rel=\"noopener noreferrer\" target=\"_blank\">Nobelovu cenu za&nbsp;literat\u00faru<\/a>. <\/p>\n<p><a href=\"https:\/\/www.neustadtprize.org\/\" rel=\"noopener noreferrer\" target=\"_blank\">Neustadt International Prize for Literature<\/a> sa&nbsp;ude\u013euje od&nbsp;roku 1969 pre&nbsp;ka\u017ed\u00fd p\u00e1rny rok (strieda sa&nbsp;s&nbsp;cenou pre&nbsp;detsk\u00fa literat\u00faru). Ide o&nbsp;jednu z&nbsp;m\u00e1la medzin\u00e1rodn\u00fdch liter\u00e1rnych cien ude\u013eovan\u00fdch v&nbsp;USA, ktor\u00e9 nie s\u00fa obmedzen\u00e9 \u017e\u00e1nrom \u010di&nbsp;jazykom. Oce\u0148uje sa&nbsp;celkov\u00e9 dielo, nie jednotliv\u00e9 tituly. <\/p>\n<p>Cenu ude\u013euje <a href=\"http:\/\/www.ou.edu\/\" rel=\"noopener noreferrer\" target=\"_blank\">Oklahomsk\u00e1 univerzita<\/a> a&nbsp;honor\u00e1r 50&nbsp;000 dol\u00e1rov pre&nbsp;jej laure\u00e1ta poskytuj\u00fa Walter a&nbsp;Doris Neustadtovci.<\/p>\n<p style=\"text-align: right;\"><small>&mdash;&nbsp;<a href=\"https:\/\/lithub.com\/albanian-author-ismail-kadare-has-won-the-2020-neustadt-international-prize-for-literature\/\" target=\"_blank\" rel=\"noopener noreferrer\">Literary Hub<\/a><\/p>\n<p><\/small><\/p>\n<div class=\"gca-utility clearfix\"><\/div>\n<div class=\"gca-utility vertical-spacer\"><\/div>\n<p><center><span class=\"fullscreen\"><script type=\"text\/javascript\" src=\"\/\/partner.mrtns.eu\/banners\/banner.js?type=banner&#038;brand_id=1&#038;uItem=10695&#038;size=full&#038;show_price=0&#038;color=oranget&#038;z=WLGC7F\"><\/script><\/span><\/center><\/p>\n","protected":false},"excerpt":{"rendered":"<p>Alb\u00e1nsky b\u00e1snik, spisovate\u013e, esejista a&nbsp;dramatik Ismail Halit Kadare sa&nbsp;stal 26.&nbsp;laure\u00e1tom Medzin\u00e1rodnej liter\u00e1rnej ceny Neustadt pre&nbsp;rok 2020, ktor\u00fa zvykn\u00fa ozna\u010dova\u0165 za&nbsp;americk\u00fa obdobu Nobelovej ceny a&nbsp;ocenen\u00fd autor je&nbsp;honorovan\u00fd sumou 50&nbsp;000 dol\u00e1rov. <a href=\"https:\/\/literarnenoviny.sk\/servis\/medzinarodnu-literarnu-cenu-neustadt-ziskal-albansky-spisovatel-ismail-kadare\/\" class=\"more-link\">Cel\u00e1 spr\u00e1va <span class=\"meta-nav\">&rarr;<\/span><\/a><\/p>\n","protected":false},"author":2,"featured_media":0,"comment_status":"closed","ping_status":"closed","sticky":false,"template":"","format":"standard","meta":{"_links_to":"","_links_to_target":""},"categories":[1],"tags":[3,21,72,136],"_links":{"self":[{"href":"https:\/\/literarnenoviny.sk\/servis\/wp-json\/wp\/v2\/posts\/9010"}],"collection":[{"href":"https:\/\/literarnenoviny.sk\/servis\/wp-json\/wp\/v2\/posts"}],"about":[{"href":"https:\/\/literarnenoviny.sk\/servis\/wp-json\/wp\/v2\/types\/post"}],"author":[{"embeddable":true,"href":"https:\/\/literarnenoviny.sk\/servis\/wp-json\/wp\/v2\/users\/2"}],"replies":[{"embeddable":true,"href":"https:\/\/literarnenoviny.sk\/servis\/wp-json\/wp\/v2\/comments?post=9010"}],"version-history":[{"count":0,"href":"https:\/\/literarnenoviny.sk\/servis\/wp-json\/wp\/v2\/posts\/9010\/revisions"}],"wp:attachment":[{"href":"https:\/\/literarnenoviny.sk\/servis\/wp-json\/wp\/v2\/media?parent=9010"}],"wp:term":[{"taxonomy":"category","embeddable":true,"href":"https:\/\/literarnenoviny.sk\/servis\/wp-json\/wp\/v2\/categories?post=9010"},{"taxonomy":"post_tag","embeddable":true,"href":"https:\/\/literarnenoviny.sk\/servis\/wp-json\/wp\/v2\/tags?post=9010"}],"curies":[{"name":"wp","href":"https:\/\/api.w.org\/{rel}","templated":true}]}}