{"id":8996,"date":"2019-10-16T18:00:37","date_gmt":"2019-10-16T16:00:37","guid":{"rendered":"https:\/\/literarnenoviny.sk\/servis\/?p=8996"},"modified":"2019-10-20T21:28:46","modified_gmt":"2019-10-20T19:28:46","slug":"vo-frankfurte-nad-mohanom-sa-zacal-71-rocnik-medzinarodneho-knizneho-veltrhu","status":"publish","type":"post","link":"https:\/\/literarnenoviny.sk\/servis\/vo-frankfurte-nad-mohanom-sa-zacal-71-rocnik-medzinarodneho-knizneho-veltrhu\/","title":{"rendered":"Vo Frankfurte nad Mohanom sa&nbsp;za\u010dal 71.&nbsp;ro\u010dn\u00edk medzin\u00e1rodn\u00e9ho kni\u017en\u00e9ho ve\u013etrhu"},"content":{"rendered":"<p><strong>V nemeckom Frankfurte nad Mohanom sa&nbsp;za\u010dal 71.&nbsp;ro\u010dn\u00edk medzin\u00e1rodn\u00e9ho kni\u017en\u00e9ho ve\u013etrhu <a href=\"https:\/\/www.buchmesse.de\/\" rel=\"noopener noreferrer\" target=\"_blank\">Frankfurter Buchmesse 2019<\/a><\/strong>. \u010cestn\u00fdm hos\u0165om tohtoro\u010dn\u00e9ho ve\u013erhu je&nbsp;N\u00f3rsko a&nbsp;z\u00fa\u010dastnia sa&nbsp;ho aj <a href=\"https:\/\/literarnenoviny.sk\/clanky\/knausgard-uz-opat-veri-pribehom\/\" target=\"_blank\" rel=\"noopener noreferrer\">Karl Ove Knausg\u00e5rd<\/a>, <a href=\"https:\/\/en.wikipedia.org\/wiki\/Jo_Nesb\u00f8\" rel=\"noopener noreferrer\" target=\"_blank\">Jo Nesb\u00f8<\/a> a&nbsp;<a href=\"https:\/\/en.wikipedia.org\/wiki\/Maja_Lunde\" rel=\"noopener noreferrer\" target=\"_blank\">Maja Lunde<\/a>, spolu s&nbsp;n\u00f3rskou korunnou princeznou <a href=\"https:\/\/en.wikipedia.org\/wiki\/Mette-Marit,_Crown_Princess_of_Norway\" rel=\"noopener noreferrer\" target=\"_blank\">Mette-Marit<\/a>.<\/p>\n<p><center><div class=\"gca-utility vertical-spacer\"><\/div>\n<blockquote class=\"twitter-tweet\">\n<p lang=\"en\" dir=\"ltr\">FIGHTING FICTION: Norwegian best-selling author @KarlOveKnausgard will talk about the&nbsp;art of writing <a href=\"https:\/\/twitter.com\/hashtag\/literature?src=hash&amp;ref_src=twsrc%5Etfw\">#literature<\/a> today. ? 3.30 \u2013 4 pm&nbsp;? Guest of Honour Pavilion Stage 1 (Forum Level 1) <a href=\"https:\/\/t.co\/5Aiq1CalpT\">pic.twitter.com\/5Aiq1CalpT<\/a><\/p>\n<p>&mdash; FrankfurterBuchmesse (@Book_Fair) <a href=\"https:\/\/twitter.com\/Book_Fair\/status\/1184456708980137984?ref_src=twsrc%5Etfw\">October 16, 2019<\/a><\/p><\/blockquote>\n<p> <script async src=\"https:\/\/platform.twitter.com\/widgets.js\" charset=\"utf-8\"><\/script><div class=\"gca-utility vertical-spacer\"><\/div><\/center><\/p>\n<p>Podujatie je&nbsp;najv\u00e4\u010d\u0161\u00edm stretnut\u00edm autorov, vydavate\u013eov, novin\u00e1rov, \u013eud\u00ed z&nbsp;kreat\u00edvneho priemyslu, in\u0161piruj\u00facich osobnosti a&nbsp;kult\u00farnych nad\u0161encov z&nbsp;cel\u00e9ho sveta. <\/p>\n<p>Na tomto jedine\u010dnom festivale kn\u00edh, tla\u010de a&nbsp;digit\u00e1lneho obsahu nach\u00e1dzaj\u00fa jeho n\u00e1v\u0161tevn\u00edci zauj\u00edmav\u00e9 t\u00e9my, inovat\u00edvne technol\u00f3gie, vzru\u0161enie aj z\u00e1bavu. Vnikaj\u00fa tu nov\u00e9 partnerstv\u00e1 a&nbsp;priestor pre&nbsp;diskusie. Prebiehaj\u00fa obchodn\u00e9 rokovania a&nbsp;uzatv\u00e1raj\u00fa sa&nbsp;zmluvy a&nbsp;dohody.<\/p>\n<p>Glob\u00e1lnu literat\u00faru zbl\u00edzka m\u00f4\u017eete za\u017ei\u0165 na&nbsp;tohtoro\u010dnom Frankfurter Buchmesse od&nbsp;16.&nbsp;do&nbsp;20.&nbsp;okt\u00f3bra<\/p>\n<p style=\"text-align: right;\"><small>&mdash;&nbsp;<a href=\"https:\/\/www.buchmesse.de\" target=\"_blank\" rel=\"noopener noreferrer\">Frankfurter Buchmesse<\/a><\/small><\/p>\n<div class=\"gca-utility clearfix\"><\/div>\n<div class=\"gca-utility vertical-spacer\"><\/div>\n<p><center><span class=\"fullscreen\"><a href=\"\/\/www.martinus.sk\/?z=WLGC7F&#038;utm_source=z%3DWLGC7F&#038;utm_medium=banner1_468x60&#038;utm_campaign=partner\"><img decoding=\"async\" src=\"\/\/www.martinus.sk\/images\/banners\/468x60.jpg\" alt=\"www.martinus.sk\" \/><\/a><\/span><\/center><\/p>\n","protected":false},"excerpt":{"rendered":"<p>V nemeckom Frankfurte nad Mohanom sa&nbsp;za\u010dal 71.&nbsp;ro\u010dn\u00edk medzin\u00e1rodn\u00e9ho kni\u017en\u00e9ho ve\u013etrhu Frankfurter Buchmesse 2019.&nbsp;\u010cestn\u00fdm hos\u0165om tohtoro\u010dn\u00e9ho ve\u013erhu je&nbsp;N\u00f3rsko a&nbsp;z\u00fa\u010dastnia sa&nbsp;ho aj Karl Ove Knausg\u00e5rd, Jo Nesb\u00f8 a&nbsp;Maja Lunde, spolu s&nbsp;n\u00f3rskou korunnou princeznou Mette-Marit. <a href=\"https:\/\/literarnenoviny.sk\/servis\/vo-frankfurte-nad-mohanom-sa-zacal-71-rocnik-medzinarodneho-knizneho-veltrhu\/\" class=\"more-link\">Cel\u00e1 spr\u00e1va <span class=\"meta-nav\">&rarr;<\/span><\/a><\/p>\n","protected":false},"author":2,"featured_media":0,"comment_status":"closed","ping_status":"closed","sticky":false,"template":"","format":"standard","meta":{"_links_to":"","_links_to_target":""},"categories":[1],"tags":[14,3,100],"_links":{"self":[{"href":"https:\/\/literarnenoviny.sk\/servis\/wp-json\/wp\/v2\/posts\/8996"}],"collection":[{"href":"https:\/\/literarnenoviny.sk\/servis\/wp-json\/wp\/v2\/posts"}],"about":[{"href":"https:\/\/literarnenoviny.sk\/servis\/wp-json\/wp\/v2\/types\/post"}],"author":[{"embeddable":true,"href":"https:\/\/literarnenoviny.sk\/servis\/wp-json\/wp\/v2\/users\/2"}],"replies":[{"embeddable":true,"href":"https:\/\/literarnenoviny.sk\/servis\/wp-json\/wp\/v2\/comments?post=8996"}],"version-history":[{"count":0,"href":"https:\/\/literarnenoviny.sk\/servis\/wp-json\/wp\/v2\/posts\/8996\/revisions"}],"wp:attachment":[{"href":"https:\/\/literarnenoviny.sk\/servis\/wp-json\/wp\/v2\/media?parent=8996"}],"wp:term":[{"taxonomy":"category","embeddable":true,"href":"https:\/\/literarnenoviny.sk\/servis\/wp-json\/wp\/v2\/categories?post=8996"},{"taxonomy":"post_tag","embeddable":true,"href":"https:\/\/literarnenoviny.sk\/servis\/wp-json\/wp\/v2\/tags?post=8996"}],"curies":[{"name":"wp","href":"https:\/\/api.w.org\/{rel}","templated":true}]}}