{"id":8411,"date":"2019-09-20T11:15:56","date_gmt":"2019-09-20T09:15:56","guid":{"rendered":"https:\/\/literarnenoviny.sk\/servis\/?p=8411"},"modified":"2019-09-20T21:36:53","modified_gmt":"2019-09-20T19:36:53","slug":"dceru-vincenta-sikulu-poburilo-spajanie-spisovatelovho-mena-s-pochodom-za-zivot","status":"publish","type":"post","link":"https:\/\/literarnenoviny.sk\/servis\/dceru-vincenta-sikulu-poburilo-spajanie-spisovatelovho-mena-s-pochodom-za-zivot\/","title":{"rendered":"Dc\u00e9ru Vincenta \u0160ikulu pob\u00farilo sp\u00e1janie spisovate\u013eovho mena s&nbsp;Pochodom za&nbsp;\u017eivot"},"content":{"rendered":"<p><strong>Dc\u00e9ra zn\u00e1meho slovensk\u00e9ho spisovate\u013ea <a href=\"https:\/\/sk.wikipedia.org\/wiki\/Vincent_\u0160ikula\" rel=\"noopener noreferrer\" target=\"_blank\">Vincenta \u0160ikulu<\/a> sa&nbsp;ohradila vo\u010di zneu\u017eitiu mena jej otca v&nbsp;kampani propaguj\u00facej <em>N\u00e1rodn\u00fd pochod za&nbsp;\u017eivot<\/em><\/strong>. Svoje pob\u00farenie vyjadrila <a href=\"https:\/\/sk.wikipedia.org\/wiki\/Veronika_\u0160ikulov\u00e1\" rel=\"noopener noreferrer\" target=\"_blank\">Veronika \u0160ikulov\u00e1<\/a> pod facebookov\u00fdm statusom organiz\u00e1torov pochodu, informovala o&nbsp;tom webstr\u00e1nka <em><a href=\"https:\/\/www.omediach.com\/marketing\/16310-k-piesni-ktorou-pozyvaju-na-pochod-za-zivot-ma-vyhrady-veronika-sikulova-zneuzili-meno-mojho-otca-aj-jeho-zahradu-video\" rel=\"noopener noreferrer\" target=\"_blank\">O&nbsp;m\u00e9di\u00e1ch<\/a><\/em>.<\/p>\n<p><center><div class=\"gca-utility vertical-spacer\"><\/div><img decoding=\"async\" style=\"border: 1px solid #ddd;\" src=\"https:\/\/addmedia.link\/buffer\/screenshots\/2019-09-20_zmazany-fb-post-narodny-pochod-za-zivot.png\" \/><div class=\"gca-utility vertical-spacer\"><\/div><\/center><\/p>\n<p><em>\u201eNehnevajte sa, nes\u00fahlas\u00edm, aby ste dom n\u00e1\u0161ho otca \u010di&nbsp;jeho meno sp\u00e1jali s&nbsp;akouko\u013evek kampa\u0148ou&#8230;,\u201c<\/em> nap\u00edsala slovensk\u00e1 prozai\u010dka v&nbsp;reakcii na&nbsp;zverejnen\u00fd post s&nbsp;t\u00fdm, \u017ee&nbsp;ak to neprestan\u00fa robi\u0165, pod\u00e1 na&nbsp;nich trestn\u00e9 ozn\u00e1menie.<\/p>\n<p>Organiz\u00e1tori podujatia ozna\u010dili skladbu spev\u00e1ckeho dua Janais a&nbsp;Peter Ba\u017e\u00edk za&nbsp;<em>\u201ehymnu Pochodu za&nbsp;\u017eivot\u201c<\/em>. Videoklip piesne, ktor\u00fd v&nbsp;poste pou\u017eili, sa&nbsp;nakr\u00facal pred spisovate\u013eov\u00fdm domom. T\u00fato inform\u00e1ciu v&nbsp;sprievodnom texte zv\u00fdraznili. Pod\u013ea str\u00e1nky <em><a href=\"https:\/\/www.omediach.com\/marketing\/16310-k-piesni-ktorou-pozyvaju-na-pochod-za-zivot-ma-vyhrady-veronika-sikulova-zneuzili-meno-mojho-otca-aj-jeho-zahradu-video\" rel=\"noopener noreferrer\" target=\"_blank\">O&nbsp;m\u00e9di\u00e1ch<\/a><\/em> tak\u00fato propag\u00e1ciu pou\u017eili okrem facebooku aj na&nbsp;instagrame.<\/p>\n<p><center><div class=\"gca-utility vertical-spacer\"><\/div><iframe loading=\"lazy\" width=\"560\" height=\"315\" src=\"https:\/\/www.youtube.com\/embed\/uNwK-BtyFU0?start=0\" frameborder=\"0\" allow=\"accelerometer; autoplay; encrypted-media; gyroscope; picture-in-picture\" allowfullscreen><\/iframe><div class=\"gca-utility vertical-spacer\"><\/div><\/center><\/p>\n<p>Mana\u017e\u00e9r spev\u00e1\u010dky Janais sa&nbsp;od&nbsp;ozna\u010denia skladby za&nbsp;<em>\u201ehymnu Pochodu za&nbsp;\u017eivot\u201c<\/em> di\u0161tancoval a&nbsp;<a href=\"https:\/\/www.facebook.com\/NarodnyPochodZaZivot\/\" rel=\"noopener noreferrer\" target=\"_blank\">organiz\u00e1tori pochodu<\/a> sporn\u00fd post u\u017e&nbsp;vymazali.<\/p>\n<p>Piese\u0148 z&nbsp;roku 2016 ozna\u010duje za&nbsp;svoju hymnu aj iniciat\u00edva <em>40&nbsp;dn\u00ed za&nbsp;\u017eivot<\/em> a&nbsp;na&nbsp;svojej <a href=\"https:\/\/www.40dnizazivot.sk\/hymna\" rel=\"noopener noreferrer\" target=\"_blank\">webstr\u00e1nke<\/a> ju tie\u017e sp\u00e1ja s&nbsp;menom spisovate\u013ea Vincenta \u0160ikulu.<\/p>\n<p style=\"text-align: right;\"><small>&mdash;&nbsp;<a href=\"https:\/\/www.omediach.com\/marketing\/16310-k-piesni-ktorou-pozyvaju-na-pochod-za-zivot-ma-vyhrady-veronika-sikulova-zneuzili-meno-mojho-otca-aj-jeho-zahradu-video\" target=\"_blank\" rel=\"noopener noreferrer\">O&nbsp;m\u00e9di\u00e1ch.com<\/a><\/small><\/p>\n<div class=\"gca-utility clearfix\"><\/div>\n<div class=\"gca-utility vertical-spacer\"><\/div>\n<p><center><span class=\"fullscreen\"><a href=\"\/\/www.martinus.sk\/?z=WLGC7F&#038;utm_source=z%3DWLGC7F&#038;utm_medium=banner1_468x60&#038;utm_campaign=partner\"><img decoding=\"async\" src=\"\/\/www.martinus.sk\/images\/banners\/468x60.jpg\" alt=\"www.martinus.sk\" \/><\/a><\/span><\/center><\/p>\n","protected":false},"excerpt":{"rendered":"<p>Dc\u00e9ra zn\u00e1meho slovensk\u00e9ho spisovate\u013ea Vincenta \u0160ikulu sa&nbsp;ohradila vo\u010di zneu\u017eitiu mena jej otca v&nbsp;kampani propaguj\u00facej N\u00e1rodn\u00fd pochod za&nbsp;\u017eivot. Svoje pob\u00farenie vyjadrila Veronika \u0160ikulov\u00e1 pod facebookov\u00fdm statusom organiz\u00e1torov pochodu, informovala o&nbsp;tom webstr\u00e1nka O&nbsp;m\u00e9di\u00e1ch.com. <a href=\"https:\/\/literarnenoviny.sk\/servis\/dceru-vincenta-sikulu-poburilo-spajanie-spisovatelovho-mena-s-pochodom-za-zivot\/\" class=\"more-link\">Cel\u00e1 spr\u00e1va <span class=\"meta-nav\">&rarr;<\/span><\/a><\/p>\n","protected":false},"author":2,"featured_media":0,"comment_status":"closed","ping_status":"closed","sticky":false,"template":"","format":"standard","meta":{"_links_to":"","_links_to_target":""},"categories":[1],"tags":[28,3,109],"_links":{"self":[{"href":"https:\/\/literarnenoviny.sk\/servis\/wp-json\/wp\/v2\/posts\/8411"}],"collection":[{"href":"https:\/\/literarnenoviny.sk\/servis\/wp-json\/wp\/v2\/posts"}],"about":[{"href":"https:\/\/literarnenoviny.sk\/servis\/wp-json\/wp\/v2\/types\/post"}],"author":[{"embeddable":true,"href":"https:\/\/literarnenoviny.sk\/servis\/wp-json\/wp\/v2\/users\/2"}],"replies":[{"embeddable":true,"href":"https:\/\/literarnenoviny.sk\/servis\/wp-json\/wp\/v2\/comments?post=8411"}],"version-history":[{"count":0,"href":"https:\/\/literarnenoviny.sk\/servis\/wp-json\/wp\/v2\/posts\/8411\/revisions"}],"wp:attachment":[{"href":"https:\/\/literarnenoviny.sk\/servis\/wp-json\/wp\/v2\/media?parent=8411"}],"wp:term":[{"taxonomy":"category","embeddable":true,"href":"https:\/\/literarnenoviny.sk\/servis\/wp-json\/wp\/v2\/categories?post=8411"},{"taxonomy":"post_tag","embeddable":true,"href":"https:\/\/literarnenoviny.sk\/servis\/wp-json\/wp\/v2\/tags?post=8411"}],"curies":[{"name":"wp","href":"https:\/\/api.w.org\/{rel}","templated":true}]}}