{"id":7848,"date":"2019-08-13T15:45:08","date_gmt":"2019-08-13T13:45:08","guid":{"rendered":"https:\/\/literarnenoviny.sk\/servis\/?p=7848"},"modified":"2020-10-15T22:06:37","modified_gmt":"2020-10-15T20:06:37","slug":"vo-veku-69-rokov-zomrela-slovenska-dramaturgicka-a-scenaristka-katarina-minichova","status":"publish","type":"post","link":"https:\/\/literarnenoviny.sk\/servis\/vo-veku-69-rokov-zomrela-slovenska-dramaturgicka-a-scenaristka-katarina-minichova\/","title":{"rendered":"Vo veku 69 rokov zomrela slovensk\u00e1 telev\u00edzna scen\u00e1ristka Katar\u00edna Minichov\u00e1"},"content":{"rendered":"<p><strong>Vo veku 69 rokov zomrela slovensk\u00e1 dramaturgi\u010dka a&nbsp;scen\u00e1ristka Katar\u00edna Minichov\u00e1<\/strong>, na&nbsp;svojom webe o&nbsp;tom informovala verejnopr\u00e1vna <a href=\"https:\/\/www.rtvs.sk\/televizia\/clanky\/203014\/rtvs-si-pripomenie-dramaturgicku-a-scenaristku-katarinu-minichovu\" rel=\"noopener noreferrer\" target=\"_blank\">RTVS<\/a>.<\/p>\n<p>Absolventka dej\u00edn, te\u00f3rie filmu a&nbsp;estetiky na&nbsp;Filozofickej fakulte Univerzity Karlovej v&nbsp;Prahe p\u00f4sobila v&nbsp;Hlavnej redakcii programov pre&nbsp;deti a&nbsp;ml\u00e1de\u017e \u010ceskoslovenskej telev\u00edzie od&nbsp;roku 1976. Jej meno je&nbsp;sp\u00e4t\u00e9 s&nbsp;desiatkami seri\u00e1lov pre&nbsp;deti, medzi ktor\u00e9 patria tituly ako <em><strong>Bratislavsk\u00e9 rozpr\u00e1vky<\/strong><\/em>, <em><strong>\u010co rozpr\u00e1vala teta Srna<\/strong><\/em>, <em><strong>Rozpr\u00e1vky pod strom\u010dek<\/strong><\/em> \u010di&nbsp;<em><strong>Vt\u00e1k Gabo<\/strong><\/em>. <\/p>\n<p>Podp\u00edsala sa&nbsp;tie\u017e pod telev\u00edzne filmy <em><strong>Afrodita<\/strong><\/em> \u010di&nbsp;<em><strong>Tis\u00edci d\u017eb\u00e1n<\/strong><\/em>. Pre&nbsp;vydavate\u013estvo Buvik do&nbsp;sloven\u010diny prelo\u017eila v\u00fdchovn\u00fd rom\u00e1n anglick\u00e9ho spisovate\u013ea <a href=\"https:\/\/sk.wikipedia.org\/wiki\/Charles_Dickens\" rel=\"noopener noreferrer\" target=\"_blank\">Charlesa Dickensa<\/a> <em><strong>The Life of Our Lord<\/strong> (1849)<\/em>, ktor\u00fd s&nbsp;prol\u00f3gom Milana R\u00fafusa vy\u0161iel pod n\u00e1zvom <em><strong><a href=\"http:\/\/lib.bibiana.sk\/author.php?id=00000004069\" rel=\"noopener noreferrer\" target=\"_blank\">Evanjelium pod\u013ea Dickensa<\/a><\/strong><\/em> v&nbsp;roku 1999.<\/p>\n<p>Ako pedagogi\u010dka p\u00f4sobila na&nbsp;Katedre scen\u00e1ristiky a&nbsp;dramaturgie animovanej tvorby na&nbsp;bratislavskej Filmovej a&nbsp;telev\u00edznej fakulte V\u0160MU. Katar\u00edna Minichov\u00e1 bola programovou riadite\u013ekou <a href=\"http:\/\/www.bibiana.sk\/sk\/bienale-animacie-bratislava\" rel=\"noopener noreferrer\" target=\"_blank\">Bien\u00e1le anim\u00e1cie Bratislava<\/a>, \u010dlenkou mnoh\u00fdch medzin\u00e1rodn\u00fdch filmov\u00fdch por\u00f4t a&nbsp;viceprezidentkou <a href=\"https:\/\/www.cifej.com\/\" rel=\"noopener noreferrer\" target=\"_blank\">CIFEJ<\/a>.<\/p>\n<p style=\"text-align: right;\"><small>&mdash;&nbsp;<a href=\"https:\/\/www.rtvs.sk\/televizia\/clanky\/203014\/rtvs-si-pripomenie-dramaturgicku-a-scenaristku-katarinu-minichovu\" target=\"_blank\" rel=\"noopener noreferrer\">RTVS<\/a><\/small><\/p>\n<div class=\"gca-utility clearfix\"><\/div>\n<div class=\"gca-utility vertical-spacer\"><\/div>\n<p><center><span class=\"fullscreen\"><a href=\"\/\/www.martinus.sk\/?z=WLGC7F&#038;utm_source=z%3DWLGC7F&#038;utm_medium=banner1_468x60&#038;utm_campaign=partner\"><img decoding=\"async\" src=\"\/\/www.martinus.sk\/images\/banners\/468x60.jpg\" alt=\"www.martinus.sk\" \/><\/a><\/span><\/center><\/p>\n","protected":false},"excerpt":{"rendered":"<p>Vo veku 69 rokov zomrela slovensk\u00e1 dramaturgi\u010dka a&nbsp;scen\u00e1ristka Katar\u00edna Minichov\u00e1, na&nbsp;svojom webe o&nbsp;tom informovala verejnopr\u00e1vna RTVS. V&nbsp;Hlavnej redakcii programov pre&nbsp;deti a&nbsp;ml\u00e1de\u017e \u010ceskoslovenskej telev\u00edzie p\u00f4sobila od&nbsp;roku 1976. Jej meno je&nbsp;sp\u00e4t\u00e9 s&nbsp;desiatkami seri\u00e1lov pre&nbsp;deti. <a href=\"https:\/\/literarnenoviny.sk\/servis\/vo-veku-69-rokov-zomrela-slovenska-dramaturgicka-a-scenaristka-katarina-minichova\/\" class=\"more-link\">Cel\u00e1 spr\u00e1va <span class=\"meta-nav\">&rarr;<\/span><\/a><\/p>\n","protected":false},"author":2,"featured_media":0,"comment_status":"closed","ping_status":"closed","sticky":false,"template":"","format":"standard","meta":{"_links_to":"","_links_to_target":""},"categories":[1],"tags":[3,48,35,209],"_links":{"self":[{"href":"https:\/\/literarnenoviny.sk\/servis\/wp-json\/wp\/v2\/posts\/7848"}],"collection":[{"href":"https:\/\/literarnenoviny.sk\/servis\/wp-json\/wp\/v2\/posts"}],"about":[{"href":"https:\/\/literarnenoviny.sk\/servis\/wp-json\/wp\/v2\/types\/post"}],"author":[{"embeddable":true,"href":"https:\/\/literarnenoviny.sk\/servis\/wp-json\/wp\/v2\/users\/2"}],"replies":[{"embeddable":true,"href":"https:\/\/literarnenoviny.sk\/servis\/wp-json\/wp\/v2\/comments?post=7848"}],"version-history":[{"count":0,"href":"https:\/\/literarnenoviny.sk\/servis\/wp-json\/wp\/v2\/posts\/7848\/revisions"}],"wp:attachment":[{"href":"https:\/\/literarnenoviny.sk\/servis\/wp-json\/wp\/v2\/media?parent=7848"}],"wp:term":[{"taxonomy":"category","embeddable":true,"href":"https:\/\/literarnenoviny.sk\/servis\/wp-json\/wp\/v2\/categories?post=7848"},{"taxonomy":"post_tag","embeddable":true,"href":"https:\/\/literarnenoviny.sk\/servis\/wp-json\/wp\/v2\/tags?post=7848"}],"curies":[{"name":"wp","href":"https:\/\/api.w.org\/{rel}","templated":true}]}}