{"id":7727,"date":"2019-08-01T18:15:45","date_gmt":"2019-08-01T16:15:45","guid":{"rendered":"https:\/\/literarnenoviny.sk\/servis\/?p=7727"},"modified":"2019-08-04T23:07:15","modified_gmt":"2019-08-04T21:07:15","slug":"hlavnu-cenu-literarnej-sutaze-poviedka-2019-ziskala-autorka-dominika-moravcikova","status":"publish","type":"post","link":"https:\/\/literarnenoviny.sk\/servis\/hlavnu-cenu-literarnej-sutaze-poviedka-2019-ziskala-autorka-dominika-moravcikova\/","title":{"rendered":"Hlavn\u00fa cenu liter\u00e1rnej s\u00fa\u0165a\u017ee Poviedka 2019 z\u00edskala autorka Dominika Morav\u010d\u00edkov\u00e1"},"content":{"rendered":"<p><strong>V priamom prenose zo&nbsp;\u0161t\u00fadia <a href=\"https:\/\/devin.rtvs.sk\/clanky\/temy\/202135\/poviedka-2019\" rel=\"noopener noreferrer\" target=\"_blank\">R\u00e1dia Dev\u00edn<\/a> vyhl\u00e1sila porota v\u00fdsledky 23.&nbsp;ro\u010dn\u00edka liter\u00e1rnej s\u00fa\u0165a\u017ee <a href=\"http:\/\/poviedka.kkbagala.sk\/\" rel=\"noopener noreferrer\" target=\"_blank\">Poviedka 2019<\/a><\/strong>. Hlavn\u00fa cenu z\u00edskala poviedka <em><strong>Teplokrvn\u00fd druh<\/strong><\/em> od&nbsp;Dominiky Morav\u010d\u00edkovej zo&nbsp;Stre\u010dna, ktor\u00e1 v&nbsp;tejto s\u00fa\u0165a\u017ei u\u017e&nbsp;vlani z\u00edskala pr\u00e9miu.<\/p>\n<p>Vo v\u00ed\u0165aznej poviedke porota ocenila, \u017ee&nbsp;napriek pr\u00edbehu z&nbsp;minulosti bol cite\u013en\u00fd presah do&nbsp;s\u00fa\u010dasn\u00fdch t\u00e9m ako feminizmus alebo netradi\u010dn\u00e9 vz\u0165ahy. Z\u00e1rove\u0148 porotu oslovila vysok\u00e1 kvalita \u0161tylistiky a&nbsp;netradi\u010dn\u00e9 pou\u017e\u00edvanie jazykov\u00fdch prostriedkov.<\/p>\n<div class=\"gca-utility vertical-spacer\"><\/div>\n<center><iframe loading=\"lazy\" src=\"https:\/\/www.facebook.com\/plugins\/post.php?href=https%3A%2F%2Fwww.facebook.com%2Fnotes%2Fpoviedka-liter%25C3%25A1rna-s%25C3%25BA%25C5%25A5a%25C5%25BE%2Fpoviedka-2019-zoznam-laure%25C3%25A1tov%2F2602058959839405%2F&#038;width=500\" width=\"500\" height=\"556\" style=\"border:none;overflow:hidden\" scrolling=\"no\" frameborder=\"0\" allowTransparency=\"true\" allow=\"encrypted-media\"><\/iframe><\/center><br \/>\n<div class=\"gca-utility vertical-spacer\"><\/div>\n<p>Osem pr\u00e9miov\u00fdch ocenen\u00ed z\u00edskali autori Maro\u0161 Bafia, Nicol Hochholczerov\u00e1, Ivi Csalov\u00e1, Martin Longa, Michaela Macejkov\u00e1, Petra Stra\u010diakov\u00e1, Jakub Spev\u00e1k a&nbsp;Peter Getl\u00edk. V\u0161etky ocenen\u00e9 texty bud\u00fa publikovan\u00e9 v&nbsp;zborn\u00edku Poviedka 2019.<\/p>\n<p>Do s\u00fa\u0165a\u017ee bolo prihl\u00e1sen\u00fdch 300 pr\u00e1c, ktor\u00e9 hodnotila porota v&nbsp;zlo\u017een\u00ed So\u0148a Urikov\u00e1, Pavol Rankov, M\u00e1ria Modrovich, Marek Vadas, Karlos Kolbas, Dominika Madro a&nbsp;vyhlasovate\u013e s\u00fa\u0165a\u017ee Koloman Kert\u00e9sz Bagala. Ocenen\u00ed autori a&nbsp;autorky maj\u00fa \u0161ancu vyda\u0165 svoju samostatn\u00fa knihu.<\/p>\n<p style=\"text-align: right;\"><small>&mdash;&nbsp;<a href=\"https:\/\/www.facebook.com\/notes\/poviedka-liter\u00e1rna-s\u00fa\u0165a\u017e\/poviedka-2019-zoznam-laure\u00e1tov\/2602058959839405\/\" target=\"_blank\" rel=\"noopener noreferrer\">Poviedka 2019<\/a><\/small><\/p>\n<div class=\"gca-utility clearfix\"><\/div>\n<div class=\"gca-utility vertical-spacer\"><\/div>\n<p><center><span class=\"fullscreen\"><a href=\"\/\/www.martinus.sk\/?z=WLGC7F&#038;utm_source=z%3DWLGC7F&#038;utm_medium=banner1_468x60&#038;utm_campaign=partner\"><img decoding=\"async\" src=\"\/\/www.martinus.sk\/images\/banners\/468x60.jpg\" alt=\"www.martinus.sk\" \/><\/a><\/span><\/center><\/p>\n","protected":false},"excerpt":{"rendered":"<p>V priamom prenose zo&nbsp;\u0161t\u00fadia R\u00e1dia Dev\u00edn vyhl\u00e1sila porota v\u00fdsledky 23.&nbsp;ro\u010dn\u00edka liter\u00e1rnej s\u00fa\u0165a\u017ee Poviedka 2019. Hlavn\u00fa cenu z\u00edskala poviedka Teplokrvn\u00fd druh od&nbsp;Dominiky Morav\u010d\u00edkovej zo&nbsp;Stre\u010dna, ktor\u00e1 v&nbsp;tejto s\u00fa\u0165a\u017ei u\u017e&nbsp;vlani z\u00edskala pr\u00e9miu. Pr\u00e9miou poroto ocenila aj \u010fal\u0161\u00edch \u00f4smich autorov. <a href=\"https:\/\/literarnenoviny.sk\/servis\/hlavnu-cenu-literarnej-sutaze-poviedka-2019-ziskala-autorka-dominika-moravcikova\/\" class=\"more-link\">Cel\u00e1 spr\u00e1va <span class=\"meta-nav\">&rarr;<\/span><\/a><\/p>\n","protected":false},"author":2,"featured_media":0,"comment_status":"closed","ping_status":"closed","sticky":false,"template":"","format":"standard","meta":{"_links_to":"","_links_to_target":""},"categories":[1],"tags":[21,51,47],"_links":{"self":[{"href":"https:\/\/literarnenoviny.sk\/servis\/wp-json\/wp\/v2\/posts\/7727"}],"collection":[{"href":"https:\/\/literarnenoviny.sk\/servis\/wp-json\/wp\/v2\/posts"}],"about":[{"href":"https:\/\/literarnenoviny.sk\/servis\/wp-json\/wp\/v2\/types\/post"}],"author":[{"embeddable":true,"href":"https:\/\/literarnenoviny.sk\/servis\/wp-json\/wp\/v2\/users\/2"}],"replies":[{"embeddable":true,"href":"https:\/\/literarnenoviny.sk\/servis\/wp-json\/wp\/v2\/comments?post=7727"}],"version-history":[{"count":0,"href":"https:\/\/literarnenoviny.sk\/servis\/wp-json\/wp\/v2\/posts\/7727\/revisions"}],"wp:attachment":[{"href":"https:\/\/literarnenoviny.sk\/servis\/wp-json\/wp\/v2\/media?parent=7727"}],"wp:term":[{"taxonomy":"category","embeddable":true,"href":"https:\/\/literarnenoviny.sk\/servis\/wp-json\/wp\/v2\/categories?post=7727"},{"taxonomy":"post_tag","embeddable":true,"href":"https:\/\/literarnenoviny.sk\/servis\/wp-json\/wp\/v2\/tags?post=7727"}],"curies":[{"name":"wp","href":"https:\/\/api.w.org\/{rel}","templated":true}]}}