{"id":7667,"date":"2019-07-26T19:40:15","date_gmt":"2019-07-26T17:40:15","guid":{"rendered":"https:\/\/literarnenoviny.sk\/servis\/?p=7667"},"modified":"2020-10-15T22:06:37","modified_gmt":"2020-10-15T20:06:37","slug":"vo-veku-89-rokov-zomrel-vyznamny-slovensky-architekt-ferdinand-milucky","status":"publish","type":"post","link":"https:\/\/literarnenoviny.sk\/servis\/vo-veku-89-rokov-zomrel-vyznamny-slovensky-architekt-ferdinand-milucky\/","title":{"rendered":"Vo veku 89 rokov zomrel v\u00fdznamn\u00fd slovensk\u00fd architekt Ferdinand Milu\u010dk\u00fd"},"content":{"rendered":"<p><strong>Vo veku 89 rokov zomrel jeden z&nbsp;najv\u00fdznamnej\u0161\u00edch slovensk\u00fdch architektov druhej polovice 20.&nbsp;storo\u010dia <a href=\"https:\/\/sk.wikipedia.org\/wiki\/Ferdinand_Milu\u010dk\u00fd\" rel=\"noopener noreferrer\" target=\"_blank\">Ferdinand Milu\u010dk\u00fd<\/a><\/strong>. Posledn\u00e1 rozl\u00fa\u010dka bude vo&nbsp;\u0161tvrtok 1.&nbsp;augusta o&nbsp;11.00 v&nbsp;bratislavskom Kremat\u00f3riu, ktor\u00e9 sa&nbsp;pova\u017euje za&nbsp;jeho vrcholn\u00e9 dielo.  <\/p>\n<p>Po absolvovan\u00ed \u017eilinsk\u00e9ho gymn\u00e1zia \u0161tudoval na&nbsp;Fakulte architekt\u00fary Slovenskej vysokej \u0161koly technickej v&nbsp;Bratislave. Jeden z&nbsp;najoce\u0148ovanej\u0161\u00edch projektov je&nbsp;Kremat\u00f3rium a&nbsp;Urnov\u00fd h\u00e1j v&nbsp;Bratislave, ktor\u00fd je&nbsp;n\u00e1rodnou kult\u00farnou pamiatkou. Na&nbsp;projekte prv\u00e9ho kremat\u00f3ria na&nbsp;Slovensku pracoval od&nbsp;roku 1962 a\u017e do&nbsp;roku 1968.<\/p>\n<p><center><div class=\"gca-utility vertical-spacer\"><\/div>\n<blockquote class=\"twitter-tweet\">\n<p lang=\"und\" dir=\"ltr\">Arquitectura al otro lado del tel\u00f3n de&nbsp;acero: Ferdinand Milu\u010dk\u00fd v\u00eda <a href=\"https:\/\/twitter.com\/arqyempresa?ref_src=twsrc%5Etfw\">@arqyempresa<\/a> <a href=\"https:\/\/t.co\/t8sN0dY8nY\">https:\/\/t.co\/t8sN0dY8nY<\/a> <a href=\"https:\/\/t.co\/ZuB3MEQWZl\">pic.twitter.com\/ZuB3MEQWZl<\/a><\/p>\n<p>&mdash; Evvers (@Evvers_) <a href=\"https:\/\/twitter.com\/Evvers_\/status\/988801524678692865?ref_src=twsrc%5Etfw\">April 24, 2018<\/a><\/p><\/blockquote>\n<p> <script async src=\"https:\/\/platform.twitter.com\/widgets.js\" charset=\"utf-8\"><\/script><div class=\"gca-utility vertical-spacer\"><\/div><\/center><\/p>\n<p><em>\u201eKremat\u00f3rium je&nbsp;jedine\u010dn\u00fd pr\u00edbeh v&nbsp;mojom \u017eivote. V&nbsp;m\u00e1ji 1962 mi zomrela mama a&nbsp;v&nbsp;lete som mal u\u017e&nbsp;na&nbsp;stole skice kremat\u00f3ria. Vedel som, \u017ee&nbsp;to sprav\u00edm jednoduch\u00e9, krajne abstraktn\u00e9. Bola to atypick\u00e1 stavba od&nbsp;z\u00e1kladu, vtedy bolo v\u0161etko typov\u00e9 a&nbsp;\u0161tandardn\u00e9,\u201c<\/em> vyjadril sa&nbsp;architekt pred rokmi pre&nbsp;agent\u00faru TASR. <\/p>\n<p>Okrem ikonickej stavby Kremat\u00f3ria a&nbsp;Urnov\u00e9ho h\u00e1ja v&nbsp;Bratislave patria medzi jeho zn\u00e1me a&nbsp;oce\u0148ovan\u00e9 projekty aj Dom umenia v&nbsp;Pie\u0161\u0165anoch alebo bratislavsk\u00e9 s\u00eddlisko Tr\u00e1vniky.<\/p>\n<p>Autorsky sa&nbsp;podie\u013eal aj na&nbsp;budov\u00e1ch \u010deskoslovensk\u00fdch (dnes slovensk\u00fdch) ve\u013evyslanectiev v&nbsp;Moskve a&nbsp;R\u00edme. Ferdinand Milu\u010dk\u00fd sa&nbsp;venoval aj pamiatkovej tvorbe, urbanizmu a&nbsp;interi\u00e9rov\u00fdm projektom <em>(Kinoautomat a&nbsp;Slovensk\u00e1 re\u0161taur\u00e1cia pre&nbsp;svetov\u00fa v\u00fdstavu Expo \u201967 v&nbsp;Montreale)<\/em>.<\/p>\n<p style=\"text-align: right;\"><small>&mdash;&nbsp;<a href=\"---\" target=\"_blank\" rel=\"noopener noreferrer\">Liter\u00e1rne noviny<\/a><\/small><\/p>\n<div class=\"gca-utility clearfix\"><\/div>\n<div class=\"gca-utility vertical-spacer\"><\/div>\n<p><center><span class=\"fullscreen\"><a href=\"\/\/www.martinus.sk\/?z=WLGC7F&#038;utm_source=z%3DWLGC7F&#038;utm_medium=banner1_468x60&#038;utm_campaign=partner\"><img decoding=\"async\" src=\"\/\/www.martinus.sk\/images\/banners\/468x60.jpg\" alt=\"www.martinus.sk\" \/><\/a><\/span><\/center><\/p>\n","protected":false},"excerpt":{"rendered":"<p>Po absolvovan\u00ed \u017eilinsk\u00e9ho gymn\u00e1zia \u0161tudoval na&nbsp;Fakulte architekt\u00fary Slovenskej vysokej \u0161koly technickej v&nbsp;Bratislave. Jeden z&nbsp;jeho najoce\u0148ovanej\u0161\u00edch projektov je&nbsp;bratislavsk\u00e9 Kremat\u00f3rium a&nbsp;Urnov\u00fd h\u00e1j, ktor\u00fd je&nbsp;n\u00e1rodnou kult\u00farnou pamiatkou. Na&nbsp;projekte prv\u00e9ho kremat\u00f3ria na&nbsp;Slovensku pracoval od&nbsp;roku 1962 a\u017e do&nbsp;roku 1968. <a href=\"https:\/\/literarnenoviny.sk\/servis\/vo-veku-89-rokov-zomrel-vyznamny-slovensky-architekt-ferdinand-milucky\/\" class=\"more-link\">Cel\u00e1 spr\u00e1va <span class=\"meta-nav\">&rarr;<\/span><\/a><\/p>\n","protected":false},"author":2,"featured_media":0,"comment_status":"closed","ping_status":"closed","sticky":false,"template":"","format":"standard","meta":{"_links_to":"","_links_to_target":""},"categories":[1],"tags":[140,3,209],"_links":{"self":[{"href":"https:\/\/literarnenoviny.sk\/servis\/wp-json\/wp\/v2\/posts\/7667"}],"collection":[{"href":"https:\/\/literarnenoviny.sk\/servis\/wp-json\/wp\/v2\/posts"}],"about":[{"href":"https:\/\/literarnenoviny.sk\/servis\/wp-json\/wp\/v2\/types\/post"}],"author":[{"embeddable":true,"href":"https:\/\/literarnenoviny.sk\/servis\/wp-json\/wp\/v2\/users\/2"}],"replies":[{"embeddable":true,"href":"https:\/\/literarnenoviny.sk\/servis\/wp-json\/wp\/v2\/comments?post=7667"}],"version-history":[{"count":0,"href":"https:\/\/literarnenoviny.sk\/servis\/wp-json\/wp\/v2\/posts\/7667\/revisions"}],"wp:attachment":[{"href":"https:\/\/literarnenoviny.sk\/servis\/wp-json\/wp\/v2\/media?parent=7667"}],"wp:term":[{"taxonomy":"category","embeddable":true,"href":"https:\/\/literarnenoviny.sk\/servis\/wp-json\/wp\/v2\/categories?post=7667"},{"taxonomy":"post_tag","embeddable":true,"href":"https:\/\/literarnenoviny.sk\/servis\/wp-json\/wp\/v2\/tags?post=7667"}],"curies":[{"name":"wp","href":"https:\/\/api.w.org\/{rel}","templated":true}]}}