{"id":7638,"date":"2019-07-23T14:30:53","date_gmt":"2019-07-23T12:30:53","guid":{"rendered":"https:\/\/literarnenoviny.sk\/servis\/?p=7638"},"modified":"2020-10-15T22:06:37","modified_gmt":"2020-10-15T20:06:37","slug":"vo-veku-78-rokov-zomrela-popredna-nemecka-spisovatelka-brigitte-kronauerova","status":"publish","type":"post","link":"https:\/\/literarnenoviny.sk\/servis\/vo-veku-78-rokov-zomrela-popredna-nemecka-spisovatelka-brigitte-kronauerova\/","title":{"rendered":"Vo veku 78 rokov zomrela popredn\u00e1 nemeck\u00e1 spisovate\u013eka Brigitte Kronauerov\u00e1"},"content":{"rendered":"<p><strong>Vo veku 78 rokov zomrela nemeck\u00e1 spisovate\u013eka <a href=\"https:\/\/cs.wikipedia.org\/wiki\/Brigitte_Kronauerov\u00e1\" rel=\"noopener noreferrer\" target=\"_blank\">Brigitte Kronauerov\u00e1<\/a><\/strong>, ktor\u00e1 v&nbsp;roku 2005 z\u00edskala najv\u00fdznamnej\u0161ie nemeck\u00e9 liter\u00e1rne ocenenie <a href=\"https:\/\/www.deutscheakademie.de\/en\/awards\/georg-buechner-preis\" rel=\"noopener noreferrer\" target=\"_blank\">Cenu Georga B\u00fcchnera<\/a>.<\/p>\n<p>Kronauerov\u00e1 sa&nbsp;narodila 29.&nbsp;decembra 1940 v&nbsp;Essene. Po&nbsp;\u0161t\u00fadiu germanistiky a&nbsp;pedagogiky na&nbsp;univerzit\u00e1ch v&nbsp;Kol\u00edne nad R\u00fdnom a&nbsp;v&nbsp;Aachene pracovala ako u\u010dite\u013eka. Nesk\u00f4r predn\u00e1\u0161ala na&nbsp;r\u00f4znych univerzit\u00e1ch v&nbsp;odbore poetika.<\/p>\n<p><center><div class=\"gca-utility vertical-spacer\"><\/div>\n<blockquote class=\"twitter-tweet\">\n<p lang=\"de\" dir=\"ltr\">Zum Tod von Brigitte Kronauer: Mit dem Leuchtschwert geschrieben&#8230; <a href=\"https:\/\/t.co\/I6pw4zPV2u\">https:\/\/t.co\/I6pw4zPV2u<\/a><\/p>\n<p>&mdash; SPIEGEL ONLINE Kultur (@SPIEGEL_Kultur) <a href=\"https:\/\/twitter.com\/SPIEGEL_Kultur\/status\/1153720957518790656?ref_src=twsrc%5Etfw\">July 23, 2019<\/a><\/p><\/blockquote>\n<p> <script async src=\"https:\/\/platform.twitter.com\/widgets.js\" charset=\"utf-8\"><\/script><div class=\"gca-utility vertical-spacer\"><\/div><\/center><\/p>\n<p>Prv\u00e9 eseje a&nbsp;pr\u00f3zy v&nbsp;\u010dasopisoch publikovala u\u017e&nbsp;v&nbsp;\u0161es\u0165desiatych rokoch. V&nbsp;roku 1980 debutovala rom\u00e1nom <em><strong>Frau M\u00fchlenbeck im Geh\u00e4us<\/strong><\/em>. Medzi jej najv\u00fdznamnej\u0161ie diela patria rom\u00e1ny <em><strong>Teufelsbr\u00fcck<\/strong> (2003)<\/em> \u010di&nbsp;<em><strong>Verlangen nach Musik und Gebirge<\/strong> (2004)<\/em> alebo zbierka poviedok <em><strong>Die Tricks der Diva<\/strong> (2004)<\/em>. Jej posledn\u00fd rom\u00e1nov\u00fd titul z&nbsp;roku 2016 nesie n\u00e1zov <em><strong>Scheik von Aachen<\/strong><\/em>. <\/p>\n<p>Cena Georga B\u00fcchnera je&nbsp;pomenovan\u00e1 pod\u013ea nemeck\u00e9ho<a href=\"https:\/\/cs.wikipedia.org\/wiki\/Georg_B\u00fcchner\" rel=\"noopener noreferrer\" target=\"_blank\"> dramatika a&nbsp;revolucion\u00e1ra<\/a> z&nbsp;prvej polovice 19.&nbsp;storo\u010dia. Ka\u017edoro\u010dne od&nbsp;roku 1923 je&nbsp;ude\u013eovan\u00e1 vybran\u00fdm liter\u00e1tom alebo publicistom z&nbsp;nemecky hovoriacich kraj\u00edn, ktor\u00ed sa&nbsp;v\u00fdznamne podie\u013eali na&nbsp;aktu\u00e1lnom kult\u00farnom \u017eivote.<\/p>\n<p>Medzi nosite\u013emi tohto ocenenia n\u00e1jdeme tak\u00e9 osobnosti ako Heinrich B\u00f6ll, Friedrich D\u00fcrrenmatt, Erich K\u00e4stner, Max Frisch, G\u00fcnter Grass, George Tabori \u010di&nbsp;Wolf Bierman.<\/p>\n<p style=\"text-align: right;\"><small>&mdash;&nbsp;<a href=\"https:\/\/www.zeit.de\/kultur\/literatur\/2019-07\/schriftstellerin-brigitte-kronauer-gestorben\" target=\"_blank\" rel=\"noopener noreferrer\">Die Zeit<\/a><\/small><\/p>\n<div class=\"gca-utility clearfix\"><\/div>\n<div class=\"gca-utility vertical-spacer\"><\/div>\n<p><center><span class=\"fullscreen\"><a href=\"\/\/www.martinus.sk\/?z=WLGC7F&#038;utm_source=z%3DWLGC7F&#038;utm_medium=banner1_468x60&#038;utm_campaign=partner\"><img decoding=\"async\" src=\"\/\/www.martinus.sk\/images\/banners\/468x60.jpg\" alt=\"www.martinus.sk\" \/><\/a><\/span><\/center><\/p>\n","protected":false},"excerpt":{"rendered":"<p>Vo veku 78 rokov zomrela nemeck\u00e1 spisovate\u013eka Brigitte Kronauerov\u00e1, ktor\u00e1 v&nbsp;roku 2005 z\u00edskala najv\u00fdznamnej\u0161ie nemeck\u00e9 liter\u00e1rne ocenenie Cenu Georga B\u00fcchnera. Ocenenie pomenovan\u00e9 po&nbsp;nemeckom dramatikovi a&nbsp;revolucion\u00e1rovi je&nbsp;ka\u017edoro\u010dne od&nbsp;roku 1923 ude\u013eovan\u00e9 vybran\u00fdm liter\u00e1tom alebo publicistom z&nbsp;nemecky hovoriacich kraj\u00edn. <a href=\"https:\/\/literarnenoviny.sk\/servis\/vo-veku-78-rokov-zomrela-popredna-nemecka-spisovatelka-brigitte-kronauerova\/\" class=\"more-link\">Cel\u00e1 spr\u00e1va <span class=\"meta-nav\">&rarr;<\/span><\/a><\/p>\n","protected":false},"author":2,"featured_media":0,"comment_status":"closed","ping_status":"closed","sticky":false,"template":"","format":"standard","meta":{"_links_to":"","_links_to_target":""},"categories":[1],"tags":[3,21,209],"_links":{"self":[{"href":"https:\/\/literarnenoviny.sk\/servis\/wp-json\/wp\/v2\/posts\/7638"}],"collection":[{"href":"https:\/\/literarnenoviny.sk\/servis\/wp-json\/wp\/v2\/posts"}],"about":[{"href":"https:\/\/literarnenoviny.sk\/servis\/wp-json\/wp\/v2\/types\/post"}],"author":[{"embeddable":true,"href":"https:\/\/literarnenoviny.sk\/servis\/wp-json\/wp\/v2\/users\/2"}],"replies":[{"embeddable":true,"href":"https:\/\/literarnenoviny.sk\/servis\/wp-json\/wp\/v2\/comments?post=7638"}],"version-history":[{"count":0,"href":"https:\/\/literarnenoviny.sk\/servis\/wp-json\/wp\/v2\/posts\/7638\/revisions"}],"wp:attachment":[{"href":"https:\/\/literarnenoviny.sk\/servis\/wp-json\/wp\/v2\/media?parent=7638"}],"wp:term":[{"taxonomy":"category","embeddable":true,"href":"https:\/\/literarnenoviny.sk\/servis\/wp-json\/wp\/v2\/categories?post=7638"},{"taxonomy":"post_tag","embeddable":true,"href":"https:\/\/literarnenoviny.sk\/servis\/wp-json\/wp\/v2\/tags?post=7638"}],"curies":[{"name":"wp","href":"https:\/\/api.w.org\/{rel}","templated":true}]}}