{"id":7610,"date":"2019-07-18T08:30:23","date_gmt":"2019-07-18T06:30:23","guid":{"rendered":"https:\/\/literarnenoviny.sk\/servis\/?p=7610"},"modified":"2020-10-15T22:06:37","modified_gmt":"2020-10-15T20:06:37","slug":"vo-veku-58-rokov-zomrel-slovensky-basnik-a-literarny-redaktor-maros-bancej","status":"publish","type":"post","link":"https:\/\/literarnenoviny.sk\/servis\/vo-veku-58-rokov-zomrel-slovensky-basnik-a-literarny-redaktor-maros-bancej\/","title":{"rendered":"Vo veku 58 rokov zomrel slovensk\u00fd b\u00e1snik a&nbsp;liter\u00e1rny redaktor Maro\u0161 Ban\u010dej"},"content":{"rendered":"<p><strong>Vo veku 58 rokov zomrel slovensk\u00fd b\u00e1snik, liter\u00e1rny redaktor a&nbsp;publicista <a href=\"http:\/\/scpen.international\/team\/bancej-maros\/\" rel=\"noopener noreferrer\" target=\"_blank\">Maro\u0161 Ban\u010dej<\/a><\/strong>. Svoje prv\u00e9 b\u00e1sne za\u010dal uverej\u0148ova\u0165 koncom sedemdesiatych rokov v&nbsp;dobov\u00fdch liter\u00e1rnych \u010dasopisoch, nesk\u00f4r najm\u00e4 vo&nbsp;vtedaj\u0161om Liter\u00e1rnom t\u00fd\u017edenn\u00edku a&nbsp;v&nbsp;\u010dasopise pre&nbsp;mlad\u00fa literat\u00faru a&nbsp;umenie <a href=\"https:\/\/sk.wikipedia.org\/wiki\/Dotyky_(\u010dasopis)\" rel=\"noopener noreferrer\" target=\"_blank\">Dotyky<\/a>.<\/p>\n<p>Po roku 1990 otvorili spolu s&nbsp;<a href=\"https:\/\/sk.wikipedia.org\/wiki\/Jozef_Urban_(b\u00e1snik)\" rel=\"noopener noreferrer\" target=\"_blank\">Jozefom Urbanom<\/a> na&nbsp;str\u00e1nkach Dotykov priestor na&nbsp;konfront\u00e1ciu nov\u00fdch liter\u00e1rnych a&nbsp;estetick\u00fdch pr\u00fadov. Od&nbsp;roku 1991 sa&nbsp;stal \u0161\u00e9fredaktorom \u010dasopisu. Nesk\u00f4r spolupracoval so&nbsp;Slovenskou telev\u00edziou a&nbsp;pracoval v&nbsp;<a href=\"https:\/\/devin.rtvs.sk\/\" rel=\"noopener noreferrer\" target=\"_blank\">R\u00e1diu Dev\u00edn<\/a> aj v&nbsp;<a href=\"http:\/\/www.nocka.sk\/\" rel=\"noopener noreferrer\" target=\"_blank\">N\u00e1rodnom osvetovom centre<\/a>.<\/p>\n<div class=\"gca-utility vertical-spacer\"><\/div>\n<center><\/p>\n<div style=\"max-width:460px; min-width:270px;\">\n<blockquote class=\"twitter-tweet\" data-width=\"550\" data-dnt=\"true\">\n<p lang=\"und\" dir=\"ltr\">RTVS so&nbsp;z\u00e1rmutkom prijala spr\u00e1vu o&nbsp;\u00famrt\u00ed spisovate\u013ea, b\u00e1snika, text\u00e1ra, publicistu a&nbsp;dlhoro\u010dn\u00e9ho rozhlasov\u00e9ho spolupracovn\u00edka Mari\u00e1na Ban\u010deja, ktor\u00fd zomrel v&nbsp;stredu 17.&nbsp;j\u00fala vo&nbsp;veku 58 rokov. Jeho v\u00fdrazn\u00fa osobnos\u0165 si pripomenie vo&nbsp;svojom vysielan\u00ed. Viac: <a href=\"https:\/\/t.co\/XWAcjvdsgY\">https:\/\/t.co\/XWAcjvdsgY<\/a> <a href=\"https:\/\/t.co\/H1uknVWwKo\">pic.twitter.com\/H1uknVWwKo<\/a><\/p>\n<p>&mdash; RTVS (@rtvs) <a href=\"https:\/\/twitter.com\/rtvs\/status\/1151850877365493766?ref_src=twsrc%5Etfw\">July 18, 2019<\/a><\/p><\/blockquote>\n<p><script async src=\"https:\/\/platform.twitter.com\/widgets.js\" charset=\"utf-8\"><\/script>\n<\/div>\n<p><\/center><div class=\"gca-utility vertical-spacer\"><\/div>\n<p>Do literat\u00fary vst\u00fapil roku 1989 knihou <em><strong>V\u00fdstrel z&nbsp;motyky<\/strong><\/em>, v&nbsp;ktorej spolo\u010dne s&nbsp;n\u00edm publikovali samostatn\u00e9 liter\u00e1rne celky aj J\u00e1n Litv\u00e1k a&nbsp;Jozef Urban. Druh\u00e1 a&nbsp;u\u017e&nbsp;samostatn\u00e1 b\u00e1snick\u00e1 zbierka <em><strong>Pr\u00edli\u0161 tesn\u00e1 ko\u017ea<\/strong> (1995)<\/em> bola v\u00fdberom autorovej po\u00e9zie za&nbsp;predch\u00e1dzaj\u00face obdobie. <\/p>\n<p>Ban\u010dejove b\u00e1sne a&nbsp;pr\u00f3zy vy\u0161li aj v&nbsp;antol\u00f3gi\u00e1ch <em>D\u00fa\u0161ok jedu<\/em> a&nbsp;<em>S\u00faradnice<\/em>, ktor\u00e9 vy\u0161li v&nbsp;Ma\u010farku, ale aj v&nbsp;mnoh\u00fdch in\u00fdch. Z&nbsp;jeho liter\u00e1rnych esej\u00ed, fejt\u00f3nov a&nbsp;<em>\u201ekomentovan\u00fdch denn\u00edkov\u00fdch z\u00e1znamov a&nbsp;mystifik\u00e1ci\u00ed\u201c<\/em> vznikla kniha <em><strong>Maro\u0161 &#8211; Klebety a&nbsp;fakty<\/strong> (1997)<\/em>.<\/p>\n<p>Podstatn\u00e1 \u010das\u0165 tvorivej pr\u00e1ce Maro\u0161a Ban\u010deja v\u0161ak spo\u010d\u00edvala v&nbsp;jeho scen\u00e1ristickej, dramaturgickej a&nbsp;editorskej \u010dinnosti, a&nbsp;to najm\u00e4 po\u010das p\u00f4sobenia vo&nbsp;vtedaj\u0161\u00edch Dotykoch, Slovenskom rozhlase \u010di&nbsp;vo&nbsp;viacer\u00fdch kni\u017en\u00fdch vydavate\u013estv\u00e1ch. <\/p>\n<p style=\"text-align: right;\"><small>&mdash;&nbsp;<!a href=\"---\" target=\"_blank\" rel=\"noopener noreferrer\">Liter\u00e1rne noviny<\/a><\/small><\/p>\n<div class=\"gca-utility clearfix\"><\/div>\n<div class=\"gca-utility vertical-spacer\"><\/div>\n<p><center><span class=\"fullscreen\"><a href=\"\/\/www.martinus.sk\/?z=WLGC7F&#038;utm_source=z%3DWLGC7F&#038;utm_medium=banner1_468x60&#038;utm_campaign=partner\"><img decoding=\"async\" src=\"\/\/www.martinus.sk\/images\/banners\/468x60.jpg\" alt=\"www.martinus.sk\" \/><\/a><\/span><\/center><\/p>\n","protected":false},"excerpt":{"rendered":"<p>Vo veku 58 rokov zomrel slovensk\u00fd b\u00e1snik, liter\u00e1rny redaktor a&nbsp;publicista Maro\u0161 Ban\u010dej. Svoje prv\u00e9 b\u00e1sne za\u010dal uverej\u0148ova\u0165 koncom sedemdesiatych rokov v&nbsp;dobov\u00fdch liter\u00e1rnych \u010dasopisoch, nesk\u00f4r najm\u00e4 vo&nbsp;vtedaj\u0161om Liter\u00e1rnom t\u00fd\u017edenn\u00edku a&nbsp;v&nbsp;\u010dasopise pre&nbsp;mlad\u00fa literat\u00faru a&nbsp;umenie Dotyky. Po&nbsp;roku 1990 otvorili spolu s&nbsp;Jozefom Urbanom na&nbsp;str\u00e1nkach Dotykov priestor na&nbsp;konfront\u00e1ciu nov\u00fdch liter\u00e1rnych a&nbsp;estetick\u00fdch pr\u00fadov. <a href=\"https:\/\/literarnenoviny.sk\/servis\/vo-veku-58-rokov-zomrel-slovensky-basnik-a-literarny-redaktor-maros-bancej\/\" class=\"more-link\">Cel\u00e1 spr\u00e1va <span class=\"meta-nav\">&rarr;<\/span><\/a><\/p>\n","protected":false},"author":2,"featured_media":0,"comment_status":"closed","ping_status":"closed","sticky":false,"template":"","format":"standard","meta":{"_links_to":"","_links_to_target":""},"categories":[1],"tags":[3,33,83,209,27],"_links":{"self":[{"href":"https:\/\/literarnenoviny.sk\/servis\/wp-json\/wp\/v2\/posts\/7610"}],"collection":[{"href":"https:\/\/literarnenoviny.sk\/servis\/wp-json\/wp\/v2\/posts"}],"about":[{"href":"https:\/\/literarnenoviny.sk\/servis\/wp-json\/wp\/v2\/types\/post"}],"author":[{"embeddable":true,"href":"https:\/\/literarnenoviny.sk\/servis\/wp-json\/wp\/v2\/users\/2"}],"replies":[{"embeddable":true,"href":"https:\/\/literarnenoviny.sk\/servis\/wp-json\/wp\/v2\/comments?post=7610"}],"version-history":[{"count":0,"href":"https:\/\/literarnenoviny.sk\/servis\/wp-json\/wp\/v2\/posts\/7610\/revisions"}],"wp:attachment":[{"href":"https:\/\/literarnenoviny.sk\/servis\/wp-json\/wp\/v2\/media?parent=7610"}],"wp:term":[{"taxonomy":"category","embeddable":true,"href":"https:\/\/literarnenoviny.sk\/servis\/wp-json\/wp\/v2\/categories?post=7610"},{"taxonomy":"post_tag","embeddable":true,"href":"https:\/\/literarnenoviny.sk\/servis\/wp-json\/wp\/v2\/tags?post=7610"}],"curies":[{"name":"wp","href":"https:\/\/api.w.org\/{rel}","templated":true}]}}