{"id":76,"date":"2017-03-29T14:10:25","date_gmt":"2017-03-29T12:10:25","guid":{"rendered":"http:\/\/www.literarnenoviny.sk\/servis\/?p=76"},"modified":"2017-03-29T14:10:25","modified_gmt":"2017-03-29T12:10:25","slug":"spevak-bob-dylan-si-cez-vikend-v-stokholme-osobne-prevezme-nobelovu-cenu-za-literaturu","status":"publish","type":"post","link":"https:\/\/literarnenoviny.sk\/servis\/spevak-bob-dylan-si-cez-vikend-v-stokholme-osobne-prevezme-nobelovu-cenu-za-literaturu\/","title":{"rendered":"Spev\u00e1k Bob Dylan si cez v\u00edkend v&nbsp;\u0160tokholme osobne prevezme Nobelovu cenu za&nbsp;literat\u00faru"},"content":{"rendered":"<p>Spev\u00e1k Bob Dylan si cez v\u00edkend v&nbsp;\u0160tokholme osobne prevezme Nobelovu cenu za&nbsp;literat\u00faru<\/p>\n","protected":false},"excerpt":{"rendered":"<p>Spev\u00e1k Bob Dylan si cez v\u00edkend v&nbsp;\u0160tokholme osobne prevezme Nobelovu cenu za&nbsp;literat\u00faru <a href=\"https:\/\/literarnenoviny.sk\/servis\/spevak-bob-dylan-si-cez-vikend-v-stokholme-osobne-prevezme-nobelovu-cenu-za-literaturu\/\" class=\"more-link\">Cel\u00e1 spr\u00e1va <span class=\"meta-nav\">&rarr;<\/span><\/a><\/p>\n","protected":false},"author":2,"featured_media":0,"comment_status":"closed","ping_status":"open","sticky":false,"template":"","format":"standard","meta":{"_links_to":"","_links_to_target":""},"categories":[1],"tags":[4,3,21],"_links":{"self":[{"href":"https:\/\/literarnenoviny.sk\/servis\/wp-json\/wp\/v2\/posts\/76"}],"collection":[{"href":"https:\/\/literarnenoviny.sk\/servis\/wp-json\/wp\/v2\/posts"}],"about":[{"href":"https:\/\/literarnenoviny.sk\/servis\/wp-json\/wp\/v2\/types\/post"}],"author":[{"embeddable":true,"href":"https:\/\/literarnenoviny.sk\/servis\/wp-json\/wp\/v2\/users\/2"}],"replies":[{"embeddable":true,"href":"https:\/\/literarnenoviny.sk\/servis\/wp-json\/wp\/v2\/comments?post=76"}],"version-history":[{"count":0,"href":"https:\/\/literarnenoviny.sk\/servis\/wp-json\/wp\/v2\/posts\/76\/revisions"}],"wp:attachment":[{"href":"https:\/\/literarnenoviny.sk\/servis\/wp-json\/wp\/v2\/media?parent=76"}],"wp:term":[{"taxonomy":"category","embeddable":true,"href":"https:\/\/literarnenoviny.sk\/servis\/wp-json\/wp\/v2\/categories?post=76"},{"taxonomy":"post_tag","embeddable":true,"href":"https:\/\/literarnenoviny.sk\/servis\/wp-json\/wp\/v2\/tags?post=76"}],"curies":[{"name":"wp","href":"https:\/\/api.w.org\/{rel}","templated":true}]}}