{"id":7541,"date":"2019-07-12T13:30:23","date_gmt":"2019-07-12T11:30:23","guid":{"rendered":"https:\/\/literarnenoviny.sk\/servis\/?p=7541"},"modified":"2019-07-16T22:05:14","modified_gmt":"2019-07-16T20:05:14","slug":"cast-bratislavskeho-namestia-snp-by-sa-mohla-stat-namestim-neznej-revolucie","status":"publish","type":"post","link":"https:\/\/literarnenoviny.sk\/servis\/cast-bratislavskeho-namestia-snp-by-sa-mohla-stat-namestim-neznej-revolucie\/","title":{"rendered":"\u010cas\u0165 bratislavsk\u00e9ho N\u00e1mestia SNP by sa&nbsp;mohla sta\u0165 N\u00e1mest\u00edm Ne\u017enej revol\u00facie"},"content":{"rendered":"<p><strong><a href=\"https:\/\/www.bratislava.sk\/\" rel=\"noopener noreferrer\" target=\"_blank\">Bratislavsk\u00fd magistr\u00e1t<\/a> chce pomenova\u0165 \u010das\u0165 N\u00e1mestia SNP po&nbsp;Ne\u017enej revol\u00faci\u00ed<\/strong>. Pod\u013ea prim\u00e1tora Mat\u00fa\u0161a Valla si 30.&nbsp;v\u00fdro\u010die p\u00e1du totality treba pripomen\u00fa\u0165 sp\u00f4sobom, ktor\u00fd zostane pr\u00edtomn\u00fd natrvalo.<\/p>\n<p><em>\u201eAko najvhodnej\u0161ia mo\u017enos\u0165 sa&nbsp;n\u00e1m jav\u00ed pomenova\u0165 n\u00e1zvom N\u00e1mestie Ne\u017enej revol\u00facie \u010das\u0165 N\u00e1mestia SNP pred Starou Tr\u017enicou,\u201c <\/em>uviedol na&nbsp;svojej <a href=\"https:\/\/www.facebook.com\/vallo.primator\/posts\/1298635466961116\" rel=\"noopener noreferrer\" target=\"_blank\">facebookovej str\u00e1nke<\/a> braislavsk\u00fd prim\u00e1tor Mat\u00fa\u0161 Vallo.<\/p>\n<p><center><div class=\"gca-utility vertical-spacer\"><\/div><iframe loading=\"lazy\" src=\"https:\/\/www.facebook.com\/plugins\/post.php?href=https%3A%2F%2Fwww.facebook.com%2Fvallo.primator%2Fposts%2F1298635466961116&#038;width=500\" width=\"500\" height=\"595\" style=\"border:none;overflow:hidden\" scrolling=\"no\" frameborder=\"0\" allowTransparency=\"true\" allow=\"encrypted-media\"><\/iframe><div class=\"gca-utility vertical-spacer\"><\/div><\/center><\/p>\n<p>Magistr\u00e1t u\u017e&nbsp;po\u017eiadal starostku <a href=\"https:\/\/www.staremesto.sk\/\" rel=\"noopener noreferrer\" target=\"_blank\">Star\u00e9ho Mesta<\/a> Zuzanu Aufrichtov\u00fa, aby tak\u00fdto n\u00e1vrh predlo\u017eila poslancom mestskej \u010dasti.<\/p>\n<p>Po schv\u00e1len\u00ed Star\u00fdm Mestom priprav\u00ed magistr\u00e1t n\u00e1vrh v\u0161eobecne z\u00e1v\u00e4zn\u00e9ho nariadenia, ktor\u00fd by po&nbsp;prerokovan\u00ed na&nbsp;komisii kult\u00fary, ochrany historick\u00fdch pamiatok a&nbsp;n\u00e1slednom prerokovan\u00ed na&nbsp;zasadnut\u00ed mestskej rady predlo\u017eili na&nbsp;schv\u00e1lenie zastupite\u013estvu hlavn\u00e9ho mesta.<\/p>\n<p><em>\u201eRovnako ako pri ned\u00e1vno premenovanom priestranstve pred Slovensk\u00fdm n\u00e1rodn\u00fdm m\u00fazeom, ktor\u00e9 nesie n\u00e1zov N\u00e1mestie T. G. Masaryka, si aj udalosti novembra 1989 zasl\u00fa\u017eia vyhradi\u0165 verejn\u00e9 priestranstvo, ktor\u00e9 by pripom\u00ednalo boj za&nbsp;slobodu a&nbsp;demokraciu, v&nbsp;ktorej dnes \u017eijeme,\u201c<\/em> dodal Vallo.<\/p>\n<p style=\"text-align: right;\"><small>&mdash;&nbsp;<a href=\"https:\/\/www.facebook.com\/vallo.primator\/posts\/1298635466961116\" target=\"_blank\" rel=\"noopener noreferrer\">Prim\u00e1tor Bratislavy<\/a><\/small><\/p>\n<div class=\"gca-utility clearfix\"><\/div>\n<div class=\"gca-utility vertical-spacer\"><\/div>\n<p><center><span class=\"fullscreen\"><a href=\"\/\/www.martinus.sk\/?z=WLGC7F&#038;utm_source=z%3DWLGC7F&#038;utm_medium=banner1_468x60&#038;utm_campaign=partner\"><img decoding=\"async\" src=\"\/\/www.martinus.sk\/images\/banners\/468x60_red.jpg\" alt=\"www.martinus.sk\" \/><\/a><\/span><\/center><\/p>\n","protected":false},"excerpt":{"rendered":"<p>Bratislavsk\u00fd magistr\u00e1t chce pomenova\u0165 \u010das\u0165 N\u00e1mestia SNP po&nbsp;Ne\u017enej revol\u00faci\u00ed. Pod\u013ea prim\u00e1tora Bratislavy Mat\u00fa\u0161a Valla si 30.&nbsp;v\u00fdro\u010die p\u00e1du totality treba pripomen\u00fa\u0165 sp\u00f4sobom, ktor\u00fd zostane pr\u00edtomn\u00fd natrvalo. N\u00e1mestie Ne\u017enej revol\u00facie by tvorila teraj\u0161ia \u010das\u0165 N\u00e1mestia SNP pred Starou Tr\u017enicou. <a href=\"https:\/\/literarnenoviny.sk\/servis\/cast-bratislavskeho-namestia-snp-by-sa-mohla-stat-namestim-neznej-revolucie\/\" class=\"more-link\">Cel\u00e1 spr\u00e1va <span class=\"meta-nav\">&rarr;<\/span><\/a><\/p>\n","protected":false},"author":2,"featured_media":0,"comment_status":"closed","ping_status":"closed","sticky":false,"template":"","format":"standard","meta":{"_links_to":"","_links_to_target":""},"categories":[1],"tags":[5,76,23],"_links":{"self":[{"href":"https:\/\/literarnenoviny.sk\/servis\/wp-json\/wp\/v2\/posts\/7541"}],"collection":[{"href":"https:\/\/literarnenoviny.sk\/servis\/wp-json\/wp\/v2\/posts"}],"about":[{"href":"https:\/\/literarnenoviny.sk\/servis\/wp-json\/wp\/v2\/types\/post"}],"author":[{"embeddable":true,"href":"https:\/\/literarnenoviny.sk\/servis\/wp-json\/wp\/v2\/users\/2"}],"replies":[{"embeddable":true,"href":"https:\/\/literarnenoviny.sk\/servis\/wp-json\/wp\/v2\/comments?post=7541"}],"version-history":[{"count":0,"href":"https:\/\/literarnenoviny.sk\/servis\/wp-json\/wp\/v2\/posts\/7541\/revisions"}],"wp:attachment":[{"href":"https:\/\/literarnenoviny.sk\/servis\/wp-json\/wp\/v2\/media?parent=7541"}],"wp:term":[{"taxonomy":"category","embeddable":true,"href":"https:\/\/literarnenoviny.sk\/servis\/wp-json\/wp\/v2\/categories?post=7541"},{"taxonomy":"post_tag","embeddable":true,"href":"https:\/\/literarnenoviny.sk\/servis\/wp-json\/wp\/v2\/tags?post=7541"}],"curies":[{"name":"wp","href":"https:\/\/api.w.org\/{rel}","templated":true}]}}