{"id":7471,"date":"2019-07-08T17:00:43","date_gmt":"2019-07-08T15:00:43","guid":{"rendered":"https:\/\/literarnenoviny.sk\/servis\/?p=7471"},"modified":"2019-07-09T20:43:19","modified_gmt":"2019-07-09T18:43:19","slug":"zahorska-kniznica-v-senici-vyhlasila-dalsi-rocnik-celoslovenskej-literarnej-sutaze","status":"publish","type":"post","link":"https:\/\/literarnenoviny.sk\/servis\/zahorska-kniznica-v-senici-vyhlasila-dalsi-rocnik-celoslovenskej-literarnej-sutaze\/","title":{"rendered":"Z\u00e1horsk\u00e1 kni\u017enica v&nbsp;Senici vyhl\u00e1sila \u010fal\u0161\u00ed ro\u010dn\u00edk celoslovenskej liter\u00e1rnej s\u00fa\u0165a\u017ee"},"content":{"rendered":"<p><strong><a href=\"http:\/\/zahorskakniznica.eu\" rel=\"noopener noreferrer\" target=\"_blank\">Z\u00e1horsk\u00e1 kni\u017enica<\/a> vyhl\u00e1sila 33.&nbsp;ro\u010dn\u00edk celoslovenskej autorskej s\u00fa\u0165a\u017ee <em><a href=\"http:\/\/zahorskakniznica.eu\/index.php\/projekty\/1225-literarna-senica-ladislava-novomeskeho-2019\" rel=\"noopener noreferrer\" target=\"_blank\">Liter\u00e1rna Senica Ladislava Novomesk\u00e9ho<\/a><\/em><\/strong>, do&nbsp;ktorej je&nbsp;mo\u017en\u00e9 zasiela\u0165 doposia\u013e kni\u017ene nepublikovan\u00e9 pr\u00e1ce. S\u00fa\u0165a\u017e\u00ed sa&nbsp;v&nbsp;liter\u00e1rnych \u017e\u00e1nroch po\u00e9zia, pr\u00f3za, report\u00e1\u017e, cestopis a&nbsp;dramatick\u00fd \u00fatvar. <\/p>\n<p>Ka\u017ed\u00fd autor m\u00f4\u017ee do&nbsp;s\u00fa\u0165a\u017ee posla\u0165 najviac 5 poetick\u00fdch, resp. prozaick\u00fdch \u00fatvarov v&nbsp;slovenskom jazyku, v&nbsp;rozsahu maxim\u00e1lne 20 strojom p\u00edsan\u00fdch str\u00e1n <em>(normostr\u00e1n)<\/em> v&nbsp;dvoch tla\u010den\u00fdch verzi\u00e1ch a&nbsp;jednej elektronickej k\u00f3pii <em>(MS Word)<\/em>. Uz\u00e1vierka s\u00fa\u0165a\u017ee je&nbsp;30.&nbsp;septembra 2019. <\/p>\n<div class=\"gca-utility vertical-spacer\"><\/div>\n<p><center><iframe loading=\"lazy\" src=\"https:\/\/www.facebook.com\/plugins\/post.php?href=https%3A%2F%2Fwww.facebook.com%2Fcitame.si%2Fposts%2F2153609954688568&#038;width=500\" width=\"500\" height=\"463\" style=\"border:none;overflow:hidden\" scrolling=\"no\" frameborder=\"0\" allowTransparency=\"true\" allow=\"encrypted-media\"><\/iframe><\/center><\/p>\n<p>Odborn\u00e1 porota o&nbsp;v\u00ed\u0165azoch liter\u00e1rnej s\u00fa\u0165a\u017ee rozhodne 5.&nbsp;decembra. V\u00fdsledky bud\u00fa publikovan\u00e9 na&nbsp;<em><a href=\"http:\/\/www.zahorskakniznica.eu\" rel=\"noopener noreferrer\" target=\"_blank\">www.zahorskakniznica.eu<\/a><\/em> a&nbsp;<em><a href=\"http:\/\/www.infolib.sk\" rel=\"noopener noreferrer\" target=\"_blank\">www.infolib.sk<\/a><\/em>.<\/p>\n<p>Liter\u00e1rnu Senicu Ladislava Novomesk\u00e9ho organizuje Z\u00e1horska kni\u017enica spolo\u010dne s&nbsp;<a href=\"https:\/\/www.trnava-vuc.sk\" rel=\"noopener noreferrer\" target=\"_blank\">Trnavsk\u00fdm samospr\u00e1vnym krajom<\/a>, mestom <a href=\"https:\/\/senica.sk\/\" rel=\"noopener noreferrer\" target=\"_blank\">Senica<\/a>, <a href=\"http:\/\/slnnr.flm.sk\/\" rel=\"noopener noreferrer\" target=\"_blank\">Spolo\u010dnos\u0165ou Ladislava Novomesk\u00e9ho<\/a> a&nbsp;bratislavsk\u00fdm <a href=\"https:\/\/www.litcentrum.sk\/\" rel=\"noopener noreferrer\" target=\"_blank\">Liter\u00e1rnym informa\u010dn\u00fdm centrom<\/a>.<\/p>\n<p>Ocenen\u00e9 a&nbsp;porotou odpor\u00fa\u010dan\u00e9 pr\u00e1ce bud\u00fa publikovan\u00e9 v&nbsp;internom zborn\u00edku. Podrobn\u00e9 inform\u00e1cie o&nbsp;podmienkach s\u00fa\u0165a\u017ee a&nbsp;jednotliv\u00fdch cen\u00e1ch s\u00fa zverejnen\u00e9 na&nbsp;webe <a href=\"http:\/\/zahorskakniznica.eu\" rel=\"noopener noreferrer\" target=\"_blank\">Z\u00e1horskej kni\u017enice<\/a>.<\/p>\n<p style=\"text-align: right;\"><small>&mdash;&nbsp;<a href=\"http:\/\/zahorskakniznica.eu\/index.php\/projekty\/1225-literarna-senica-ladislava-novomeskeho-2019\" target=\"_blank\" rel=\"noopener noreferrer\"> Z\u00e1horsk\u00e1 kni\u017enica<\/a><\/small><\/p>\n<div class=\"gca-utility clearfix\"><\/div>\n<div class=\"gca-utility vertical-spacer\"><\/div>\n<p><center><span class=\"fullscreen\"><a href=\"\/\/www.martinus.sk\/?z=WLGC7F&#038;utm_source=z%3DWLGC7F&#038;utm_medium=banner1_468x60&#038;utm_campaign=partner\"><img decoding=\"async\" src=\"\/\/www.martinus.sk\/images\/banners\/468x60.jpg\" alt=\"www.martinus.sk\" \/><\/a><\/span><\/center><\/p>\n","protected":false},"excerpt":{"rendered":"<p>Z\u00e1horsk\u00e1 kni\u017enica vyhl\u00e1sila 33.&nbsp;ro\u010dn\u00edk celoslovenskej autorskej s\u00fa\u0165a\u017ee Liter\u00e1rna Senica Ladislava Novomesk\u00e9ho, do&nbsp;ktorej je&nbsp;mo\u017en\u00e9 zasiela\u0165 doposia\u013e kni\u017ene nepublikovan\u00e9 pr\u00e1ce. S\u00fa\u0165a\u017e\u00ed sa&nbsp;v&nbsp;liter\u00e1rnych \u017e\u00e1nroch po\u00e9zia, pr\u00f3za, report\u00e1\u017e, cestopis a&nbsp;dramatick\u00fd \u00fatvar. Uz\u00e1vierka s\u00fa\u0165a\u017ee je&nbsp;30.&nbsp;septembra 2019. <a href=\"https:\/\/literarnenoviny.sk\/servis\/zahorska-kniznica-v-senici-vyhlasila-dalsi-rocnik-celoslovenskej-literarnej-sutaze\/\" class=\"more-link\">Cel\u00e1 spr\u00e1va <span class=\"meta-nav\">&rarr;<\/span><\/a><\/p>\n","protected":false},"author":2,"featured_media":0,"comment_status":"closed","ping_status":"closed","sticky":false,"template":"","format":"standard","meta":{"_links_to":"","_links_to_target":""},"categories":[1],"tags":[49,52],"_links":{"self":[{"href":"https:\/\/literarnenoviny.sk\/servis\/wp-json\/wp\/v2\/posts\/7471"}],"collection":[{"href":"https:\/\/literarnenoviny.sk\/servis\/wp-json\/wp\/v2\/posts"}],"about":[{"href":"https:\/\/literarnenoviny.sk\/servis\/wp-json\/wp\/v2\/types\/post"}],"author":[{"embeddable":true,"href":"https:\/\/literarnenoviny.sk\/servis\/wp-json\/wp\/v2\/users\/2"}],"replies":[{"embeddable":true,"href":"https:\/\/literarnenoviny.sk\/servis\/wp-json\/wp\/v2\/comments?post=7471"}],"version-history":[{"count":0,"href":"https:\/\/literarnenoviny.sk\/servis\/wp-json\/wp\/v2\/posts\/7471\/revisions"}],"wp:attachment":[{"href":"https:\/\/literarnenoviny.sk\/servis\/wp-json\/wp\/v2\/media?parent=7471"}],"wp:term":[{"taxonomy":"category","embeddable":true,"href":"https:\/\/literarnenoviny.sk\/servis\/wp-json\/wp\/v2\/categories?post=7471"},{"taxonomy":"post_tag","embeddable":true,"href":"https:\/\/literarnenoviny.sk\/servis\/wp-json\/wp\/v2\/tags?post=7471"}],"curies":[{"name":"wp","href":"https:\/\/api.w.org\/{rel}","templated":true}]}}