{"id":7407,"date":"2019-06-26T18:45:31","date_gmt":"2019-06-26T16:45:31","guid":{"rendered":"https:\/\/literarnenoviny.sk\/servis\/?p=7407"},"modified":"2019-06-28T18:04:06","modified_gmt":"2019-06-28T16:04:06","slug":"nove-vydanie-ceskeho-tyzdennika-respekt-prinasa-prilohu-o-slovenskej-literature","status":"publish","type":"post","link":"https:\/\/literarnenoviny.sk\/servis\/nove-vydanie-ceskeho-tyzdennika-respekt-prinasa-prilohu-o-slovenskej-literature\/","title":{"rendered":"Nov\u00e9 vydanie \u010desk\u00e9ho t\u00fd\u017edenn\u00edka Respekt prin\u00e1\u0161a pr\u00edlohu o&nbsp;slovenskej literat\u00fare"},"content":{"rendered":"<p><strong>Najnov\u0161ie dvoj\u010d\u00edslo zn\u00e1meho \u010desk\u00e9ho t\u00fd\u017edenn\u00edka <em><a href=\"https:\/\/www.respekt.cz\/tydenik\/2019\/26\" rel=\"noopener noreferrer\" target=\"_blank\">Respekt<\/a><\/em> prin\u00e1\u0161a rozsiahlu liter\u00e1rnu pr\u00edlohu venovan\u00fa slovensk\u00fdm autorom<\/strong>. V&nbsp;\u00favodnom \u010dl\u00e1nku pr\u00edlohy nazvanom <em><strong><a href=\"https:\/\/www.respekt.cz\/tydenik\/2019\/26\/caute?issueId=100407\" rel=\"noopener noreferrer\" target=\"_blank\">\u010caute!<\/a><\/strong><\/em> jeho autor Jan H. Vitvar avizuje:<\/p>\n<p><em>\u201eNajdete tu texty reflektuj\u00edc\u00ed slovenskou dynamickou sou\u010dasnost (Milo Jan\u00e1\u010d, Daniel Majling) i&nbsp;bolestnou minulost (Silvester Lavr\u00edk), texty odleh\u010den\u011b memo\u00e1rov\u00e9 (Du\u0161an Mitana, Michal Havran) i&nbsp;ho\u0159ce osobn\u00ed (Ivana Dobrakovov\u00e1), nab\u00edz\u00edme v\u00e1m uk\u00e1zky k\u0159ehk\u00e9 poezie (Erik Jakub Groch) i&nbsp;hutn\u00fdch rom\u00e1n\u016f (Veronika \u0160ikulov\u00e1, Vanda Rozenbergov\u00e1).\u201c<\/em><\/p>\n<p><center><div class=\"gca-utility vertical-spacer\"><\/div>\n<blockquote class=\"twitter-tweet\" data-lang=\"sk\">\n<p lang=\"cs\" dir=\"ltr\">Nezapome\u0148te si na&nbsp;l\u00e9to do&nbsp;batohu nebo tabletu p\u0159ibalit nov\u00fd Respekt, 56 stran liter\u00e1rn\u00ed p\u0159\u00edlohy p\u0159ijde na&nbsp;cest\u00e1ch vhod. Tentokr\u00e1t jsme ji v\u011bnovali sou\u010dasn\u00fdm slovensk\u00fdm autor\u016fm. P\u0159ejeme v\u00e1m p\u011bkn\u00e9 letn\u00ed \u010dten\u00ed a&nbsp;ide\u00e1ln\u011b i&nbsp;\u201epr\u00edjemn\u00fa dovolenku\u201c. <a href=\"https:\/\/t.co\/ThNEWP7SO3\">https:\/\/t.co\/ThNEWP7SO3<\/a> ?\ufe0f?<\/p>\n<p>&mdash; T\u00fdden\u00edk Respekt (@RESPEKT_CZ) <a href=\"https:\/\/twitter.com\/RESPEKT_CZ\/status\/1143798929378742273?ref_src=twsrc%5Etfw\">26.&nbsp;j\u00fana 2019<\/a><\/p><\/blockquote>\n<p><script async src=\"https:\/\/platform.twitter.com\/widgets.js\" charset=\"utf-8\"><\/script><div class=\"gca-utility vertical-spacer\"><\/div><\/center><\/p>\n<p>Okrem uk\u00e1\u017eok pr\u00edloha obsahuje aj rozhovor s&nbsp;\u010desk\u00fdm liter\u00e1rnym historikom a&nbsp;prekladate\u013eom Lubom\u00edrom Machalom. Ten sa&nbsp;ukr\u00fdva pod n\u00e1zvom <em><strong><a href=\"https:\/\/www.respekt.cz\/tydenik\/2019\/26\/cachticka-pani-a-pak-nula\" rel=\"noopener noreferrer\" target=\"_blank\">\u010cachtick\u00e1 pan\u00ed a&nbsp;pak nula<\/a><\/strong><\/em>.<\/p>\n<p>Pr\u00edloha, ktor\u00fa redakcia pripravovala v&nbsp;spolupr\u00e1ci so&nbsp;slovensk\u00fdm <a href=\"https:\/\/www.litcentrum.sk\/\" rel=\"noopener noreferrer\" target=\"_blank\">Liter\u00e1rnym informa\u010dn\u00fdm centrom<\/a>, je&nbsp;sprev\u00e1dzan\u00e1 fotografiami Milana Jaro\u0161a. <\/p>\n<p>V\u0161etky \u010dl\u00e1nky aj uk\u00e1\u017eky s\u00fa dostupn\u00e9 v&nbsp;klasickom tla\u010denom aj v&nbsp;online vydan\u00ed Respektu.<\/p>\n<p style=\"text-align: right;\"><small>&mdash;&nbsp;<a href=\"https:\/\/www.respekt.cz\/tydenik\/2019\/26\" target=\"_blank\" rel=\"noopener noreferrer\">Respekt<\/a><\/small><\/p>\n<div class=\"gca-utility clearfix\"><\/div>\n<div class=\"gca-utility vertical-spacer\"><\/div>\n<p><center><span class=\"fullscreen\"><a href=\"\/\/www.martinus.sk\/?z=WLGC7F&#038;utm_source=z%3DWLGC7F&#038;utm_medium=banner1_468x60&#038;utm_campaign=partner\"><img decoding=\"async\" src=\"\/\/www.martinus.sk\/images\/banners\/468x60_red.jpg\" alt=\"www.martinus.sk\" \/><\/a><\/span><\/center><\/p>\n","protected":false},"excerpt":{"rendered":"<p>Najnov\u0161ie dvoj\u010d\u00edslo zn\u00e1meho zn\u00e1meho \u010desk\u00e9ho t\u00fd\u017edenn\u00edka Respekt prin\u00e1\u0161a rozsiahlu liter\u00e1rnu pr\u00edlohu venovan\u00fa slovensk\u00fdm autorom. Pr\u00edloha s&nbsp;uk\u00e1\u017ekami diel a&nbsp;rozhovor s&nbsp;\u010desk\u00fdm liter\u00e1rnym historikom a&nbsp;prekladate\u013eom Lubom\u00edrom Machalom je&nbsp;dostupn\u00e1 v&nbsp;klasickom tla\u010denom aj v&nbsp;online vydan\u00ed. <a href=\"https:\/\/literarnenoviny.sk\/servis\/nove-vydanie-ceskeho-tyzdennika-respekt-prinasa-prilohu-o-slovenskej-literature\/\" class=\"more-link\">Cel\u00e1 spr\u00e1va <span class=\"meta-nav\">&rarr;<\/span><\/a><\/p>\n","protected":false},"author":2,"featured_media":0,"comment_status":"closed","ping_status":"closed","sticky":false,"template":"","format":"standard","meta":{"_links_to":"","_links_to_target":""},"categories":[1],"tags":[4,33,27],"_links":{"self":[{"href":"https:\/\/literarnenoviny.sk\/servis\/wp-json\/wp\/v2\/posts\/7407"}],"collection":[{"href":"https:\/\/literarnenoviny.sk\/servis\/wp-json\/wp\/v2\/posts"}],"about":[{"href":"https:\/\/literarnenoviny.sk\/servis\/wp-json\/wp\/v2\/types\/post"}],"author":[{"embeddable":true,"href":"https:\/\/literarnenoviny.sk\/servis\/wp-json\/wp\/v2\/users\/2"}],"replies":[{"embeddable":true,"href":"https:\/\/literarnenoviny.sk\/servis\/wp-json\/wp\/v2\/comments?post=7407"}],"version-history":[{"count":0,"href":"https:\/\/literarnenoviny.sk\/servis\/wp-json\/wp\/v2\/posts\/7407\/revisions"}],"wp:attachment":[{"href":"https:\/\/literarnenoviny.sk\/servis\/wp-json\/wp\/v2\/media?parent=7407"}],"wp:term":[{"taxonomy":"category","embeddable":true,"href":"https:\/\/literarnenoviny.sk\/servis\/wp-json\/wp\/v2\/categories?post=7407"},{"taxonomy":"post_tag","embeddable":true,"href":"https:\/\/literarnenoviny.sk\/servis\/wp-json\/wp\/v2\/tags?post=7407"}],"curies":[{"name":"wp","href":"https:\/\/api.w.org\/{rel}","templated":true}]}}