{"id":7302,"date":"2019-06-14T17:00:24","date_gmt":"2019-06-14T15:00:24","guid":{"rendered":"https:\/\/literarnenoviny.sk\/servis\/?p=7302"},"modified":"2019-06-15T15:06:41","modified_gmt":"2019-06-15T13:06:41","slug":"zacal-sa-siesty-rocnik-multizanroveho-bratislavskeho-knizneho-festivalu-brak","status":"publish","type":"post","link":"https:\/\/literarnenoviny.sk\/servis\/zacal-sa-siesty-rocnik-multizanroveho-bratislavskeho-knizneho-festivalu-brak\/","title":{"rendered":"Za\u010dal sa&nbsp;\u0161iesty ro\u010dn\u00edk multi\u017e\u00e1nrov\u00e9ho Bratislavsk\u00e9ho kni\u017en\u00e9ho festivalu BRaK"},"content":{"rendered":"<p><strong>V bratislavskej Novej Cvernovke sa&nbsp;za\u010dal \u0161iesty ro\u010dn\u00edk multi\u017e\u00e1nrov\u00e9ho <a href=\"https:\/\/brakfestival.sk\" rel=\"noopener noreferrer\" target=\"_blank\">kni\u017en\u00e9ho festivalu BRaK<\/a><\/strong>. Na&nbsp;tohtoro\u010dnom podujat\u00ed sa&nbsp;predstav\u00ed viac ako 35 slovensk\u00fdch a&nbsp;\u010desk\u00fdch vydavate\u013eov. Jednoducho to najlep\u0161ie, nielen z&nbsp;kni\u017enej tvorby.<\/p>\n<p>T\u00e9mou <a href=\"https:\/\/brakfestival.sk\" rel=\"noopener noreferrer\" target=\"_blank\">Bratislavsk\u00e9ho kni\u017en\u00e9ho festivalu<\/a> je&nbsp;<em><strong>melanch\u00f3lia<\/strong><\/em>. Programov\u00e1 \u010das\u0165 festivalu bude aj geograficky zameran\u00e1 na&nbsp;susedn\u00e9 Ma\u010farsko.<\/p>\n<p><center><div class=\"gca-utility vertical-spacer\"><\/div><iframe loading=\"lazy\" src=\"https:\/\/www.facebook.com\/plugins\/video.php?href=https%3A%2F%2Fwww.facebook.com%2Fbrakfestival%2Fvideos%2F2317891211583368%2F&#038;show_text=1&#038;width=560\" width=\"560\" height=\"464\" style=\"border:none;overflow:hidden\" scrolling=\"no\" frameborder=\"0\" allowTransparency=\"true\" allow=\"encrypted-media\" allowFullScreen=\"true\"><\/iframe><div class=\"gca-utility vertical-spacer\"><\/div><\/center><\/p>\n<p><em>\u201eMelanch\u00f3lia sa&nbsp;vzpiera defin\u00edcii u\u017e&nbsp;cel\u00e9 st\u00e1ro\u010dia a&nbsp;len kovan\u00fd nemelancholik by mohol sebavedomo vyhl\u00e1si\u0165, \u017ee&nbsp;vie, \u010do&nbsp;melanch\u00f3lia skuto\u010dne je. L\u00e1szl\u00f3 F. F\u00f6ld\u00e9nyi, ma\u010farsk\u00fd filozof a&nbsp;asi najv\u00e4\u010d\u0161\u00ed \u017eij\u00faci odborn\u00edk na&nbsp;melanch\u00f3liu, n\u00e1m do&nbsp;festivalov\u00e9ho katal\u00f3gu spr\u00edstupnil svoj text z&nbsp;\u00favodu jeho knihy \u00d3da na&nbsp;melanch\u00f3liu,\u201c<\/em> uviedol spoluzakladate\u013e BRaKu Franti\u0161ek Mal\u00edk.<\/p>\n<p>Pozvanie na&nbsp;festival prijal aj holandsk\u00fd report\u00e9r Frank Westerman, ktor\u00fd predstav\u00ed historick\u00fa report\u00e1\u017e <em>\u010cist\u00e1 biela rasa<\/em>. V&nbsp;nej objas\u0148uje fascinuj\u00faci pr\u00edbeh lipicansk\u00fdch kon\u00ed. Na&nbsp;jeho pozad\u00ed sa&nbsp;zrkadl\u00ed modern\u00e1 hist\u00f3ria Eur\u00f3py \u2013 vojny, etnick\u00e9 konflikty a&nbsp;hist\u00f3ria konskej drez\u00fary.<\/p>\n<p>S\u00fa\u010das\u0165ou BRaKu bud\u00fa aj diskusie a&nbsp;stretnutia s&nbsp;autormi, workshopy, divadeln\u00e9 a&nbsp;filmov\u00e9 predstavenia \u010di&nbsp;koncerty. T\u00e9mou prvej diskusie bude <em>\u201eSloboda\u201c<\/em>, diskutova\u0165 bud\u00fa spisovatelia Jana Be\u0148ov\u00e1 <em>(Slovensko)<\/em>, Radka Denemarkov\u00e1 <em>(\u010cesko)<\/em>, Aleksander Kaczorowski <em>(Po\u013esko)<\/em> a&nbsp;Ferenc Czinki <em>(Ma\u010farsko)<\/em>, ktor\u00ed predstavia svoj poh\u013ead na&nbsp;aktu\u00e1lne dianie v&nbsp;strednej Eur\u00f3pe.<\/p>\n<p style=\"text-align: right;\"><small>&mdash;&nbsp;<a href=\"https:\/\/brakfestival.sk\" target=\"_blank\" rel=\"noopener noreferrer\">BRaK<\/a><\/small><\/p>\n<div class=\"gca-utility clearfix\"><\/div>\n<div class=\"gca-utility vertical-spacer\"><\/div>\n<p><center><span class=\"fullscreen\"><a href=\"\/\/www.martinus.sk\/?z=WLGC7F&#038;utm_source=z%3DWLGC7F&#038;utm_medium=banner1_468x60&#038;utm_campaign=partner\"><img decoding=\"async\" src=\"\/\/www.martinus.sk\/images\/banners\/468x60_red.jpg\" alt=\"www.martinus.sk\" \/><\/a><\/span><\/center><\/p>\n","protected":false},"excerpt":{"rendered":"<p>V bratislavskej Novej Cvernovke sa&nbsp;za\u010dal \u0161iesty ro\u010dn\u00edk multi\u017e\u00e1nrov\u00e9ho kni\u017en\u00e9ho festivalu BRaK. Na&nbsp;tohtoro\u010dnom podujat\u00ed sa&nbsp;predstav\u00ed viac ako 35 slovensk\u00fdch a&nbsp;\u010desk\u00fdch vydavate\u013eov. Jednoducho to najlep\u0161ie, nielen z&nbsp;kni\u017enej tvorby. <a href=\"https:\/\/literarnenoviny.sk\/servis\/zacal-sa-siesty-rocnik-multizanroveho-bratislavskeho-knizneho-festivalu-brak\/\" class=\"more-link\">Cel\u00e1 spr\u00e1va <span class=\"meta-nav\">&rarr;<\/span><\/a><\/p>\n","protected":false},"author":2,"featured_media":0,"comment_status":"closed","ping_status":"closed","sticky":false,"template":"","format":"standard","meta":{"_links_to":"","_links_to_target":""},"categories":[1],"tags":[15,14,32],"_links":{"self":[{"href":"https:\/\/literarnenoviny.sk\/servis\/wp-json\/wp\/v2\/posts\/7302"}],"collection":[{"href":"https:\/\/literarnenoviny.sk\/servis\/wp-json\/wp\/v2\/posts"}],"about":[{"href":"https:\/\/literarnenoviny.sk\/servis\/wp-json\/wp\/v2\/types\/post"}],"author":[{"embeddable":true,"href":"https:\/\/literarnenoviny.sk\/servis\/wp-json\/wp\/v2\/users\/2"}],"replies":[{"embeddable":true,"href":"https:\/\/literarnenoviny.sk\/servis\/wp-json\/wp\/v2\/comments?post=7302"}],"version-history":[{"count":0,"href":"https:\/\/literarnenoviny.sk\/servis\/wp-json\/wp\/v2\/posts\/7302\/revisions"}],"wp:attachment":[{"href":"https:\/\/literarnenoviny.sk\/servis\/wp-json\/wp\/v2\/media?parent=7302"}],"wp:term":[{"taxonomy":"category","embeddable":true,"href":"https:\/\/literarnenoviny.sk\/servis\/wp-json\/wp\/v2\/categories?post=7302"},{"taxonomy":"post_tag","embeddable":true,"href":"https:\/\/literarnenoviny.sk\/servis\/wp-json\/wp\/v2\/tags?post=7302"}],"curies":[{"name":"wp","href":"https:\/\/api.w.org\/{rel}","templated":true}]}}