{"id":7296,"date":"2019-06-14T13:38:55","date_gmt":"2019-06-14T11:38:55","guid":{"rendered":"https:\/\/literarnenoviny.sk\/servis\/?p=7296"},"modified":"2019-06-15T15:02:06","modified_gmt":"2019-06-15T13:02:06","slug":"slovensky-ringier-axel-springer-meni-vedenie-jeho-doterajsi-sef-odstupuje","status":"publish","type":"post","link":"https:\/\/literarnenoviny.sk\/servis\/slovensky-ringier-axel-springer-meni-vedenie-jeho-doterajsi-sef-odstupuje\/","title":{"rendered":"Slovensk\u00fd Ringier Axel Springer men\u00ed vedenie, jeho doteraj\u0161\u00ed \u0161\u00e9f odstupuje"},"content":{"rendered":"<p><strong>Slovensk\u00e1 \u010das\u0165 \u0161vaj\u010diarsko-\u00adnemeck\u00e9ho vydavate\u013estva Ringier Axel Springer men\u00ed vedenie, jej doteraj\u0161\u00ed \u0161\u00e9f Milan Dubec odstupuje<\/strong> zo&nbsp;svojej funkcie. Riadenie medi\u00e1lneho domu od&nbsp;septembra preber\u00fa dvaja \u010dlenovia predstavenstva Michal Maru\u0161ka a&nbsp;Peter Holl\u00fd.<\/p>\n<p>Doteraj\u0161\u00ed CEO na\u010falej zost\u00e1va akcion\u00e1rom spolo\u010dnosti. Milan Dubec zast\u00e1val poz\u00edciu gener\u00e1lneho riadite\u013ea Ringier Axel Springer Slovakia od&nbsp;roku 2015, ke\u010f sa&nbsp;jeho spolo\u010dno\u010dnos\u0165 Azet.sk s&nbsp;Ringierom zl\u00fa\u010dila. Ringier Axel Springer sa&nbsp;stal majoritn\u00fdm akcion\u00e1rom Azetu u\u017e&nbsp;roku 2010.<\/p>\n<p><center><div class=\"gca-utility vertical-spacer\"><\/div>\n<blockquote class=\"twitter-tweet\" data-lang=\"sk\">\n<p lang=\"cs\" dir=\"ltr\">Milan Dubec odch\u00e1z\u00ed z&nbsp;\u0159\u00edzen\u00ed Ringier Axel Springer SK, men\u0161inov\u00fdm akcion\u00e1\u0159em (12,5&nbsp;%) z\u016fst\u00e1v\u00e1 <a href=\"https:\/\/t.co\/lH4ifEaKkY\">https:\/\/t.co\/lH4ifEaKkY<\/a><\/p>\n<p>&mdash; MediaGuru SK (@MediaGuruSK) <a href=\"https:\/\/twitter.com\/MediaGuruSK\/status\/1139508703240044545?ref_src=twsrc%5Etfw\">14.&nbsp;j\u00fana 2019<\/a><\/p><\/blockquote>\n<p><script async src=\"https:\/\/platform.twitter.com\/widgets.js\" charset=\"utf-8\"><\/script><div class=\"gca-utility vertical-spacer\"><\/div><\/center><\/p>\n<p><em>\u201eBola to \u00fa\u017easn\u00e1 jazda a&nbsp;chcem sa&nbsp;po\u010fakova\u0165 ka\u017ed\u00e9mu, kto bol jej s\u00fa\u010das\u0165ou. Vybudovali sme v\u00fdnimo\u010dn\u00e9 produkty a&nbsp;skvel\u00fa firmu, o&nbsp;ktorej som pred vy\u0161e dvadsiatimi rokmi len sn\u00edval. St\u00e1le ost\u00e1vam s\u00fa\u010das\u0165ou tohto sna, aj ke\u010f u\u017e&nbsp;len ako akcion\u00e1r,\u201c<\/em> komentoval svoj odchod doteraj\u0161\u00ed riadite\u013e. <\/p>\n<p>E\u0161te do&nbsp;minul\u00e9ho roku patril Ringier Axel Springer medzi l\u00eddrov slovensk\u00e9ho medi\u00e1lneho trhu. Zmenilo sa&nbsp;to v&nbsp;lete 2018, ke\u010f vydavate\u013estvo predalo naj\u010d\u00edtanej\u0161\u00ed slovensk\u00fd denn\u00edk <em>Nov\u00fd \u010cas<\/em> a&nbsp;\u010fal\u0161ie \u00faspe\u0161ne tituly svojim konkurentom. Denn\u00edk <em>Nov\u00fd \u010das<\/em> z\u00edskala spolo\u010dnos\u0165 FPD Media, a&nbsp;\u010dasopiseck\u00fd segment prevzal expanduj\u00faci slovensk\u00fd News And Media Holding, patriaci do&nbsp;skupiny Penta Investments.<\/p>\n<p>Ringieru ostali online tituly <em>Aktuality.sk<\/em>, <em>\u0160port.sk<\/em>, <em>Diva.sk<\/em>, <em>\u017div\u00e9.sk<\/em> a&nbsp;<em>Noizz.sk<\/em>. Prostredn\u00edctvom dc\u00e9rskej spolo\u010dnosti United Classifieds vlastn\u00ed aj inzertn\u00e9 port\u00e1ly <em>Autobaz\u00e1r.sk<\/em>, <em>Nehnute\u013enosti.sk<\/em> \u010di&nbsp;<em>TopReality.sk<\/em>.<\/p>\n<p style=\"text-align: right;\"><small>&mdash;&nbsp;<a href=\"https:\/\/www.aktuality.sk\/clanok\/700815\/milan-dubec-skonci-ako-ceo-slovenskeho-ringier-axel-springer\/\" target=\"_blank\" rel=\"noopener noreferrer\">Aktuality.sk<\/a><\/small><\/p>\n<div class=\"gca-utility clearfix\"><\/div>\n<div class=\"gca-utility vertical-spacer\"><\/div>\n<p><center><span class=\"fullscreen\"><script type=\"text\/javascript\" src=\"\/\/partner.mrtns.eu\/banners\/banner.js?type=banner&#038;brand_id=1&#038;uItem=438065&#038;size=full&#038;show_price=0&#038;color=orange&#038;z=WLGC7F\"><\/script><\/span><\/center><\/p>\n","protected":false},"excerpt":{"rendered":"<p>Slovensk\u00e1 \u010das\u0165 \u0161vaj\u010diarsko-\u00adnemeck\u00e9ho vydavate\u013estva Ringier Axel Springer men\u00ed vedenie, jej doteraj\u0161\u00ed \u0161\u00e9f Milan Dubec odstupuje zo&nbsp;svojej funkcie. Riadenie medi\u00e1lneho domu od&nbsp;septembra preber\u00fa dvaja \u010dlenovia predstavenstva Michal Maru\u0161ka a&nbsp;Peter Holl\u00fd. <a href=\"https:\/\/literarnenoviny.sk\/servis\/slovensky-ringier-axel-springer-meni-vedenie-jeho-doterajsi-sef-odstupuje\/\" class=\"more-link\">Cel\u00e1 spr\u00e1va <span class=\"meta-nav\">&rarr;<\/span><\/a><\/p>\n","protected":false},"author":2,"featured_media":0,"comment_status":"closed","ping_status":"closed","sticky":false,"template":"","format":"standard","meta":{"_links_to":"","_links_to_target":""},"categories":[1],"tags":[33,34,27],"_links":{"self":[{"href":"https:\/\/literarnenoviny.sk\/servis\/wp-json\/wp\/v2\/posts\/7296"}],"collection":[{"href":"https:\/\/literarnenoviny.sk\/servis\/wp-json\/wp\/v2\/posts"}],"about":[{"href":"https:\/\/literarnenoviny.sk\/servis\/wp-json\/wp\/v2\/types\/post"}],"author":[{"embeddable":true,"href":"https:\/\/literarnenoviny.sk\/servis\/wp-json\/wp\/v2\/users\/2"}],"replies":[{"embeddable":true,"href":"https:\/\/literarnenoviny.sk\/servis\/wp-json\/wp\/v2\/comments?post=7296"}],"version-history":[{"count":0,"href":"https:\/\/literarnenoviny.sk\/servis\/wp-json\/wp\/v2\/posts\/7296\/revisions"}],"wp:attachment":[{"href":"https:\/\/literarnenoviny.sk\/servis\/wp-json\/wp\/v2\/media?parent=7296"}],"wp:term":[{"taxonomy":"category","embeddable":true,"href":"https:\/\/literarnenoviny.sk\/servis\/wp-json\/wp\/v2\/categories?post=7296"},{"taxonomy":"post_tag","embeddable":true,"href":"https:\/\/literarnenoviny.sk\/servis\/wp-json\/wp\/v2\/tags?post=7296"}],"curies":[{"name":"wp","href":"https:\/\/api.w.org\/{rel}","templated":true}]}}