{"id":701,"date":"2017-08-09T15:10:42","date_gmt":"2017-08-09T13:10:42","guid":{"rendered":"https:\/\/literarnenoviny.sk\/servis\/?p=701"},"modified":"2020-10-15T22:06:42","modified_gmt":"2020-10-15T20:06:42","slug":"nova-sprava","status":"publish","type":"post","link":"https:\/\/literarnenoviny.sk\/servis\/nova-sprava\/","title":{"rendered":"Vo veku 70 rokov zomrel legend\u00e1rny slovensk\u00fd hudobn\u00edk a&nbsp;skladate\u013e Mari\u00e1n Varga"},"content":{"rendered":"<p>Vo veku 70 rokov zomrel Mari\u00e1n Varga, hudobn\u00edk, skladate\u013e a&nbsp;jedna z&nbsp;najv\u00e4\u010d\u0161\u00edch osobnost\u00ed slovenskej kult\u00fary<\/p>\n","protected":false},"excerpt":{"rendered":"<p>Vo veku 70 rokov zomrel Mari\u00e1n Varga, hudobn\u00edk, skladate\u013e a&nbsp;jedna z&nbsp;najv\u00e4\u010d\u0161\u00edch osobnost\u00ed slovenskej kult\u00fary <a href=\"https:\/\/literarnenoviny.sk\/servis\/nova-sprava\/\" class=\"more-link\">Cel\u00e1 spr\u00e1va <span class=\"meta-nav\">&rarr;<\/span><\/a><\/p>\n","protected":false},"author":2,"featured_media":0,"comment_status":"closed","ping_status":"closed","sticky":false,"template":"","format":"standard","meta":{"_links_to":"","_links_to_target":""},"categories":[1],"tags":[209],"_links":{"self":[{"href":"https:\/\/literarnenoviny.sk\/servis\/wp-json\/wp\/v2\/posts\/701"}],"collection":[{"href":"https:\/\/literarnenoviny.sk\/servis\/wp-json\/wp\/v2\/posts"}],"about":[{"href":"https:\/\/literarnenoviny.sk\/servis\/wp-json\/wp\/v2\/types\/post"}],"author":[{"embeddable":true,"href":"https:\/\/literarnenoviny.sk\/servis\/wp-json\/wp\/v2\/users\/2"}],"replies":[{"embeddable":true,"href":"https:\/\/literarnenoviny.sk\/servis\/wp-json\/wp\/v2\/comments?post=701"}],"version-history":[{"count":0,"href":"https:\/\/literarnenoviny.sk\/servis\/wp-json\/wp\/v2\/posts\/701\/revisions"}],"wp:attachment":[{"href":"https:\/\/literarnenoviny.sk\/servis\/wp-json\/wp\/v2\/media?parent=701"}],"wp:term":[{"taxonomy":"category","embeddable":true,"href":"https:\/\/literarnenoviny.sk\/servis\/wp-json\/wp\/v2\/categories?post=701"},{"taxonomy":"post_tag","embeddable":true,"href":"https:\/\/literarnenoviny.sk\/servis\/wp-json\/wp\/v2\/tags?post=701"}],"curies":[{"name":"wp","href":"https:\/\/api.w.org\/{rel}","templated":true}]}}