{"id":6779,"date":"2019-04-24T20:45:59","date_gmt":"2019-04-24T18:45:59","guid":{"rendered":"https:\/\/literarnenoviny.sk\/servis\/?p=6779"},"modified":"2019-04-24T23:31:19","modified_gmt":"2019-04-24T21:31:19","slug":"medzinarodny-tlacovy-institut-vyzval-slovensko-aby-vysetrilo-sledovanie-novinarov","status":"publish","type":"post","link":"https:\/\/literarnenoviny.sk\/servis\/medzinarodny-tlacovy-institut-vyzval-slovensko-aby-vysetrilo-sledovanie-novinarov\/","title":{"rendered":"Medzin\u00e1rodn\u00fd tla\u010dov\u00fd in\u0161tit\u00fat vyzval Slovensko, aby vy\u0161etrilo sledovanie novin\u00e1rov"},"content":{"rendered":"<p><strong><a href=\"https:\/\/ipi.media\/\" rel=\"noopener noreferrer\" target=\"_blank\">Medzin\u00e1rodn\u00fd tla\u010dov\u00fd in\u0161tit\u00fat<\/a> vyzval slovensk\u00e9 org\u00e1ny, aby presk\u00famali spr\u00e1vy o&nbsp;systematickom sledovan\u00ed novin\u00e1rov pre&nbsp;Mari\u00e1na Ko\u010dnera<\/strong>, ktor\u00fd je&nbsp;obvinen\u00fd aj z&nbsp;objednania vra\u017edy report\u00e9ra J\u00e1na Kuciaka a&nbsp;jeho sn\u00fabenice Martiny Ku\u0161n\u00edrovej. <\/p>\n<p>Sledovanie na&nbsp;Ko\u010dnerovu objedn\u00e1vku organizoval b\u00fdval\u00fd novin\u00e1r a&nbsp;spravodajsk\u00fd agent Peter T\u00f3th. Skupina zhroma\u017e\u010fovala inform\u00e1cie, ktor\u00e9 chcel potom pou\u017ei\u0165 na&nbsp;diskredit\u00e1ciu nepohodln\u00fdch novin\u00e1rov a&nbsp;systematicky sledovala ich s\u00fakromn\u00fd \u017eivot a&nbsp;ka\u017edodenn\u00fd pohyb.<\/p>\n<p><center><div class=\"gca-utility vertical-spacer\"><\/div>\n<blockquote class=\"twitter-tweet\" data-conversation=\"none\" data-lang=\"sk\">\n<p lang=\"en\" dir=\"ltr\"><a href=\"https:\/\/twitter.com\/hashtag\/Slovakia?src=hash&amp;ref_src=twsrc%5Etfw\">#Slovakia<\/a> media reveal mass surveillance targeting critical journalists. Operation accessed police databases to obtain private info and stalked journalists in their private lives &#8211; even while picking up kids at kindergarten. Authorities must investigate.<a href=\"https:\/\/t.co\/eysEux5PEa\">https:\/\/t.co\/eysEux5PEa<\/a><\/p>\n<p>&mdash; IPI (@globalfreemedia) <a href=\"https:\/\/twitter.com\/globalfreemedia\/status\/1121059200182947842?ref_src=twsrc%5Etfw\">24.&nbsp;apr\u00edla 2019<\/a><\/p><\/blockquote>\n<p><script async src=\"https:\/\/platform.twitter.com\/widgets.js\" charset=\"utf-8\"><\/script><div class=\"gca-utility vertical-spacer\"><\/div><\/center><\/p>\n<p>Pod\u013ea m\u00e9di\u00ed mal obvinen\u00fd Ko\u010dner aj rozsiahly pr\u00edstup k&nbsp;policajn\u00fdm datab\u00e1zam a&nbsp;o&nbsp;novin\u00e1roch mal k&nbsp;dispoz\u00edci\u00ed \u00fadaje od&nbsp;eviden\u010dn\u00fdch \u010d\u00edsel vozidiel a\u017e po&nbsp;da\u0148ov\u00e9 inform\u00e1cie. Z\u00e1stupca riadite\u013ea <a href=\"https:\/\/ipi.media\/\" rel=\"noopener noreferrer\" target=\"_blank\">International Press Institute<\/a> Scott Griffen uviedol, \u017ee&nbsp;slovensk\u00e9 org\u00e1ny by mali tieto spr\u00e1vy ur\u00fdchlene presk\u00fama\u0165.<\/p>\n<p><em>\u201eTento znepokojiv\u00fd a&nbsp;neopr\u00e1vnen\u00fd z\u00e1sah do&nbsp;s\u00fakromn\u00e9ho \u017eivota novin\u00e1rov s&nbsp;cie\u013eom zdiskreditova\u0165 ich predstavuje neprijate\u013en\u00fd \u00fatok na&nbsp;slobodu tla\u010de so&nbsp;z\u00e1merom zastra\u0161i\u0165 a&nbsp;uml\u010da\u0165 slovensk\u00e9 nez\u00e1visl\u00e9 m\u00e9di\u00e1,\u201c<\/em> kon\u0161tatoval Griffen.<\/p>\n<p>Vra\u017eda investigativn\u00e9ho novin\u00e1ra J\u00e1na Kuciaka vyvolala na&nbsp;Slovensku najv\u00e4\u010d\u0161ie masov\u00e9 protesty od&nbsp;p\u00e1du komunistick\u00e9ho re\u017eimu v&nbsp;roku 1989 a&nbsp;don\u00fatila k&nbsp;rezign\u00e1cii b\u00fdval\u00e9ho premi\u00e9ra Roberta Fica, ministra vn\u00fatra Roberta Kali\u0148\u00e1ka aj policajn\u00e9ho prezidenta Tibora Ga\u0161para.<\/p>\n<p style=\"text-align: right;\"><small>&mdash;&nbsp;<a href=\"https:\/\/ipi.media\/ipi-urges-slovakia-to-investigate-surveillance-of-journalists\/\" target=\"_blank\" rel=\"noopener noreferrer\">International Press Institute<\/a><\/small><\/p>\n<div class=\"gca-utility clearfix\"><\/div>\n<div class=\"gca-utility vertical-spacer\"><\/div>\n<p><center><span class=\"fullscreen\"><script type=\"text\/javascript\" src=\"\/\/partner.mrtns.eu\/banners\/banner.js?type=banner&#038;brand_id=1&#038;uItem=438065&#038;size=full&#038;show_price=0&#038;color=orange&#038;z=WLGC7F\"><\/script><\/span><\/center><\/p>\n","protected":false},"excerpt":{"rendered":"<p>Medzin\u00e1rodn\u00fd tla\u010dov\u00fd in\u0161tit\u00fat vyzval slovensk\u00e9 org\u00e1ny, aby presk\u00famali spr\u00e1vy o&nbsp;systematickom sledovan\u00ed novin\u00e1rov pre&nbsp;kontroverzn\u00e9ho podnikate\u013ea Mari\u00e1na Ko\u010dnera, ktor\u00fd je&nbsp;obvinen\u00fd aj z&nbsp;objednania vra\u017edy investigativn\u00e9ho report\u00e9ra  J\u00e1na Kuciaka a&nbsp;jeho sn\u00fabenice Martiny Ku\u0161n\u00edrovej.  <a href=\"https:\/\/literarnenoviny.sk\/servis\/medzinarodny-tlacovy-institut-vyzval-slovensko-aby-vysetrilo-sledovanie-novinarov\/\" class=\"more-link\">Cel\u00e1 spr\u00e1va <span class=\"meta-nav\">&rarr;<\/span><\/a><\/p>\n","protected":false},"author":2,"featured_media":0,"comment_status":"closed","ping_status":"closed","sticky":false,"template":"","format":"standard","meta":{"_links_to":"","_links_to_target":""},"categories":[1],"tags":[37,76,23,27],"_links":{"self":[{"href":"https:\/\/literarnenoviny.sk\/servis\/wp-json\/wp\/v2\/posts\/6779"}],"collection":[{"href":"https:\/\/literarnenoviny.sk\/servis\/wp-json\/wp\/v2\/posts"}],"about":[{"href":"https:\/\/literarnenoviny.sk\/servis\/wp-json\/wp\/v2\/types\/post"}],"author":[{"embeddable":true,"href":"https:\/\/literarnenoviny.sk\/servis\/wp-json\/wp\/v2\/users\/2"}],"replies":[{"embeddable":true,"href":"https:\/\/literarnenoviny.sk\/servis\/wp-json\/wp\/v2\/comments?post=6779"}],"version-history":[{"count":0,"href":"https:\/\/literarnenoviny.sk\/servis\/wp-json\/wp\/v2\/posts\/6779\/revisions"}],"wp:attachment":[{"href":"https:\/\/literarnenoviny.sk\/servis\/wp-json\/wp\/v2\/media?parent=6779"}],"wp:term":[{"taxonomy":"category","embeddable":true,"href":"https:\/\/literarnenoviny.sk\/servis\/wp-json\/wp\/v2\/categories?post=6779"},{"taxonomy":"post_tag","embeddable":true,"href":"https:\/\/literarnenoviny.sk\/servis\/wp-json\/wp\/v2\/tags?post=6779"}],"curies":[{"name":"wp","href":"https:\/\/api.w.org\/{rel}","templated":true}]}}