{"id":6749,"date":"2019-04-21T13:00:01","date_gmt":"2019-04-21T11:00:01","guid":{"rendered":"https:\/\/literarnenoviny.sk\/servis\/?p=6749"},"modified":"2019-04-27T00:56:02","modified_gmt":"2019-04-26T22:56:02","slug":"reporteri-bez-hranic-zverejnili-rebricek-slobody-tlace-slovensko-opat-kleslo","status":"publish","type":"post","link":"https:\/\/literarnenoviny.sk\/servis\/reporteri-bez-hranic-zverejnili-rebricek-slobody-tlace-slovensko-opat-kleslo\/","title":{"rendered":"Report\u00e9ri bez hran\u00edc zverejnili rebr\u00ed\u010dek slobody tla\u010de, Slovensko op\u00e4\u0165 kleslo"},"content":{"rendered":"<p><strong>Medzin\u00e1rodn\u00e1 organiz\u00e1cia <a href=\"https:\/\/rsf.org\/\" rel=\"noopener noreferrer\" target=\"_blank\">Report\u00e9ri bez hran\u00edc<\/a> zverejnila najnov\u0161\u00ed <a href=\"https:\/\/rsf.org\/en\/2019-world-press-freedom-index-cycle-fear\" rel=\"noopener noreferrer\" target=\"_blank\">index slobody tla\u010de<\/a>, Slovensko v&nbsp;\u0148om kleslo a\u017e na&nbsp;<!a href=\"https:\/\/rsf.org\/en\/slovakia\" rel=\"noopener\" target=\"_blank\">35.&nbsp;miesto<\/a><\/strong>. Pad\u00e1me u\u017e&nbsp;tret\u00ed rok po&nbsp;sebe. E\u0161te v&nbsp;roku 2016 sme boli na&nbsp;12.&nbsp;poz\u00edcii. <\/p>\n<p>Mimovl\u00e1dne profesijn\u00e9 zoskupenie ka\u017edoro\u010dne vyhodnocuje pracovn\u00e9 podmienky novin\u00e1rov v&nbsp;180-tich krajin\u00e1ch sveta.<\/p>\n<p><center><div class=\"gca-utility vertical-spacer\"><\/div>\n<blockquote class=\"twitter-tweet\" data-lang=\"sk\">\n<p lang=\"en\" dir=\"ltr\">? This year the&nbsp;2019 <a href=\"https:\/\/twitter.com\/hashtag\/RSFIndex?src=hash&amp;ref_src=twsrc%5Etfw\">#RSFIndex<\/a> reflects a&nbsp;world where verbal attacks against journalists have degenerated into violence, contributing to an increase in fear. The&nbsp;number of countries regarded as safe has declined. Authoritarian regimes tighten their grip. <a href=\"https:\/\/t.co\/TnpoFDBu5W\">https:\/\/t.co\/TnpoFDBu5W<\/a> <a href=\"https:\/\/t.co\/OLpuxprhZ9\">pic.twitter.com\/OLpuxprhZ9<\/a><\/p>\n<p>&mdash; RSF in English (@RSF_en) <a href=\"https:\/\/twitter.com\/RSF_en\/status\/1118904034512052224?ref_src=twsrc%5Etfw\">18.&nbsp;apr\u00edla 2019<\/a><\/p><\/blockquote>\n<p><script async src=\"https:\/\/platform.twitter.com\/widgets.js\" charset=\"utf-8\"><\/script><div class=\"gca-utility vertical-spacer\"><\/div><\/center><\/p>\n<p>V hodnoten\u00ed Slovenska Report\u00e9ri bez hran\u00edc <a href=\"https:\/\/rsf.org\/en\/slovakia\" rel=\"noopener noreferrer\" target=\"_blank\">pripom\u00ednaj\u00fa<\/a> vra\u017edu investigat\u00edvneho novin\u00e1ra J\u00e1na Kuciaka a&nbsp;jeho partnerky a&nbsp;n\u00e1sledn\u00fa politick\u00fa kr\u00edzu v&nbsp;krajine, ktor\u00e1 viedla k&nbsp;demisii premi\u00e9ra Roberta Fica. Expremi\u00e9r a&nbsp;\u010fal\u0161\u00ed politici pod\u013ea spr\u00e1vy \u010dasto slovne \u00fato\u010dia na&nbsp;m\u00e9di\u00e1. <\/p>\n<p>Situ\u00e1cia nie je&nbsp;priaznivej\u0161ia ani v&nbsp;okolit\u00fdch \u0161t\u00e1toch. Lep\u0161ie umiestnenie dosiahlo len susedn\u00e9 <a href=\"https:\/\/rsf.org\/en\/austria\" rel=\"noopener noreferrer\" target=\"_blank\">Rak\u00fasko, ktor\u00e9 obsadilo 16.&nbsp;poz\u00edciu<\/a>. Viac ako na&nbsp;Slovensku je&nbsp;sloboda tla\u010de ohrozen\u00e1 v&nbsp;<a href=\"https:\/\/rsf.org\/en\/czech-republic\" rel=\"noopener noreferrer\" target=\"_blank\">\u010cesku <em>(40.&nbsp;miesto)<\/em><\/a>, <a href=\"https:\/\/rsf.org\/en\/poland\" rel=\"noopener noreferrer\" target=\"_blank\">Po\u013esku <em>(59.&nbsp;miesto)<\/em><\/a>, <a href=\"https:\/\/rsf.org\/en\/hungary\" rel=\"noopener noreferrer\" target=\"_blank\">Ma\u010farsku <em>(87.&nbsp;miesto)<\/em><\/a> aj na&nbsp;<a href=\"https:\/\/rsf.org\/en\/ukraine\" rel=\"noopener noreferrer\" target=\"_blank\">Ukrajine <em>(102.&nbsp;miesto)<\/em><\/a>.<\/p>\n<p style=\"text-align: right;\"><small>&mdash;&nbsp;<a href=\"https:\/\/rsf.org\/en\/slovakia\" target=\"_blank\" rel=\"noopener noreferrer\">Reporters without borders<\/a><\/small><\/p>\n<div class=\"gca-utility clearfix\"><\/div>\n<div class=\"gca-utility vertical-spacer\"><\/div>\n<p><center><span class=\"fullscreen\"><a href=\"\/\/www.martinus.sk\/?z=WLGC7F&#038;utm_source=z%3DWLGC7F&#038;utm_medium=banner1_468x60&#038;utm_campaign=partner\"><img decoding=\"async\" src=\"\/\/www.martinus.sk\/images\/banners\/468x60.jpg\" alt=\"www.martinus.sk\" \/><\/a><\/span><\/center><\/p>\n","protected":false},"excerpt":{"rendered":"<p>Medzin\u00e1rodn\u00e1 organiz\u00e1cia Report\u00e9ri bez hran\u00edc zverejnila najnov\u0161\u00ed index slobody tla\u010de, Slovensko v&nbsp;\u0148om kleslo a\u017e na&nbsp;35.&nbsp;miesto. Pad\u00e1me u\u017e&nbsp;tret\u00ed rok po&nbsp;sebe. E\u0161te v&nbsp;roku 2016 sme boli 12.&nbsp;poz\u00edcii. Mimovl\u00e1dne profesijn\u00e9 zoskupenie ka\u017edoro\u010dne vyhodnocuje pracovn\u00e9 podmienky novin\u00e1rov v&nbsp;180-tich krajin\u00e1ch sveta. <a href=\"https:\/\/literarnenoviny.sk\/servis\/reporteri-bez-hranic-zverejnili-rebricek-slobody-tlace-slovensko-opat-kleslo\/\" class=\"more-link\">Cel\u00e1 spr\u00e1va <span class=\"meta-nav\">&rarr;<\/span><\/a><\/p>\n","protected":false},"author":2,"featured_media":0,"comment_status":"closed","ping_status":"closed","sticky":false,"template":"","format":"standard","meta":{"_links_to":"","_links_to_target":""},"categories":[1],"tags":[37,76,23,27],"_links":{"self":[{"href":"https:\/\/literarnenoviny.sk\/servis\/wp-json\/wp\/v2\/posts\/6749"}],"collection":[{"href":"https:\/\/literarnenoviny.sk\/servis\/wp-json\/wp\/v2\/posts"}],"about":[{"href":"https:\/\/literarnenoviny.sk\/servis\/wp-json\/wp\/v2\/types\/post"}],"author":[{"embeddable":true,"href":"https:\/\/literarnenoviny.sk\/servis\/wp-json\/wp\/v2\/users\/2"}],"replies":[{"embeddable":true,"href":"https:\/\/literarnenoviny.sk\/servis\/wp-json\/wp\/v2\/comments?post=6749"}],"version-history":[{"count":0,"href":"https:\/\/literarnenoviny.sk\/servis\/wp-json\/wp\/v2\/posts\/6749\/revisions"}],"wp:attachment":[{"href":"https:\/\/literarnenoviny.sk\/servis\/wp-json\/wp\/v2\/media?parent=6749"}],"wp:term":[{"taxonomy":"category","embeddable":true,"href":"https:\/\/literarnenoviny.sk\/servis\/wp-json\/wp\/v2\/categories?post=6749"},{"taxonomy":"post_tag","embeddable":true,"href":"https:\/\/literarnenoviny.sk\/servis\/wp-json\/wp\/v2\/tags?post=6749"}],"curies":[{"name":"wp","href":"https:\/\/api.w.org\/{rel}","templated":true}]}}