{"id":6732,"date":"2019-04-20T20:00:29","date_gmt":"2019-04-20T18:00:29","guid":{"rendered":"https:\/\/literarnenoviny.sk\/servis\/?p=6732"},"modified":"2019-04-21T15:41:31","modified_gmt":"2019-04-21T13:41:31","slug":"v-koprodukcnej-televiznej-miniserii-maria-terezia-vymenili-hlavnu-predstavitelku","status":"publish","type":"post","link":"https:\/\/literarnenoviny.sk\/servis\/v-koprodukcnej-televiznej-miniserii-maria-terezia-vymenili-hlavnu-predstavitelku\/","title":{"rendered":"V koproduk\u010dnej telev\u00edznej minis\u00e9rii M\u00e1ria Ter\u00e9zia vymenili hlavn\u00fa predstavite\u013eku"},"content":{"rendered":"<p><strong>Pokra\u010dovanie koproduk\u010dnej telev\u00edznej minis\u00e9rie <em><a href=\"https:\/\/literarnenoviny.sk\/servis\/pribeh-marie-terezie-ceskej-autorky-mirky-zlatnikovej-caka-televizne-pokracovanie\/\" target=\"_blank\" rel=\"noopener noreferrer\">M\u00e1ria Ter\u00e9zia<\/a><\/em> \u010deskej autorky a&nbsp;scen\u00e1ristky <a href=\"https:\/\/literarnenoviny.sk\/servis\/na-trh-prichadza-knizna-predloha-koprodukcneho-televizneho-filmu-maria-terezia\/\" target=\"_blank\" rel=\"noopener noreferrer\">Mirky Zlatn\u00edkovej<\/a> bude ma\u0165 nov\u00fa predstavite\u013eku cis\u00e1rovnej<\/strong>. Rak\u00fasku here\u010dku M\u00e1riu Luise Stockingerov\u00fa v&nbsp;titulnej \u00falohe nahrad\u00ed jej krajanka <a href=\"https:\/\/www.kleinezeitung.at\/kultur\/medien\/5613502\/Fortsetzung-des-ORFZweiteilers_Stefanie-Reinsperger-schluepft-in\" rel=\"noopener noreferrer\" target=\"_blank\">Stefanie Reinspergerov\u00e1<\/a>. <\/p>\n<p>Koproduk\u010dn\u00fd projekt slovenskej RTVS, \u010deskej \u010cT, rak\u00faskej ORF a&nbsp;ma\u010farskej MTVA, vznikol k&nbsp;300.&nbsp;v\u00fdro\u010diu narodenia v\u00fdznamnej panovn\u00ed\u010dky.<\/p>\n<p><center><div class=\"gca-utility vertical-spacer\"><\/div><iframe loading=\"lazy\" width=\"560\" height=\"315\" src=\"https:\/\/www.youtube.com\/embed\/gFKCbM1grY4?rel=0&amp;showinfo=0&amp;ecver=1\" frameborder=\"0\" allow=\"autoplay; encrypted-media\" allowfullscreen><\/iframe><div class=\"gca-utility vertical-spacer\"><\/div><\/center><\/p>\n<p>Prv\u00e9 \u010dasti sa&nbsp;v&nbsp;roku 2017 na&nbsp;Slovensku te\u0161ili mimoriadnej medi\u00e1lnej podpore aj zna\u010dn\u00e9mu div\u00e1ckemu z\u00e1ujmu. Po\u010das viano\u010dn\u00fdch sviatkov videlo prv\u00fa \u010das\u0165 772-tis\u00edc div\u00e1kov a&nbsp;druh\u00fa 789-tis\u00edc div\u00e1kov.<\/p>\n<p>O mesiac nesk\u00f4r sa&nbsp;pod n\u00e1zvom <em><strong><a href=\"https:\/\/www.martinus.sk\/?uItem=299415&#038;z=WLGC7F&#038;utm_source=z%3DWLGC7F&#038;utm_medium=url&#038;utm_campaign=partner\" rel=\"noopener noreferrer\" target=\"_blank\">M\u00e1ria Ter\u00e9zia \u2013 Miluj a&nbsp;panuj<\/a><\/strong> (2018)<\/em> na&nbsp;trh dostala aj jej kni\u017en\u00e1 podoba. Slovensk\u00e9 vydanie  prinieslo rovnako ako p\u00f4vodne jej <a href=\"https:\/\/www.martinus.sk\/?uItem=296708&#038;z=WLGC7F&#038;utm_source=z%3DWLGC7F&#038;utm_medium=url&#038;utm_campaign=partner\" rel=\"noopener noreferrer\" target=\"_blank\">\u010desk\u00e9 vydanie<\/a> vydavate\u013estvo Ikar.<\/p>\n<p><center><div class=\"gca-utility vertical-spacer\"><\/div>\n<blockquote class=\"twitter-tweet\" data-lang=\"sk\">\n<p lang=\"de\" dir=\"ltr\">? Stefanie Reinsperger ist die neue <a href=\"https:\/\/twitter.com\/hashtag\/MariaTheresia?src=hash&amp;ref_src=twsrc%5Etfw\">#MariaTheresia<\/a>! Fortsetzung von Robert Dornhelms internationalem ORF-Erfolgszweiteiler mit u.a. Anna Posch, Philipp Hochmair, Johannes Krisch &amp; Cornelius Obonya. <a href=\"https:\/\/twitter.com\/hashtag\/ORFDreharbeiten?src=hash&amp;ref_src=twsrc%5Etfw\">#ORFDreharbeiten<\/a> zu <a href=\"https:\/\/twitter.com\/hashtag\/MariaTheresiaII?src=hash&amp;ref_src=twsrc%5Etfw\">#MariaTheresiaII<\/a> ab 13.5.<a href=\"https:\/\/t.co\/glAApwdkSm\">https:\/\/t.co\/glAApwdkSm<\/a><\/p>\n<p>&mdash; ORF (@ORF) <a href=\"https:\/\/twitter.com\/ORF\/status\/1118094171271770113?ref_src=twsrc%5Etfw\">16.&nbsp;apr\u00edla 2019<\/a><\/p><\/blockquote>\n<p><script async src=\"https:\/\/platform.twitter.com\/widgets.js\" charset=\"utf-8\"><\/script><div class=\"gca-utility vertical-spacer\"><\/div><\/center><\/p>\n<p>Nov\u00e1 \u010das\u0165 minis\u00e9rie nadv\u00e4zuje na&nbsp;koniec predch\u00e1dzaj\u00facej, ktor\u00fa uzatv\u00e1ra korunov\u00e1cia M\u00e1rie Ter\u00e9zie v&nbsp;bratislavskom D\u00f3me sv.&nbsp;Martina a&nbsp;odohr\u00e1vaj\u00fa sa&nbsp;po\u010das vojny o&nbsp;rak\u00faske dedi\u010dstvo v&nbsp;rokoch 1741 a\u017e 1745.<\/p>\n<p style=\"text-align: right;\"><small>&mdash;&nbsp;<a href=\"https:\/\/www.kleinezeitung.at\/kultur\/medien\/5613502\/Fortsetzung-des-ORFZweiteilers_Stefanie-Reinsperger-schluepft-in\" target=\"_blank\" rel=\"noopener noreferrer\">Kleine Zeitung<\/a>, <a href=\"https:\/\/der.orf.at\/unternehmen\/aktuell\/maria_theresia3_4_104.html\" target=\"_blank\" rel=\"noopener noreferrer\">ORF<\/a><\/small><\/p>\n<div class=\"gca-utility clearfix\"><\/div>\n<div class=\"gca-utility vertical-spacer\"><\/div>\n<p><center><span class=\"fullscreen\"><script type=\"text\/javascript\" src=\"\/\/partner.martinus.sk\/banners\/banner.js?type=banner&#038;uItem=299415&#038;size=full&#038;show_price=0&#038;color=violet&#038;z=WLGC7F\"><\/script><\/span><\/center><\/p>\n","protected":false},"excerpt":{"rendered":"<p>Pokra\u010dovanie koproduk\u010dnej telev\u00edznej minis\u00e9rie M\u00e1ria Ter\u00e9zia \u010deskej autorky a&nbsp;scen\u00e1ristky Mirky Zlatn\u00edkovej bude ma\u0165 nov\u00fa predstavite\u013eku cis\u00e1rovnej. Rak\u00fasku here\u010dku M\u00e1riu Luise Stockingerov\u00fa v&nbsp;titulnej \u00falohe nahrad\u00ed v&nbsp;novej \u010dasti jej krajanka Stefanie Reinspergerov\u00e1.  <a href=\"https:\/\/literarnenoviny.sk\/servis\/v-koprodukcnej-televiznej-miniserii-maria-terezia-vymenili-hlavnu-predstavitelku\/\" class=\"more-link\">Cel\u00e1 spr\u00e1va <span class=\"meta-nav\">&rarr;<\/span><\/a><\/p>\n","protected":false},"author":2,"featured_media":0,"comment_status":"closed","ping_status":"closed","sticky":false,"template":"","format":"standard","meta":{"_links_to":"","_links_to_target":""},"categories":[1],"tags":[16,14,35],"_links":{"self":[{"href":"https:\/\/literarnenoviny.sk\/servis\/wp-json\/wp\/v2\/posts\/6732"}],"collection":[{"href":"https:\/\/literarnenoviny.sk\/servis\/wp-json\/wp\/v2\/posts"}],"about":[{"href":"https:\/\/literarnenoviny.sk\/servis\/wp-json\/wp\/v2\/types\/post"}],"author":[{"embeddable":true,"href":"https:\/\/literarnenoviny.sk\/servis\/wp-json\/wp\/v2\/users\/2"}],"replies":[{"embeddable":true,"href":"https:\/\/literarnenoviny.sk\/servis\/wp-json\/wp\/v2\/comments?post=6732"}],"version-history":[{"count":0,"href":"https:\/\/literarnenoviny.sk\/servis\/wp-json\/wp\/v2\/posts\/6732\/revisions"}],"wp:attachment":[{"href":"https:\/\/literarnenoviny.sk\/servis\/wp-json\/wp\/v2\/media?parent=6732"}],"wp:term":[{"taxonomy":"category","embeddable":true,"href":"https:\/\/literarnenoviny.sk\/servis\/wp-json\/wp\/v2\/categories?post=6732"},{"taxonomy":"post_tag","embeddable":true,"href":"https:\/\/literarnenoviny.sk\/servis\/wp-json\/wp\/v2\/tags?post=6732"}],"curies":[{"name":"wp","href":"https:\/\/api.w.org\/{rel}","templated":true}]}}