{"id":6629,"date":"2019-04-16T18:00:13","date_gmt":"2019-04-16T16:00:13","guid":{"rendered":"https:\/\/literarnenoviny.sk\/servis\/?p=6629"},"modified":"2019-04-18T23:37:26","modified_gmt":"2019-04-18T21:37:26","slug":"roman-victora-huga-chram-matky-bozej-v-parizi-lame-rekordy-na-amazone","status":"publish","type":"post","link":"https:\/\/literarnenoviny.sk\/servis\/roman-victora-huga-chram-matky-bozej-v-parizi-lame-rekordy-na-amazone\/","title":{"rendered":"Rom\u00e1n Victora Huga Chr\u00e1m Matky Bo\u017eej v&nbsp;Par\u00ed\u017ei l\u00e1me rekordy na&nbsp;Amazone"},"content":{"rendered":"<p><strong>Rom\u00e1n Victora Huga <em><a href=\"https:\/\/www.martinus.sk\/?uItem=181132&#038;z=WLGC7F&#038;utm_source=z%3DWLGC7F&#038;utm_medium=url&#038;utm_campaign=partner\" rel=\"noopener noreferrer\" target=\"_blank\">Chr\u00e1m Matky Bo\u017eej v&nbsp;Par\u00ed\u017ei<\/a><\/strong> (Notre-Dame de&nbsp;Paris, 1831)<\/em> <strong> vedie rebr\u00ed\u010dek najpred\u00e1vanej\u0161\u00edch kn\u00edh na&nbsp;franc\u00fazskom Amazone<\/strong>, informovala o&nbsp;tom agent\u00fara AFP.<\/p>\n<p>Po v\u010deraj\u0161om ni\u010divom po\u017eiari par\u00ed\u017eskej katedr\u00e1ly prispelo k&nbsp;ve\u013ek\u00e9mu z\u00e1ujmu o&nbsp;titul aj to, \u017ee&nbsp;v&nbsp;jednej jeho pas\u00e1\u017ei sa&nbsp;p\u00ed\u0161e o&nbsp;<em>\u201eve\u013ekom plameni medzi dvoma ve\u017eami\u201c<\/em>. Podobne reagovali \u010ditatelia aj po&nbsp;teroristick\u00fdch \u00fatokoch v&nbsp;Par\u00ed\u017ei v&nbsp;roku 2015. Vtedy bol takto \u017eiadan\u00fd Hemingwayov <em><strong><a href=\"https:\/\/biblioteka.literarnenoviny.sk\/ernest-hemingway\/pohyblivy-sviatok\/\" target=\"_blank\" rel=\"noopener noreferrer\">Pohybliv\u00fd sviatok<\/a><\/strong> (A&nbsp;Moveable Feast, 1964)<\/em>.<\/p>\n<p>Victor Hugo nap\u00edsal dielo v&nbsp;roku 1831 a&nbsp;v\u010faka nieko\u013ek\u00fdm filmov\u00fdm adapt\u00e1ci\u00e1m sa&nbsp;te\u0161ilo zna\u010dnej popularite. Budova bola u\u017e&nbsp;v&nbsp;19.&nbsp;storo\u010d\u00ed zna\u010dne sch\u00e1tran\u00e1 a&nbsp;autor vraj chcel aj knihou upriami\u0165 pozornos\u0165 verejnosti na&nbsp;tento stav.<\/p>\n<p><center><div class=\"gca-utility vertical-spacer\"><\/div>\n<blockquote class=\"twitter-tweet\" data-lang=\"sk\">\n<p lang=\"en\" dir=\"ltr\">Anyone who has read Victor Hugo&#39;s&nbsp;great, great novel, Notre-Dame de&nbsp;Paris (aka Hunchback of Notre Dame) with its descriptions of how such buildings ARE literature &amp; contain so&nbsp;much history has to be heartbroken at what&#39;s&nbsp;happening this moment. <a href=\"https:\/\/twitter.com\/hashtag\/fire?src=hash&amp;ref_src=twsrc%5Etfw\">#fire<\/a> <a href=\"https:\/\/t.co\/ftrWlrvzwH\">pic.twitter.com\/ftrWlrvzwH<\/a><\/p>\n<p>&mdash; New Pop Lit (@NewPopLit) <a href=\"https:\/\/twitter.com\/NewPopLit\/status\/1117852826351407106?ref_src=twsrc%5Etfw\">15.&nbsp;apr\u00edla 2019<\/a><\/p><\/blockquote>\n<p><script async src=\"https:\/\/platform.twitter.com\/widgets.js\" charset=\"utf-8\"><\/script><div class=\"gca-utility vertical-spacer\"><\/div><\/center><\/p>\n<p>Pas\u00e1\u017e  <em>\u201eO\u010di v\u0161ech pohl\u00e9dly k&nbsp;vrcholu kostela. Vid\u011bly cosi neoby\u010dejn\u00e9ho. Na&nbsp;vrcholu nejvy\u0161\u0161\u00ed galerie, nad \u00fast\u0159edn\u00ed r\u016f\u017eic\u00ed \u0161lehal velik\u00fd plamen, kter\u00fd stoupal s&nbsp;v\u00edry jisker mezi ob\u011bma v\u011b\u017eemi, velk\u00fd, nezkrotn\u00fd a&nbsp;zu\u0159iv\u00fd plamen, jeho\u017e jazyky odn\u00e1\u0161el chv\u00edlemi v\u00edtr,\u201c<\/em> sa&nbsp;teraz \u010dasto zdie\u013ea na&nbsp;soci\u00e1lnych sie\u0165ach.<\/p>\n<p>Franc\u00fazsky kn\u00edhkupci vyz\u00fdvaj\u00fa, aby sa&nbsp;v\u0161etok zisk z&nbsp;predaja knihy vyu\u017eil na&nbsp;rekon\u0161trukciu Notre-Dame.<\/p>\n<p><em>\u201eJe ist\u00e9, \u017ee&nbsp;pred\u00e1me stovky \u010di&nbsp;tis\u00edce kn\u00edh Victora Huga. Vydaj\u00fa sa&nbsp;reed\u00edcie. Na&nbsp;tejto dr\u00e1me by sme nemali zar\u00e1ba\u0165. V\u0161etky zisky aj ke\u010f nebud\u00fa vysok\u00e9, m\u00f4\u017eu by\u0165 symbolick\u00fdm pr\u00edspevkom,\u201c<\/em> uviedol jeden z&nbsp;nich pre&nbsp;denn\u00edk <a href=\"http:\/\/www.lefigaro.fr\/langue-francaise\/actu-des-mots\/l-appel-d-une-librairie-pour-sauver-notre-dame-de-paris-20190416\" rel=\"noopener noreferrer\" target=\"_blank\">Le Figaro<\/a>.<\/p>\n<p>Za nieko\u013eko hod\u00edn po&nbsp;po\u017eiari sa&nbsp;u\u017e&nbsp;na&nbsp;obnovu katedr\u00e1ly vyzbieralo viac ako 2 mili\u00f3ny eur. Franc\u00fazsky prezident Emmanuel Macron pris\u013e\u00fabil opravu do&nbsp;piatich rokov. <em>\u201eNotre-Dame znovu postav\u00edme e\u0161te kraj\u0161\u00ed,\u201c<\/em> vyhl\u00e1sil v&nbsp;telev\u00edznom prejave. <\/p>\n<p style=\"text-align: right;\"><small>&mdash;&nbsp;<!a href=\"---\" target=\"_blank\" rel=\"noopener noreferrer\">Addmedia<\/a><\/small><\/p>\n<div class=\"gca-utility clearfix\"><\/div>\n<div class=\"gca-utility vertical-spacer\"><\/div>\n<p><center><span class=\"fullscreen\"><script type=\"text\/javascript\" src=\"\/\/partner.mrtns.eu\/banners\/banner.js?type=banner&#038;brand_id=1&#038;uItem=181132&#038;size=full&#038;show_price=0&#038;color=orange&#038;z=WLGC7F\"><\/script><\/span><\/center><\/p>\n","protected":false},"excerpt":{"rendered":"<p>Rom\u00e1n Victora Huga Chr\u00e1m Matky Bo\u017eej v&nbsp;Par\u00ed\u017ei je&nbsp;po&nbsp;v\u010deraj\u0161om ni\u010divom po\u017eiari par\u00ed\u017eskej katedr\u00e1ly na&nbsp;\u010dele rebr\u00ed\u010dka najpred\u00e1vanej\u0161\u00edch kn\u00edh vo&nbsp;franc\u00fazskom Amazone. K&nbsp;n\u00e1rastu \u010ditate\u013esk\u00e9ho z\u00e1ujmu prispelo okrem samotnej udalosti aj to, \u017ee&nbsp;v&nbsp;jednej jeho pas\u00e1\u017ei sa&nbsp;p\u00ed\u0161e o&nbsp;ve\u013ekom plameni medzi dvoma ve\u017eami. <a href=\"https:\/\/literarnenoviny.sk\/servis\/roman-victora-huga-chram-matky-bozej-v-parizi-lame-rekordy-na-amazone\/\" class=\"more-link\">Cel\u00e1 spr\u00e1va <span class=\"meta-nav\">&rarr;<\/span><\/a><\/p>\n","protected":false},"author":2,"featured_media":0,"comment_status":"closed","ping_status":"closed","sticky":false,"template":"","format":"standard","meta":{"_links_to":"","_links_to_target":""},"categories":[1],"tags":[11,5,14],"_links":{"self":[{"href":"https:\/\/literarnenoviny.sk\/servis\/wp-json\/wp\/v2\/posts\/6629"}],"collection":[{"href":"https:\/\/literarnenoviny.sk\/servis\/wp-json\/wp\/v2\/posts"}],"about":[{"href":"https:\/\/literarnenoviny.sk\/servis\/wp-json\/wp\/v2\/types\/post"}],"author":[{"embeddable":true,"href":"https:\/\/literarnenoviny.sk\/servis\/wp-json\/wp\/v2\/users\/2"}],"replies":[{"embeddable":true,"href":"https:\/\/literarnenoviny.sk\/servis\/wp-json\/wp\/v2\/comments?post=6629"}],"version-history":[{"count":0,"href":"https:\/\/literarnenoviny.sk\/servis\/wp-json\/wp\/v2\/posts\/6629\/revisions"}],"wp:attachment":[{"href":"https:\/\/literarnenoviny.sk\/servis\/wp-json\/wp\/v2\/media?parent=6629"}],"wp:term":[{"taxonomy":"category","embeddable":true,"href":"https:\/\/literarnenoviny.sk\/servis\/wp-json\/wp\/v2\/categories?post=6629"},{"taxonomy":"post_tag","embeddable":true,"href":"https:\/\/literarnenoviny.sk\/servis\/wp-json\/wp\/v2\/tags?post=6629"}],"curies":[{"name":"wp","href":"https:\/\/api.w.org\/{rel}","templated":true}]}}