{"id":6586,"date":"2019-04-15T16:00:50","date_gmt":"2019-04-15T14:00:50","guid":{"rendered":"https:\/\/literarnenoviny.sk\/servis\/?p=6586"},"modified":"2019-04-18T23:54:30","modified_gmt":"2019-04-18T21:54:30","slug":"dalsia-dotlac-dvakrat-vypredanej-knihy-cierne-diery-sa-predava-aj-v-knihkupectvach","status":"publish","type":"post","link":"https:\/\/literarnenoviny.sk\/servis\/dalsia-dotlac-dvakrat-vypredanej-knihy-cierne-diery-sa-predava-aj-v-knihkupectvach\/","title":{"rendered":"\u010eal\u0161ia dotla\u010d dvakr\u00e1t vypredanej knihy \u010cierne diery sa&nbsp;pred\u00e1va aj v&nbsp;kn\u00edhkupectv\u00e1ch"},"content":{"rendered":"<p><strong>\u010eal\u0161ia dotla\u010d dvakr\u00e1t vypredanej knihy <em><a href=\"https:\/\/www.martinus.sk\/?uItem=538295&#038;z=WLGC7F&#038;utm_source=z%3DWLGC7F&#038;utm_medium=url&#038;utm_campaign=partner\" rel=\"noopener noreferrer\" target=\"_blank\">\u010cierne diery<\/a><\/strong> (\u010cierne diery, 2018)<\/em> <strong>je teraz u\u017e&nbsp;dostupn\u00e1 aj v&nbsp;kamenn\u00fdch kn\u00edhkupectv\u00e1ch<\/strong>. \u0160tyristostranov\u00e1 kniha o&nbsp;zabudnut\u00fdch pamiatkach Slovenska je&nbsp;tie\u017e dostupn\u00e1 na&nbsp;<a href=\"https:\/\/eshop.ciernediery.sk\/product\/kniha-cierne-diery-priemyselne-pamiatky-a-zabudnute-miesta-slovenska\/\" rel=\"noopener noreferrer\" target=\"_blank\">webe projektu<\/a>, kde sa&nbsp;pred\u00e1vali jej prv\u00e9 dva n\u00e1klady.<\/p>\n<p>Prv\u00fdkr\u00e1t sa&nbsp;unik\u00e1tny titul <a href=\"https:\/\/literarnenoviny.sk\/servis\/dotlac-knizneho-hitu-cierne-diery-sa-po-niekolkych-hodinach-opat-vypredala\/\">vypredal<\/a> za&nbsp;9 hod\u00edn, druh\u00fdkr\u00e1t za&nbsp;3 dni. Okrem <a href=\"https:\/\/eshop.ciernediery.sk\/product\/kniha-cierne-diery-priemyselne-pamiatky-a-zabudnute-miesta-slovenska\/\" rel=\"noopener noreferrer\" target=\"_blank\">eshopu \u010cierne diery<\/a> ho teraz u\u017e&nbsp;n\u00e1jdete aj v&nbsp;<a href=\"https:\/\/www.martinus.sk\/?uItem=538295&#038;z=WLGC7F&#038;utm_source=z%3DWLGC7F&#038;utm_medium=url&#038;utm_campaign=partner\" rel=\"noopener noreferrer\" target=\"_blank\">Martinuse<\/a>, <a href=\"https:\/\/www.artforum.sk\/katalog\/118199\/cierne-diery\" rel=\"noopener noreferrer\" target=\"_blank\">Artfore<\/a> alebo v&nbsp;trnavskom <a href=\"https:\/\/kumst.business.site\/\" rel=\"noopener noreferrer\" target=\"_blank\">Kum\u0161te<\/a>.<\/p>\n<p><center><div class=\"gca-utility vertical-spacer\"><\/div><iframe loading=\"lazy\" src=\"https:\/\/www.facebook.com\/plugins\/post.php?href=https%3A%2F%2Fwww.facebook.com%2Fcierne.diery%2Fphotos%2Fa.359070554300807%2F1158806577660530%2F%3Ftype%3D3&#038;width=500\" width=\"500\" height=\"448\" style=\"border:none;overflow:hidden\" scrolling=\"no\" frameborder=\"0\" allowTransparency=\"true\" allow=\"encrypted-media\"><\/iframe><div class=\"gca-utility vertical-spacer\"><\/div><\/center><\/p>\n<p>Kniha je&nbsp;ve\u013ekou cestou naprie\u010d Slovenskom, za&nbsp;jeho nezn\u00e1mou hist\u00f3riou. Spom\u00edna sa&nbsp;v&nbsp;nej zhruba 100 lokal\u00edt a&nbsp;materi\u00e1l do&nbsp;nej jej tvorcovia zbierali 4 roky. <\/p>\n<p>Je vytla\u010den\u00e1 len 4 Pantone farbami a&nbsp;ich kombin\u00e1ciou (neobsahuje \u010diernu farbu). Fotografie v\u010faka tomu d\u00fdchaj\u00fa atmosf\u00e9rou star\u00fdch \u010dasopisov a&nbsp;sem-tam z&nbsp;nich vykukne do&nbsp;popredia \u017eiariv\u00e1 farba. <\/p>\n<p>Knihu <em><strong>\u010cierne diery<\/strong><\/em> ilustrovala Daniela Olejn\u00edkov\u00e1 a&nbsp;grafick\u00fd dizajn\u00e9r Michal Tornyai vys\u00e1dzal knihu ve\u013emi netradi\u010dne. S\u00fa v&nbsp;nej r\u00f4zne skryt\u00e9 odkazy.<\/p>\n<p style=\"text-align: right;\"><small>&mdash;&nbsp;<a href=\"http:\/\/ciernediery.sk\/\" target=\"_blank\" rel=\"noopener noreferrer\">\u010cierne diery<\/a><\/small><\/p>\n<div class=\"gca-utility clearfix\"><\/div>\n<div class=\"gca-utility vertical-spacer\"><\/div>\n<p><center><span class=\"fullscreen\"><script type=\"text\/javascript\" src=\"\/\/partner.mrtns.eu\/banners\/banner.js?type=banner&#038;brand_id=1&#038;uItem=538295&#038;size=full&#038;show_price=0&#038;color=yellow&#038;z=WLGC7F\"><\/script><\/span><\/center><\/p>\n","protected":false},"excerpt":{"rendered":"<p>\u010eal\u0161ia dotla\u010d dvakr\u00e1t vypredanej knihy \u010cierne diery je&nbsp;teraz u\u017e&nbsp;dostupn\u00e1 aj v&nbsp;kamenn\u00fdch kn\u00edhkupectv\u00e1ch. Unik\u00e1tna \u0161tyristostranov\u00e1 kniha o&nbsp;zabudnut\u00fdch pamiatkach Slovenska je&nbsp;dostupn\u00e1 aj na&nbsp;webe projektu, kde sa&nbsp;pred\u00e1vali jej prv\u00e9 dva n\u00e1klady. <a href=\"https:\/\/literarnenoviny.sk\/servis\/dalsia-dotlac-dvakrat-vypredanej-knihy-cierne-diery-sa-predava-aj-v-knihkupectvach\/\" class=\"more-link\">Cel\u00e1 spr\u00e1va <span class=\"meta-nav\">&rarr;<\/span><\/a><\/p>\n","protected":false},"author":2,"featured_media":0,"comment_status":"closed","ping_status":"closed","sticky":false,"template":"","format":"standard","meta":{"_links_to":"","_links_to_target":""},"categories":[1],"tags":[13,64,14],"_links":{"self":[{"href":"https:\/\/literarnenoviny.sk\/servis\/wp-json\/wp\/v2\/posts\/6586"}],"collection":[{"href":"https:\/\/literarnenoviny.sk\/servis\/wp-json\/wp\/v2\/posts"}],"about":[{"href":"https:\/\/literarnenoviny.sk\/servis\/wp-json\/wp\/v2\/types\/post"}],"author":[{"embeddable":true,"href":"https:\/\/literarnenoviny.sk\/servis\/wp-json\/wp\/v2\/users\/2"}],"replies":[{"embeddable":true,"href":"https:\/\/literarnenoviny.sk\/servis\/wp-json\/wp\/v2\/comments?post=6586"}],"version-history":[{"count":0,"href":"https:\/\/literarnenoviny.sk\/servis\/wp-json\/wp\/v2\/posts\/6586\/revisions"}],"wp:attachment":[{"href":"https:\/\/literarnenoviny.sk\/servis\/wp-json\/wp\/v2\/media?parent=6586"}],"wp:term":[{"taxonomy":"category","embeddable":true,"href":"https:\/\/literarnenoviny.sk\/servis\/wp-json\/wp\/v2\/categories?post=6586"},{"taxonomy":"post_tag","embeddable":true,"href":"https:\/\/literarnenoviny.sk\/servis\/wp-json\/wp\/v2\/tags?post=6586"}],"curies":[{"name":"wp","href":"https:\/\/api.w.org\/{rel}","templated":true}]}}