{"id":6506,"date":"2019-04-12T20:08:20","date_gmt":"2019-04-12T18:08:20","guid":{"rendered":"https:\/\/literarnenoviny.sk\/servis\/?p=6506"},"modified":"2019-04-12T23:24:07","modified_gmt":"2019-04-12T21:24:07","slug":"spisovatel-michel-houellebecq-si-v-elyzejskom-palaci-prevezme-rad-cestnej-legie","status":"publish","type":"post","link":"https:\/\/literarnenoviny.sk\/servis\/spisovatel-michel-houellebecq-si-v-elyzejskom-palaci-prevezme-rad-cestnej-legie\/","title":{"rendered":"Spisovate\u013e Michel Houellebecq si v&nbsp;Elyzejskom pal\u00e1ci prevezme Rad \u010cestnej l\u00e9gie"},"content":{"rendered":"<p><strong>Franc\u00fazsky spisovate\u013e <a href=\"https:\/\/cs.wikipedia.org\/wiki\/Michel_Houellebecq\" rel=\"noopener noreferrer\" target=\"_blank\">Michel Houellebecq<\/a> si Rad \u010cestnej l\u00e9gie prevezme z&nbsp;r\u00fak ve\u013emajstra radu, ktor\u00fdm je&nbsp;prezident Emmanuel Macron<\/strong>. Sl\u00e1vnostn\u00fd ceremoni\u00e1l sa&nbsp;uskuto\u010dn\u00ed 18.&nbsp;apr\u00edla v&nbsp;Elyzejskom pal\u00e1ci za&nbsp;pr\u00edtomnosti mnoh\u00fdch priate\u013eov sl\u00e1vneho spisovate\u013ea.<\/p>\n<p><a href=\"https:\/\/sk.wikipedia.org\/wiki\/Rad_\u010destnej_l\u00e9gie\">Rad \u010cestnej l\u00e9gie<\/a> <em>(Ordre national de&nbsp;la L\u00e9gion d&#8217;honneur)<\/em> je&nbsp;najvy\u0161\u0161ie franc\u00fazske \u0161t\u00e1tne vyznamenanie, zalo\u017een\u00e9 v&nbsp;roku 1802 Napoleonom Bonapartom. Ude\u013euje sa&nbsp;jednotlivcom alebo organiz\u00e1ci\u00e1m, ako uznanie za&nbsp;vojensk\u00fd, kult\u00farny, vedeck\u00fd alebo spolo\u010densk\u00fd pr\u00ednos.<\/p>\n<p><center><div class=\"gca-utility vertical-spacer\"><\/div>\n<blockquote class=\"twitter-tweet\" data-lang=\"sk\">\n<p lang=\"fr\" dir=\"ltr\">L&#39;\u00e9crivain Michel Houellebecq d\u00e9cor\u00e9 de&nbsp;la l\u00e9gion d&#39;honneur par Emmanuel Macron <a href=\"https:\/\/t.co\/gjqPkvGdU4\">https:\/\/t.co\/gjqPkvGdU4<\/a> <a href=\"https:\/\/t.co\/glCv1utrPS\">pic.twitter.com\/glCv1utrPS<\/a><\/p>\n<p>&mdash; Paris Match (@ParisMatch) <a href=\"https:\/\/twitter.com\/ParisMatch\/status\/1116641240529997824?ref_src=twsrc%5Etfw\">12.&nbsp;apr\u00edla 2019<\/a><\/p><\/blockquote>\n<p><script async src=\"https:\/\/platform.twitter.com\/widgets.js\" charset=\"utf-8\"><\/script><div class=\"gca-utility vertical-spacer\"><\/div><\/center><\/p>\n<p>Autor najnov\u0161ieho bestselleru <em><strong><a href=\"https:\/\/literarnenoviny.sk\/servis\/vo-francuzsku-vychadza-novy-roman-michela-houellebecqa-s-nazvom-serotonin\/\" rel=\"noopener noreferrer\" target=\"_blank\">Seroton\u00edn<\/a><\/strong> (S\u00e9rotonine, 2019)<\/em> si na&nbsp;recepciu pozval prest\u00ed\u017enych host\u00ed. Medzi nimi bud\u00fa aj jeho priatelia Nicolas a&nbsp;Carla Sarkozyovci, ktor\u00ed by sa&nbsp;v\u0161ak z&nbsp;protokol\u00e1rnych d\u00f4vodov samotnej cerem\u00f3nie nemali z\u00fa\u010dastni\u0165. <\/p>\n<p>Pozvanie dostal aj akademik Alain Finkielkraut, spisovate\u013e Fr\u00e9d\u00e9ric Beigbeder, spev\u00e1k Jean-Louis Aubert, novin\u00e1r David Pujadas, ale tie\u017e nieko\u013eko z\u00e1stupcov t\u00fd\u017edenn\u00edka <em><a href=\"https:\/\/www.valeursactuelles.com\/\" rel=\"noopener noreferrer\" target=\"_blank\">Valeurs Actuelles<\/a><\/em>. Pr\u00e1ve tento \u010dasopis priniesol so&nbsp;spisovate\u013eom, ktor\u00fd sa&nbsp;zriedkavo objavuje v&nbsp;m\u00e9di\u00e1ch, jeden z&nbsp;jeho posledn\u00fdch rozhovorov.<\/p>\n<p>\u00daraduj\u00faci franc\u00fazsky prezident Emmanuel Macron sa&nbsp;s&nbsp;Michelom Houellebecqom pozn\u00e1 osobne u\u017e&nbsp;nieko\u013eko rokov.<\/p>\n<p>Udelenie Radu \u010cestnej l\u00e9gie pre&nbsp;jedn\u00e9ho z&nbsp;najsl\u00e1vnej\u0161\u00edch franc\u00fazskych autorov, \u010dasto oce\u0148ovan\u00e9ho predov\u0161etk\u00fdm v&nbsp;zahrani\u010d\u00ed, bolo avizovane u\u017e&nbsp;za\u010diatkom roka.<\/p>\n<p style=\"text-align: right;\"><small>&mdash;&nbsp;<a href=\"https:\/\/www.parismatch.com\/Actu\/Politique\/L-ecrivain-Michel-Houellebecq-decore-de-la-legion-d-honneur-par-Emmanuel-Macron-1617922\" target=\"_blank\" rel=\"noopener noreferrer\">Paris Match<\/a>, <a href=\"https:\/\/www.valeursactuelles.com\/societe\/michel-houellebecq-bientot-decore-en-grande-pompe-lelysee-105889\" target=\"_blank\" rel=\"noopener noreferrer\">Valeurs Actuelles<\/a><\/small><\/p>\n<div class=\"gca-utility clearfix\"><\/div>\n<div class=\"gca-utility vertical-spacer\"><\/div>\n<p><center><span class=\"fullscreen\"><script type=\"text\/javascript\" src=\"\/\/partner.mrtns.eu\/banners\/banner.js?type=banner&#038;brand_id=1&#038;uItem=109307&#038;size=full&#038;show_price=0&#038;color=orange&#038;z=WLGC7F\"><\/script><\/span><\/center><\/p>\n","protected":false},"excerpt":{"rendered":"<p>Franc\u00fazsky spisovate\u013e Michel Houellebecq si Rad \u010cestnej l\u00e9gie prevezme z&nbsp;r\u00fak ve\u013emajstra radu Emmanuela Macrona. Najvy\u0161\u0161ie franc\u00fazske \u0161t\u00e1tne vyznamenanie, zalo\u017een\u00e9 v&nbsp;roku 1802 Napoleonom Bonapartom, sa&nbsp;ude\u013euje ako uznanie za&nbsp;vojensk\u00fd, kult\u00farny, vedeck\u00fd alebo spolo\u010densk\u00fd pr\u00ednos. <a href=\"https:\/\/literarnenoviny.sk\/servis\/spisovatel-michel-houellebecq-si-v-elyzejskom-palaci-prevezme-rad-cestnej-legie\/\" class=\"more-link\">Cel\u00e1 spr\u00e1va <span class=\"meta-nav\">&rarr;<\/span><\/a><\/p>\n","protected":false},"author":2,"featured_media":0,"comment_status":"closed","ping_status":"closed","sticky":false,"template":"","format":"standard","meta":{"_links_to":"","_links_to_target":""},"categories":[1],"tags":[3,21,23],"_links":{"self":[{"href":"https:\/\/literarnenoviny.sk\/servis\/wp-json\/wp\/v2\/posts\/6506"}],"collection":[{"href":"https:\/\/literarnenoviny.sk\/servis\/wp-json\/wp\/v2\/posts"}],"about":[{"href":"https:\/\/literarnenoviny.sk\/servis\/wp-json\/wp\/v2\/types\/post"}],"author":[{"embeddable":true,"href":"https:\/\/literarnenoviny.sk\/servis\/wp-json\/wp\/v2\/users\/2"}],"replies":[{"embeddable":true,"href":"https:\/\/literarnenoviny.sk\/servis\/wp-json\/wp\/v2\/comments?post=6506"}],"version-history":[{"count":0,"href":"https:\/\/literarnenoviny.sk\/servis\/wp-json\/wp\/v2\/posts\/6506\/revisions"}],"wp:attachment":[{"href":"https:\/\/literarnenoviny.sk\/servis\/wp-json\/wp\/v2\/media?parent=6506"}],"wp:term":[{"taxonomy":"category","embeddable":true,"href":"https:\/\/literarnenoviny.sk\/servis\/wp-json\/wp\/v2\/categories?post=6506"},{"taxonomy":"post_tag","embeddable":true,"href":"https:\/\/literarnenoviny.sk\/servis\/wp-json\/wp\/v2\/tags?post=6506"}],"curies":[{"name":"wp","href":"https:\/\/api.w.org\/{rel}","templated":true}]}}