{"id":6497,"date":"2019-04-12T16:30:03","date_gmt":"2019-04-12T14:30:03","guid":{"rendered":"https:\/\/literarnenoviny.sk\/servis\/?p=6497"},"modified":"2019-04-12T23:45:25","modified_gmt":"2019-04-12T21:45:25","slug":"novinari-zo-slovenskeho-rozhlasu-sa-ospravedlnili-za-spolitizovanu-relaciu","status":"publish","type":"post","link":"https:\/\/literarnenoviny.sk\/servis\/novinari-zo-slovenskeho-rozhlasu-sa-ospravedlnili-za-spolitizovanu-relaciu\/","title":{"rendered":"Novin\u00e1ri zo&nbsp;Slovensk\u00e9ho rozhlasu sa&nbsp;ospravedlnili za&nbsp;spolitizovan\u00fa rel\u00e1ciu"},"content":{"rendered":"<p><strong>Redaktori rozhlasovej \u010dasti RTVS kriticky zareagovali na&nbsp;\u0161tvrtkov\u00e9 vysielanie rel\u00e1cie <em>Z prvej ruky<\/em> so&nbsp;\u0161\u00e9fom Slovenskej n\u00e1rodnej strany Andrejom Dankom<\/strong>.<\/p>\n<p>Vo verejnom vyhl\u00e1sen\u00ed, ktor\u00e9 redaktori podp\u00edsali, sa&nbsp;posluch\u00e1\u010dom Slovensk\u00e9ho rozhlasu ospravedl\u0148uj\u00fa za&nbsp;politicky tenden\u010dne veden\u00fd rozhovor, ktor\u00fd do&nbsp;verejnopr\u00e1vneho m\u00e9dia nepatr\u00ed.<\/p>\n<p>Vedenie pod\u013ea nich umo\u017enilo Dankovi diskutova\u0165 bez politick\u00e9ho oponenta a&nbsp;za&nbsp;<em>\u201enekritick\u00e9ho vedenia rel\u00e1cie nesk\u00fasenou moder\u00e1torkou dom\u00e1ceho telev\u00edzneho spravodajstva RTVS, ktor\u00e1 nie je&nbsp;s\u00fa\u010das\u0165ou moder\u00e1torskej zostavy Z&nbsp;prvej ruky\u201c<\/em>.<\/p>\n<p><center><div class=\"gca-utility vertical-spacer\"><\/div><iframe loading=\"lazy\" src=\"https:\/\/www.facebook.com\/plugins\/post.php?href=https%3A%2F%2Fwww.facebook.com%2Fmarta.ceskoslovenska%2Fposts%2F10216420077633128&#038;width=500\" width=\"500\" height=\"293\" style=\"border:none;overflow:hidden\" scrolling=\"no\" frameborder=\"0\" allowTransparency=\"true\" allow=\"encrypted-media\"><\/iframe><div class=\"gca-utility vertical-spacer\"><\/div><\/center><\/p>\n<p>Spom\u00ednan\u00e1 redaktorka Monika Ma\u0165ov\u00e1 sa&nbsp;u\u017e&nbsp;v&nbsp;minulosti nesl\u00e1vne zvidite\u013enila oslavnou report\u00e1\u017eou o&nbsp;tom, ako v&nbsp;Prahe Andrejovi Dankovi tlieskali poslanci \u010desk\u00e9ho parlamentu.<\/p>\n<p>Podp\u00edsan\u00ed novin\u00e1ri z\u00e1rove\u0148 vyzvali vedenie RTVS, aby tak\u00fdmto pr\u00edpadom v&nbsp;bud\u00facnosti predch\u00e1dzalo.<em> \u201ePo\u0161kodzuje to dobr\u00e9 meno rel\u00e1ci\u00ed, ktor\u00e9 pripravujeme,\u201c<\/em> upresnili signat\u00e1ri vyhl\u00e1senia.<\/p>\n<p>Mana\u017ement RTVS ku&nbsp;kritike rel\u00e1cie <a href=\"https:\/\/www.aktuality.sk\/clanok\/684281\/dankova-kampan-v-rtvs-ma-dohru-redaktori-ziadaju-vysvetlenie-od-reznika\/\" rel=\"noopener noreferrer\" target=\"_blank\">pre Aktuality.sk<\/a> prostredn\u00edctvom svojej hovorkyne uviedol, \u017ee&nbsp;moder\u00e1torka Ma\u0165ov\u00e1 a&nbsp;\u0161\u00e9f rozhlasov\u00e9ho spravodajstva dostan\u00fa napomenutie. Priamu chybu si v\u0161ak vedenie telerozhlasu nepriznalo.<\/p>\n<p style=\"text-align: right;\"><small>&mdash;&nbsp;<a href=\"https:\/\/www.aktuality.sk\/clanok\/684281\/dankova-kampan-v-rtvs-ma-dohru-redaktori-ziadaju-vysvetlenie-od-reznika\/\" target=\"_blank\" rel=\"noopener noreferrer\">Aktuality.sk<\/a><\/small><\/p>\n<div class=\"gca-utility clearfix\"><\/div>\n<div class=\"gca-utility vertical-spacer\"><\/div>\n<p><center><span class=\"fullscreen\"><a href=\"\/\/www.martinus.sk\/?z=WLGC7F&#038;utm_source=z%3DWLGC7F&#038;utm_medium=banner1_468x60&#038;utm_campaign=partner\"><img decoding=\"async\" src=\"\/\/www.martinus.sk\/images\/banners\/468x60.jpg\" alt=\"www.martinus.sk\" \/><\/a><\/span><\/center><\/p>\n","protected":false},"excerpt":{"rendered":"<p>Redaktori rozhlasovej \u010dasti RTVS zareagovali na&nbsp;\u0161tvrtkov\u00e9 vysielanie rel\u00e1cie Z&nbsp;prvej ruky so&nbsp;\u0161\u00e9fom Slovenskej n\u00e1rodnej strany Andrejom Dankom. Vo&nbsp;verejnom vyhl\u00e1sen\u00ed sa&nbsp;posluch\u00e1\u010dom ospravedl\u0148uj\u00fa za&nbsp;politicky tenden\u010dne veden\u00fd rozhovor, ktor\u00fd do&nbsp;verejnopr\u00e1vneho m\u00e9dia nepatr\u00ed. <a href=\"https:\/\/literarnenoviny.sk\/servis\/novinari-zo-slovenskeho-rozhlasu-sa-ospravedlnili-za-spolitizovanu-relaciu\/\" class=\"more-link\">Cel\u00e1 spr\u00e1va <span class=\"meta-nav\">&rarr;<\/span><\/a><\/p>\n","protected":false},"author":2,"featured_media":0,"comment_status":"closed","ping_status":"closed","sticky":false,"template":"","format":"standard","meta":{"_links_to":"","_links_to_target":""},"categories":[1],"tags":[33,76,27],"_links":{"self":[{"href":"https:\/\/literarnenoviny.sk\/servis\/wp-json\/wp\/v2\/posts\/6497"}],"collection":[{"href":"https:\/\/literarnenoviny.sk\/servis\/wp-json\/wp\/v2\/posts"}],"about":[{"href":"https:\/\/literarnenoviny.sk\/servis\/wp-json\/wp\/v2\/types\/post"}],"author":[{"embeddable":true,"href":"https:\/\/literarnenoviny.sk\/servis\/wp-json\/wp\/v2\/users\/2"}],"replies":[{"embeddable":true,"href":"https:\/\/literarnenoviny.sk\/servis\/wp-json\/wp\/v2\/comments?post=6497"}],"version-history":[{"count":0,"href":"https:\/\/literarnenoviny.sk\/servis\/wp-json\/wp\/v2\/posts\/6497\/revisions"}],"wp:attachment":[{"href":"https:\/\/literarnenoviny.sk\/servis\/wp-json\/wp\/v2\/media?parent=6497"}],"wp:term":[{"taxonomy":"category","embeddable":true,"href":"https:\/\/literarnenoviny.sk\/servis\/wp-json\/wp\/v2\/categories?post=6497"},{"taxonomy":"post_tag","embeddable":true,"href":"https:\/\/literarnenoviny.sk\/servis\/wp-json\/wp\/v2\/tags?post=6497"}],"curies":[{"name":"wp","href":"https:\/\/api.w.org\/{rel}","templated":true}]}}