{"id":6030,"date":"2019-03-21T14:00:37","date_gmt":"2019-03-21T13:00:37","guid":{"rendered":"https:\/\/literarnenoviny.sk\/servis\/?p=6030"},"modified":"2019-03-21T22:25:40","modified_gmt":"2019-03-21T21:25:40","slug":"v-cesku-udelovali-ceny-czech-grand-design-medzi-ocenenymi-su-aj-ilustratori","status":"publish","type":"post","link":"https:\/\/literarnenoviny.sk\/servis\/v-cesku-udelovali-ceny-czech-grand-design-medzi-ocenenymi-su-aj-ilustratori\/","title":{"rendered":"V \u010cesku ude\u013eovali ceny Czech Grand Design, medzi ocenen\u00fdmi s\u00fa aj ilustr\u00e1tori"},"content":{"rendered":"<p><strong>V \u010cesku po&nbsp;trin\u00e1sty raz ude\u013eovali ceny <a href=\"http:\/\/www.czechgranddesign.cz\/\" rel=\"noopener noreferrer\" target=\"_blank\">Czech Grand Design<\/a> najlep\u0161\u00edm dizajn\u00e9rom a&nbsp;v\u00fdtvarn\u00edkom roka<\/strong>, ktor\u00e9 zastre\u0161uj\u00fa produktov\u00fd a&nbsp;m\u00f3dny dizajn, grafick\u00fd dizajn, fotografiu, ilustr\u00e1ciu a&nbsp;\u0161perk.<\/p>\n<p>Cenu pre&nbsp;najlep\u0161ieho ilustr\u00e1tora si prevzal \u010desk\u00fd v\u00fdtvarn\u00edk <strong>Jind\u0159ich Jan\u00ed\u010dek<\/strong> za&nbsp;ilustr\u00e1cie komiksu <em><strong><a href=\"https:\/\/www.brunningmag.cz\/eshop\/75-fahrenheita\" rel=\"noopener noreferrer\" target=\"_blank\">75\u00b0 Fahrenheita<\/a><\/strong><\/em>, ilustr\u00e1cie pre&nbsp;<em><strong><a href=\"https:\/\/ihned.cz\/\" rel=\"noopener noreferrer\" target=\"_blank\">Hospod\u00e1\u0159sk\u00e9 noviny<\/a><\/strong><\/em> a&nbsp;knihu <em><strong><a href=\"https:\/\/www.martinus.sk\/?uItem=442811&#038;z=WLGC7F&#038;utm_source=z%3DWLGC7F&#038;utm_medium=url&#038;utm_campaign=partner\" rel=\"noopener noreferrer\" target=\"_blank\">Ilustrovan\u00e1 \u00dastava \u010cesk\u00e9 republiky<\/a><\/strong> (<a href=\"https:\/\/taketaketake.cz\/\" rel=\"noopener noreferrer\" target=\"_blank\">Take Take Take<\/a>, 2018)<\/em>.<\/p>\n<p><center><div class=\"gca-utility vertical-spacer\"><\/div><iframe loading=\"lazy\" src=\"https:\/\/www.facebook.com\/plugins\/post.php?href=https%3A%2F%2Fwww.facebook.com%2Fbrunningmag%2Fposts%2F1232870393532638&#038;width=500\" width=\"500\" height=\"580\" style=\"border:none;overflow:hidden\" scrolling=\"no\" frameborder=\"0\" allowTransparency=\"true\" allow=\"encrypted-media\"><\/iframe><script async src=\"https:\/\/platform.twitter.com\/widgets.js\" charset=\"utf-8\"><\/script><div class=\"gca-utility vertical-spacer\"><\/div><\/center><\/p>\n<p>Do Siene sl\u00e1vy bol uveden\u00fd v\u00fdtvarn\u00edk, ilustr\u00e1tor a&nbsp;pedag\u00f3g <a href=\"https:\/\/cs.wikipedia.org\/wiki\/Ji\u0159\u00ed_\u0160alamoun\" rel=\"noopener noreferrer\" target=\"_blank\"><strong>Ji\u0159\u00ed \u0160alamoun<\/strong><\/a>, ktor\u00fd svojimi ilustr\u00e1ciami prispel do&nbsp;desiatok kn\u00edh od&nbsp;svetov\u00fdch autorov, ale je&nbsp;aj autorom filmov\u00fdch i&nbsp;divadeln\u00fdch plag\u00e1tov.<\/p>\n<p>Jeho <em><a href=\"https:\/\/www.martinus.sk\/?uItem=281728&#038;z=&#038;utm_source=z%3D&#038;utm_medium=&#038;utm_campaign=partner\" rel=\"noopener noreferrer\" target=\"_blank\"><strong>Maxipsa F\u00edka<\/strong><\/a><\/em> poznaj\u00fa mnoh\u00e9 gener\u00e1cie det\u00ed <em>(i&nbsp;dospel\u00fdch)<\/em> v&nbsp;\u010cech\u00e1ch, na&nbsp;Slovensku a&nbsp;v&nbsp;\u010fal\u0161\u00edch v&nbsp;30 krajin\u00e1ch sveta. V&nbsp;\u010cesku patr\u00ed <em>Maxipes F\u00edk<\/em> medzi p\u00e4\u0165 najob\u013e\u00fabenej\u0161\u00edch ve\u010dern\u00ed\u010dkov. Cenu pre&nbsp;legend\u00e1rneho ilustr\u00e1tora pri\u0161la na&nbsp;sl\u00e1vnostn\u00fd ceremoni\u00e1l prevzia\u0165 jeho dc\u00e9ra Barbora \u0160alam\u00fanov\u00e1.<\/p>\n<p>Na tohtoro\u010dn\u00fdch cen\u00e1ch Czech Grand Design v\u0161ak boli \u00faspe\u0161n\u00e9 predov\u0161etk\u00fdm \u017eeny, Grand dizajn\u00e9rkou roka sa&nbsp;stala m\u00f3dna n\u00e1vrh\u00e1rka <strong>Tereza Rosalie Klado\u0161ov\u00e1<\/strong> a&nbsp;Dizajn\u00e9rkou roku <strong>Lucie Koldov\u00e1<\/strong>.<\/p>\n<p>V\u0161etci ocenen\u00ed si odniesli \u0161peci\u00e1lnu trofej, okuliare proti oslneniu sl\u00e1vou, ktor\u00e9 navrhla dizajn\u00e9rka Nastassia Aleinikava.<\/p>\n<p style=\"text-align: right;\"><small>&mdash;&nbsp;<a href=\"https:\/\/magazin.aktualne.cz\/kultura\/umeni\/ceny-czech-grand-design-kladosova-koldova-vysledky\/r~21a70ccc4ba011e9b6a9ac1f6b220ee8\/\" target=\"_blank\" rel=\"noopener noreferrer\">Aktu\u00e1ln\u011b.cz<\/a>, <a href=\"https:\/\/www.idnes.cz\/bydleni\/architektura\/czech-grand-design-2018.A190320_151713_architektura_rez\" target=\"_blank\" rel=\"noopener noreferrer\">iDnes.cz<\/a><\/small><\/p>\n<div class=\"gca-utility clearfix\"><\/div>\n<div class=\"gca-utility vertical-spacer\"><\/div>\n<p><center><span class=\"fullscreen\"><script type=\"text\/javascript\" src=\"\/\/partner.mrtns.eu\/banners\/banner.js?type=banner&#038;brand_id=1&#038;uItem=281728&#038;size=full&#038;show_price=0&#038;color=green&#038;z=WLGC7F\"><\/script><\/span><\/center><\/p>\n","protected":false},"excerpt":{"rendered":"<p>V \u010cesku po&nbsp;trin\u00e1sty raz ude\u013eovali ceny Czech Grand Design najlep\u0161\u00edm dizajn\u00e9rom a&nbsp;v\u00fdtvarn\u00edkom roka, ktor\u00e9 zastre\u0161uj\u00fa produktov\u00fd a&nbsp;m\u00f3dny dizajn, grafick\u00fd dizajn, fotografiu, ilustr\u00e1ciu a&nbsp;\u0161perk. Cenu pre&nbsp;najlep\u0161ieho ilustr\u00e1tora si prevzal v\u00fdtvarn\u00edk Jind\u0159ich Jan\u00ed\u010dek a&nbsp;do&nbsp;Do&nbsp;Siene sl\u00e1vy bol uveden\u00fd autor Maxipsa F\u00edka Ji\u0159\u00ed \u0160alamoun. <a href=\"https:\/\/literarnenoviny.sk\/servis\/v-cesku-udelovali-ceny-czech-grand-design-medzi-ocenenymi-su-aj-ilustratori\/\" class=\"more-link\">Cel\u00e1 spr\u00e1va <span class=\"meta-nav\">&rarr;<\/span><\/a><\/p>\n","protected":false},"author":2,"featured_media":0,"comment_status":"closed","ping_status":"closed","sticky":false,"template":"","format":"standard","meta":{"_links_to":"","_links_to_target":""},"categories":[1],"tags":[79,64,29,21],"_links":{"self":[{"href":"https:\/\/literarnenoviny.sk\/servis\/wp-json\/wp\/v2\/posts\/6030"}],"collection":[{"href":"https:\/\/literarnenoviny.sk\/servis\/wp-json\/wp\/v2\/posts"}],"about":[{"href":"https:\/\/literarnenoviny.sk\/servis\/wp-json\/wp\/v2\/types\/post"}],"author":[{"embeddable":true,"href":"https:\/\/literarnenoviny.sk\/servis\/wp-json\/wp\/v2\/users\/2"}],"replies":[{"embeddable":true,"href":"https:\/\/literarnenoviny.sk\/servis\/wp-json\/wp\/v2\/comments?post=6030"}],"version-history":[{"count":0,"href":"https:\/\/literarnenoviny.sk\/servis\/wp-json\/wp\/v2\/posts\/6030\/revisions"}],"wp:attachment":[{"href":"https:\/\/literarnenoviny.sk\/servis\/wp-json\/wp\/v2\/media?parent=6030"}],"wp:term":[{"taxonomy":"category","embeddable":true,"href":"https:\/\/literarnenoviny.sk\/servis\/wp-json\/wp\/v2\/categories?post=6030"},{"taxonomy":"post_tag","embeddable":true,"href":"https:\/\/literarnenoviny.sk\/servis\/wp-json\/wp\/v2\/tags?post=6030"}],"curies":[{"name":"wp","href":"https:\/\/api.w.org\/{rel}","templated":true}]}}