{"id":5997,"date":"2019-03-21T07:30:09","date_gmt":"2019-03-21T06:30:09","guid":{"rendered":"https:\/\/literarnenoviny.sk\/servis\/?p=5997"},"modified":"2019-03-22T10:12:06","modified_gmt":"2019-03-22T09:12:06","slug":"slovenska-wikipedia-je-nedostupna-protestuje-proti-uprave-autorskych-prav","status":"publish","type":"post","link":"https:\/\/literarnenoviny.sk\/servis\/slovenska-wikipedia-je-nedostupna-protestuje-proti-uprave-autorskych-prav\/","title":{"rendered":"Slovensk\u00e1 Wikip\u00e9dia je&nbsp;dnes nedostupn\u00e1, protestuje proti \u00faprave autorsk\u00fdch pr\u00e1v"},"content":{"rendered":"<p><strong>Slovensk\u00e1, \u010desk\u00e1 a&nbsp;nemeck\u00e1 verzia <a href=\"https:\/\/sk.wikipedia.org\/\" rel=\"noopener noreferrer\" target=\"_blank\">Wikip\u00e9die<\/a> bud\u00fa vo&nbsp;\u0161tvrtok 21.&nbsp;marca nedostupn\u00e9<\/strong>. Redaktori protestuj\u00fa proti navrhovan\u00fdm pravidl\u00e1m na&nbsp;ochranu autorsk\u00fdch pr\u00e1v, o&nbsp;ktor\u00fdch bude koncom marca rozhodova\u0165 Eur\u00f3psky parlament.<\/p>\n<p>Najv\u00e4\u010d\u0161ia online encyklop\u00e9dia nebude fungova\u0165 24 hod\u00edn. O&nbsp;proteste slovenskej \u010dasti Wikip\u00e9die <a href=\"http:\/\/wikimedia.sk\/2019\/slovenska-wikipedia-nebude-21-marca-dostupna-na-protest-proti-europskej-smernici-o-autorskom-prave\/\" rel=\"noopener noreferrer\" target=\"_blank\">rozhodlo zdru\u017eenie Wikimedia<\/a>, ktor\u00e9 zastre\u0161uje jej aktivity.<\/p>\n<p><center><div class=\"gca-utility vertical-spacer\"><\/div><img decoding=\"async\" src=\"https:\/\/literarnenoviny.sk\/servis\/wp-content\/uploads\/news\/2019\/03\/21_07-30_560x360.jpg\" alt=\"Slovensk\u00e1 verzia Wikip\u00e9die\"><br \/>\n<!iframe src=\"https:\/\/sk.wikipedia.org\/\" width=\"560\"  height=\"360\" frameborder=\"0\"><\/iframe><div class=\"gca-utility vertical-spacer\"><\/div><\/center><\/p>\n<p>Wikip\u00e9dia protestuje proti \u010dl\u00e1nkom 11 a&nbsp;13 novej smernice o&nbsp;autorsk\u00fdch pr\u00e1vach. Ich prijatie vraj <em>\u201em\u00f4\u017ee obmedzi\u0165 mo\u017enosti kreat\u00edvneho vyjadrovania a&nbsp;oklie\u0161ti\u0165 tak slobodu na&nbsp;internete\u201c<\/em>.<\/p>\n<p><em>\u201eAk by bol n\u00e1vrh smernice v&nbsp;s\u00fa\u010dasnom znen\u00ed prijat\u00fd, povedie to k&nbsp;obmedzeniu mo\u017enost\u00ed \u0161\u00edrenia inform\u00e1ci\u00ed na&nbsp;internete,\u201c<\/em> kon\u0161tatuje zdru\u017eenie Wikimedia.<\/p>\n<p>Nov\u00fa eur\u00f3psku smernicu o&nbsp;autorsk\u00fdch pr\u00e1vach presadzuj\u00fa najm\u00e4 m\u00e9dia, hudobn\u00e9 vydavate\u013estva a&nbsp;filmov\u00e9 \u0161t\u00fadi\u00e1.<\/p>\n<p style=\"text-align: right;\"><small>&mdash;&nbsp;<a href=\"http:\/\/wikimedia.sk\/2019\/slovenska-wikipedia-nebude-21-marca-dostupna-na-protest-proti-europskej-smernici-o-autorskom-prave\/\" target=\"_blank\" rel=\"noopener noreferrer\">Wikimedia<\/a><\/small><\/p>\n<div class=\"gca-utility clearfix\"><\/div>\n<div class=\"gca-utility vertical-spacer\"><\/div>\n<p><center><span class=\"fullscreen\"><a href=\"\/\/www.martinus.sk\/?z=WLGC7F&#038;utm_source=z%3DWLGC7F&#038;utm_medium=banner1_468x60&#038;utm_campaign=partner\"><img decoding=\"async\" src=\"\/\/www.martinus.sk\/images\/banners\/468x60.jpg\" alt=\"www.martinus.sk\" \/><\/a><\/span><\/center><\/p>\n","protected":false},"excerpt":{"rendered":"<p>Slovensk\u00e1, \u010desk\u00e1 a&nbsp;nemeck\u00e1 verzia Wikip\u00e9die bud\u00fa vo&nbsp;\u0161tvrtok 21.&nbsp;marca nedostupn\u00e9. Redaktori protestuj\u00fa proti navrhovan\u00fdm pravidl\u00e1m na&nbsp;ochranu autorsk\u00fdch pr\u00e1v, o&nbsp;ktor\u00fdch bude koncom marca rozhodova\u0165 Eur\u00f3psky parlament.  Najv\u00e4\u010d\u0161ia online encyklop\u00e9dia nebude fungova\u0165 24 hod\u00edn.  <a href=\"https:\/\/literarnenoviny.sk\/servis\/slovenska-wikipedia-je-nedostupna-protestuje-proti-uprave-autorskych-prav\/\" class=\"more-link\">Cel\u00e1 spr\u00e1va <span class=\"meta-nav\">&rarr;<\/span><\/a><\/p>\n","protected":false},"author":2,"featured_media":0,"comment_status":"closed","ping_status":"closed","sticky":false,"template":"","format":"standard","meta":{"_links_to":"","_links_to_target":""},"categories":[1],"tags":[41,76,38],"_links":{"self":[{"href":"https:\/\/literarnenoviny.sk\/servis\/wp-json\/wp\/v2\/posts\/5997"}],"collection":[{"href":"https:\/\/literarnenoviny.sk\/servis\/wp-json\/wp\/v2\/posts"}],"about":[{"href":"https:\/\/literarnenoviny.sk\/servis\/wp-json\/wp\/v2\/types\/post"}],"author":[{"embeddable":true,"href":"https:\/\/literarnenoviny.sk\/servis\/wp-json\/wp\/v2\/users\/2"}],"replies":[{"embeddable":true,"href":"https:\/\/literarnenoviny.sk\/servis\/wp-json\/wp\/v2\/comments?post=5997"}],"version-history":[{"count":0,"href":"https:\/\/literarnenoviny.sk\/servis\/wp-json\/wp\/v2\/posts\/5997\/revisions"}],"wp:attachment":[{"href":"https:\/\/literarnenoviny.sk\/servis\/wp-json\/wp\/v2\/media?parent=5997"}],"wp:term":[{"taxonomy":"category","embeddable":true,"href":"https:\/\/literarnenoviny.sk\/servis\/wp-json\/wp\/v2\/categories?post=5997"},{"taxonomy":"post_tag","embeddable":true,"href":"https:\/\/literarnenoviny.sk\/servis\/wp-json\/wp\/v2\/tags?post=5997"}],"curies":[{"name":"wp","href":"https:\/\/api.w.org\/{rel}","templated":true}]}}