{"id":5953,"date":"2019-03-20T11:30:58","date_gmt":"2019-03-20T10:30:58","guid":{"rendered":"https:\/\/literarnenoviny.sk\/servis\/?p=5953"},"modified":"2019-03-21T10:04:01","modified_gmt":"2019-03-21T09:04:01","slug":"bratislavsky-primator-matus-vallo-by-chcel-zmodernizovat-mestsku-kniznicu","status":"publish","type":"post","link":"https:\/\/literarnenoviny.sk\/servis\/bratislavsky-primator-matus-vallo-by-chcel-zmodernizovat-mestsku-kniznicu\/","title":{"rendered":"Bratislavsk\u00fd prim\u00e1tor Mat\u00fa\u0161 Vallo by chcel zmodernizova\u0165 Mestsk\u00fa kni\u017enicu"},"content":{"rendered":"<p><strong>Bratislavsk\u00e1 <a href=\"https:\/\/www.mestskakniznica.sk\/\" rel=\"noopener noreferrer\" target=\"_blank\">Mestsk\u00e1 kni\u017enica<\/a> by sa&nbsp;mohla v&nbsp;doh\u013eadnej dobe do\u010dka\u0165 moderniz\u00e1cie<\/strong>, v&nbsp;rel\u00e1cii telev\u00edzie <a href=\"https:\/\/tv.teraz.sk\/hlavne-mesto\/x74jhg3190312-024-004_hl_mesto_20190320\/16301\/\" rel=\"noopener noreferrer\" target=\"_blank\">Tablet.tv<\/a> to nazna\u010dil prim\u00e1tor Mat\u00fa\u0161 Vallo.<\/p>\n<p><em>\u201eVieme, ako vyzeraj\u00fa modern\u00e9 kni\u017enice, vieme, ako vyzer\u00e1 na\u0161a bratislavsk\u00e1. Dok\u00e1\u017eeme si predstavi\u0165, \u017ee&nbsp;m\u00f4\u017ee vyzera\u0165 aj lep\u0161ie. Dnes m\u00e1 by\u0165 kni\u017enica ak\u00e9si centrum komunik\u00e1cie, kde si \u013eudia posedia, kde vedia by\u0165 pripojen\u00ed na&nbsp;wifi, m\u00f4\u017eu tam \u0161tudova\u0165 a&nbsp;vie tam by\u0165 k&nbsp;dispoz\u00edcii aj sympatick\u00e1 kaviare\u0148,\u201c<\/em> uviedol prim\u00e1tor.<\/p>\n<p><center><div class=\"gca-utility vertical-spacer\"><\/div><iframe loading=\"lazy\" src=\"https:\/\/www.facebook.com\/plugins\/post.php?href=https%3A%2F%2Fwww.facebook.com%2Fvallo.primator%2Fposts%2F1218136205011043&#038;width=500\" width=\"500\" height=\"160\" style=\"border:none;overflow:hidden\" scrolling=\"no\" frameborder=\"0\" allowTransparency=\"true\" allow=\"\"><\/iframe><div class=\"gca-utility vertical-spacer\"><\/div><\/center><\/p>\n<p>V s\u00fa\u010dasnosti kni\u017enica poskytuje svoje slu\u017eby verejnosti <a href=\"https:\/\/www.mestskakniznica.sk\/sk\/pracoviska-kniznice\" rel=\"noopener noreferrer\" target=\"_blank\">na piatich \u0161pecializovan\u00fdch pracovisk\u00e1ch<\/a> v&nbsp;historickom centre mesta. Okrem nich pon\u00faka po\u010das leta Bratislav\u010danom a&nbsp;n\u00e1v\u0161tevn\u00edkom mesta priestor <a href=\"https:\/\/www.mestskakniznica.sk\/sk\/letna-citaren-u-cerveneho-raka\" rel=\"noopener noreferrer\" target=\"_blank\">Letnej \u010dit\u00e1rne U&nbsp;\u010derveneho raka<\/a> pod Michalsk\u00fdm mostom a&nbsp;prev\u00e1dzkuje gal\u00e9riu Artot\u00e9ka \u010di&nbsp;knih\u00e1rsku diel\u0148u.<\/p>\n<p>Pod\u013ea prim\u00e1tora moderniz\u00e1cia m\u00f4\u017ee Mestsk\u00fa kni\u017enicu pre&nbsp;\u010ditate\u013eov zatrakt\u00edvni\u0165. <em>\u201eBratislava si zasl\u00fa\u017ei kvalitn\u00fa a&nbsp;dobr\u00fa kni\u017enicu, a&nbsp;mesto tak\u00fato kni\u017enicu potrebuje. Je&nbsp;to pre&nbsp;n\u00e1s ve\u013ek\u00e1 t\u00e9ma a&nbsp;v\u00fdzva,\u201c<\/em> kon\u0161tatoval. <\/p>\n<p>Hist\u00f3ria bratislavskej kni\u017enice sa&nbsp;za\u010dala p\u00edsa\u0165 1.&nbsp;okt\u00f3bra 1900, kedy ju za&nbsp;\u00fa\u010dasti kult\u00farnych osobnost\u00ed mesta, z\u00e1stupcov Ministerstva kultu a&nbsp;kr\u00e1\u013eovskej pr\u00e1vnickej akad\u00e9mie sl\u00e1vnostne otvoril me\u0161\u0165anosta Tivadar Brolly.<\/p>\n<p style=\"text-align: right;\"><small>&mdash;&nbsp;<a href=\"https:\/\/tv.teraz.sk\/hlavne-mesto\/x74jhg3190312-024-004_hl_mesto_20190320\/16301\/\" target=\"_blank\" rel=\"noopener noreferrer\">Tablet.tv<\/a><\/small><\/p>\n<div class=\"gca-utility clearfix\"><\/div>\n<div class=\"gca-utility vertical-spacer\"><\/div>\n<p><center><span class=\"fullscreen\"><a href=\"\/\/www.martinus.sk\/?z=WLGC7F&#038;utm_source=z%3DWLGC7F&#038;utm_medium=banner1_468x60&#038;utm_campaign=partner\"><img decoding=\"async\" src=\"\/\/www.martinus.sk\/images\/banners\/468x60_red.jpg\" alt=\"www.martinus.sk\" \/><\/a><\/span><\/center><\/p>\n","protected":false},"excerpt":{"rendered":"<p>Bratislavsk\u00e1 Mestsk\u00e1 kni\u017enica by sa&nbsp;mohla v&nbsp;doh\u013eadnej dobe do\u010dka\u0165 moderniz\u00e1cie, nazna\u010dil prim\u00e1tor Mat\u00fa\u0161 Vallo. Kni\u017enica poskytuje svoje slu\u017eby verejnosti na&nbsp;piatich \u0161pecializovan\u00fdch pracovisk\u00e1ch v&nbsp;historickom centre mesta. Po\u010das leta otv\u00e1ra aj priestor Letnej \u010dit\u00e1rne U&nbsp;\u010derven\u00e9ho raka pod Michalsk\u00fdm mostom. <a href=\"https:\/\/literarnenoviny.sk\/servis\/bratislavsky-primator-matus-vallo-by-chcel-zmodernizovat-mestsku-kniznicu\/\" class=\"more-link\">Cel\u00e1 spr\u00e1va <span class=\"meta-nav\">&rarr;<\/span><\/a><\/p>\n","protected":false},"author":2,"featured_media":0,"comment_status":"closed","ping_status":"closed","sticky":false,"template":"","format":"standard","meta":{"_links_to":"","_links_to_target":""},"categories":[1],"tags":[49],"_links":{"self":[{"href":"https:\/\/literarnenoviny.sk\/servis\/wp-json\/wp\/v2\/posts\/5953"}],"collection":[{"href":"https:\/\/literarnenoviny.sk\/servis\/wp-json\/wp\/v2\/posts"}],"about":[{"href":"https:\/\/literarnenoviny.sk\/servis\/wp-json\/wp\/v2\/types\/post"}],"author":[{"embeddable":true,"href":"https:\/\/literarnenoviny.sk\/servis\/wp-json\/wp\/v2\/users\/2"}],"replies":[{"embeddable":true,"href":"https:\/\/literarnenoviny.sk\/servis\/wp-json\/wp\/v2\/comments?post=5953"}],"version-history":[{"count":0,"href":"https:\/\/literarnenoviny.sk\/servis\/wp-json\/wp\/v2\/posts\/5953\/revisions"}],"wp:attachment":[{"href":"https:\/\/literarnenoviny.sk\/servis\/wp-json\/wp\/v2\/media?parent=5953"}],"wp:term":[{"taxonomy":"category","embeddable":true,"href":"https:\/\/literarnenoviny.sk\/servis\/wp-json\/wp\/v2\/categories?post=5953"},{"taxonomy":"post_tag","embeddable":true,"href":"https:\/\/literarnenoviny.sk\/servis\/wp-json\/wp\/v2\/tags?post=5953"}],"curies":[{"name":"wp","href":"https:\/\/api.w.org\/{rel}","templated":true}]}}