{"id":5943,"date":"2019-03-19T14:00:59","date_gmt":"2019-03-19T13:00:59","guid":{"rendered":"https:\/\/literarnenoviny.sk\/servis\/?p=5943"},"modified":"2019-03-19T17:39:41","modified_gmt":"2019-03-19T16:39:41","slug":"slovenske-vydanie-komiksu-daniela-majlinga-rudo-sa-predstavi-na-tohtorocnom-braku","status":"publish","type":"post","link":"https:\/\/literarnenoviny.sk\/servis\/slovenske-vydanie-komiksu-daniela-majlinga-rudo-sa-predstavi-na-tohtorocnom-braku\/","title":{"rendered":"Slovensk\u00e9 vydanie komiksu Daniela Majlinga Rudo sa&nbsp;predstav\u00ed na&nbsp;tohtoro\u010dnom BRaKu"},"content":{"rendered":"<p><strong>\u00daspe\u0161n\u00fd komiksov\u00fd titul Daniela Majlinga z&nbsp;roku 2015 <em><a href=\"https:\/\/www.martinus.sk\/?uItem=200347&#038;z=WLGC7F&#038;utm_source=z%3DWLGC7F&#038;utm_medium=url&#038;utm_campaign=partner\" rel=\"noopener noreferrer\" target=\"_blank\">Rudo<\/a><\/em> vyjde aj v&nbsp;sloven\u010dine<\/strong>. Uvedenie knihy sa&nbsp;uskuto\u010dn\u00ed v&nbsp;r\u00e1mci j\u00fanov\u00e9ho <em><a href=\"https:\/\/www.facebook.com\/brakfestival\/\" rel=\"noopener noreferrer\" target=\"_blank\">Bratislavsk\u00e9ho kni\u017en\u00e9ho festivalu BRaK<\/a><\/em>. <\/p>\n<p>Slovensk\u00e9 vydanie bude ma\u0165 viac ako 170 str\u00e1n a&nbsp;oproti \u010desk\u00e9mu v&nbsp;\u0148om pribudn\u00fa e\u0161te 3 poviedky a&nbsp;3 bonusy. Inform\u00e1cia sa&nbsp;objavila na&nbsp;<a href=\"https:\/\/www.facebook.com\/brakfestival\/posts\/1071812396363214\" rel=\"noopener noreferrer\" target=\"_blank\">facebookovej str\u00e1nke<\/a> podujatia.<\/p>\n<p><center><div class=\"gca-utility vertical-spacer\"><\/div><iframe loading=\"lazy\" src=\"https:\/\/www.facebook.com\/plugins\/post.php?href=https%3A%2F%2Fwww.facebook.com%2Fbrakfestival%2Fposts%2F1071812396363214&#038;width=500\" width=\"500\" height=\"710\" style=\"border:none;overflow:hidden\" scrolling=\"no\" frameborder=\"0\" allowTransparency=\"true\" allow=\"encrypted-media\"><\/iframe><div class=\"gca-utility vertical-spacer\"><\/div><\/center><\/p>\n<p>Majlingov komiks <em><strong><a href=\"https:\/\/www.martinus.sk\/?uItem=200347&#038;z=WLGC7F&#038;utm_source=z%3DWLGC7F&#038;utm_medium=url&#038;utm_campaign=partner\" rel=\"noopener noreferrer\" target=\"_blank\">Rudo<\/a><\/strong><\/em> vy\u0161iel kni\u017ene p\u00f4vodne v&nbsp;\u010deskom preklade Ond\u0159eja Kaval\u00edra v&nbsp;pra\u017eskom vydavate\u013estve <a href=\"http:\/\/www.labyrint.net\/\" rel=\"noopener noreferrer\" target=\"_blank\">Labyrint<\/a>, ktor\u00e9 stoj\u00ed aj za&nbsp;\u010desk\u00fdm kult\u00farnym \u010dasopisom <em><a href=\"https:\/\/cs.wikipedia.org\/wiki\/Labyrint_revue\" rel=\"noopener noreferrer\" target=\"_blank\">Labyrint revue<\/a><\/em>.<\/p>\n<p style=\"text-align: right;\"><small>&mdash;&nbsp;<a href=\"https:\/\/www.facebook.com\/brakfestival\/posts\/1071812396363214\" target=\"_blank\" rel=\"noopener noreferrer\">BRaK<\/a><\/small><\/p>\n<div class=\"gca-utility clearfix\"><\/div>\n<div class=\"gca-utility vertical-spacer\"><\/div>\n<p><center><span class=\"fullscreen\"><script type=\"text\/javascript\" src=\"\/\/partner.mrtns.eu\/banners\/banner.js?type=banner&#038;brand_id=1&#038;uItem=200347&#038;size=full&#038;show_price=0&#038;color=orange&#038;z=WLGC7F\"><\/script><\/span><\/center><\/p>\n","protected":false},"excerpt":{"rendered":"<p>\u00daspe\u0161n\u00fd komiksov\u00fd titul Daniela Majlinga z&nbsp;roku 2015 Rudo vyjde aj v&nbsp;sloven\u010dine. Uvedenie knihy sa&nbsp;uskuto\u010dn\u00ed v&nbsp;r\u00e1mci j\u00fanov\u00e9ho Bratislavsk\u00e9ho kni\u017en\u00e9ho festivalu BRaK. Inform\u00e1cia sa&nbsp;objavila na&nbsp;facebookovej str\u00e1nke podujatia. <a href=\"https:\/\/literarnenoviny.sk\/servis\/slovenske-vydanie-komiksu-daniela-majlinga-rudo-sa-predstavi-na-tohtorocnom-braku\/\" class=\"more-link\">Cel\u00e1 spr\u00e1va <span class=\"meta-nav\">&rarr;<\/span><\/a><\/p>\n","protected":false},"author":2,"featured_media":0,"comment_status":"closed","ping_status":"closed","sticky":false,"template":"","format":"standard","meta":{"_links_to":"","_links_to_target":""},"categories":[1],"tags":[15,29],"_links":{"self":[{"href":"https:\/\/literarnenoviny.sk\/servis\/wp-json\/wp\/v2\/posts\/5943"}],"collection":[{"href":"https:\/\/literarnenoviny.sk\/servis\/wp-json\/wp\/v2\/posts"}],"about":[{"href":"https:\/\/literarnenoviny.sk\/servis\/wp-json\/wp\/v2\/types\/post"}],"author":[{"embeddable":true,"href":"https:\/\/literarnenoviny.sk\/servis\/wp-json\/wp\/v2\/users\/2"}],"replies":[{"embeddable":true,"href":"https:\/\/literarnenoviny.sk\/servis\/wp-json\/wp\/v2\/comments?post=5943"}],"version-history":[{"count":0,"href":"https:\/\/literarnenoviny.sk\/servis\/wp-json\/wp\/v2\/posts\/5943\/revisions"}],"wp:attachment":[{"href":"https:\/\/literarnenoviny.sk\/servis\/wp-json\/wp\/v2\/media?parent=5943"}],"wp:term":[{"taxonomy":"category","embeddable":true,"href":"https:\/\/literarnenoviny.sk\/servis\/wp-json\/wp\/v2\/categories?post=5943"},{"taxonomy":"post_tag","embeddable":true,"href":"https:\/\/literarnenoviny.sk\/servis\/wp-json\/wp\/v2\/tags?post=5943"}],"curies":[{"name":"wp","href":"https:\/\/api.w.org\/{rel}","templated":true}]}}