{"id":594,"date":"2017-06-15T09:20:28","date_gmt":"2017-06-15T07:20:28","guid":{"rendered":"https:\/\/www.literarnenoviny.sk\/servis\/?p=594"},"modified":"2017-06-15T09:20:28","modified_gmt":"2017-06-15T07:20:28","slug":"pred-75-rokmi-vysiel-v-nacistami-okupovanom-parizi-slavny-roman-alberta-camusa-cudzinec","status":"publish","type":"post","link":"https:\/\/literarnenoviny.sk\/servis\/pred-75-rokmi-vysiel-v-nacistami-okupovanom-parizi-slavny-roman-alberta-camusa-cudzinec\/","title":{"rendered":"Pred 75 rokmi vy\u0161iel v&nbsp;nacistami okupovanom Par\u00ed\u017ei sl\u00e1vny rom\u00e1n Alberta Camusa Cudzinec"},"content":{"rendered":"<p>Uprostred vojny, 15.&nbsp;j\u00fana 1942, <strong>v nacistami okupovanom Par\u00ed\u017ei vy\u0161iel jeden z&nbsp;najd\u00f4le\u017eitej\u0161\u00edch rom\u00e1nov 20.&nbsp;storo\u010dia, <a href=\"http:\/\/www.martinus.sk\/?uItem=99320\" target=\"_blank\">Cudzinec<\/a><\/strong> (L&#8217;\u00e9tranger) od&nbsp;franc\u00fazskeho spisovate\u013ea al\u017e\u00edrskeho p\u00f4vodu <a href=\"https:\/\/sk.wikipedia.org\/wiki\/Albert_Camus\" target=\"_blank\">Alberta Camusa<\/a>. Autor diela, ktor\u00e9mu kritici vy\u010d\u00edtali \u013eahostajnos\u0165 a&nbsp;bezcitnos\u0165, mal vtedy za&nbsp;sebou len nieko\u013eko filozofick\u00fdch diel. A&nbsp;v&nbsp;\u0161upl\u00edku \u010fal\u0161\u00ed rom\u00e1n \u0160\u0165astn\u00e1 smr\u0165, vydan\u00fd a\u017e desa\u0165 rokov po&nbsp;jeho smrti, alebo nesk\u00f4r presl\u00e1ven\u00fa dr\u00e1mu Caligula, dodnes pova\u017eovan\u00fa za&nbsp;jedno najv\u00fdznamnej\u0161\u00edch diel existencializmu.<br \/>\n&nbsp;<br \/>\nDo&nbsp;tohto filozofick\u00e9ho smeru sa&nbsp;rad\u00ed aj Cudzinec. Zdanlivo nesfilmovate\u013en\u00fd rom\u00e1n zaujal aj film\u00e1rov, v&nbsp;roku 1967 ho na&nbsp;pl\u00e1tne predstavil taliansky re\u017eis\u00e9r <a href=\"https:\/\/sk.wikipedia.org\/wiki\/Luchino_Visconti\" target=\"_blank\">Luchino Visconti<\/a>, ktor\u00fd do&nbsp;hlavnej \u00falohy obsadil Marcella Mastroianniho.<\/p>\n","protected":false},"excerpt":{"rendered":"<p>Uprostred vojny, 15.&nbsp;j\u00fana 1942, vy\u0161iel v&nbsp;nacistami okupovanom Par\u00ed\u017ei jeden z&nbsp;najd\u00f4le\u017eitej\u0161\u00edch rom\u00e1nov 20.&nbsp;storo\u010dia, Cudzinec od&nbsp;franc\u00fazskeho spisovate\u013ea al\u017e\u00edrskeho p\u00f4vodu Alberta Camusa. <a href=\"https:\/\/literarnenoviny.sk\/servis\/pred-75-rokmi-vysiel-v-nacistami-okupovanom-parizi-slavny-roman-alberta-camusa-cudzinec\/\" class=\"more-link\">Cel\u00e1 spr\u00e1va <span class=\"meta-nav\">&rarr;<\/span><\/a><\/p>\n","protected":false},"author":2,"featured_media":0,"comment_status":"closed","ping_status":"closed","sticky":false,"template":"","format":"standard","meta":{"_links_to":"","_links_to_target":""},"categories":[1],"tags":[5,14,3],"_links":{"self":[{"href":"https:\/\/literarnenoviny.sk\/servis\/wp-json\/wp\/v2\/posts\/594"}],"collection":[{"href":"https:\/\/literarnenoviny.sk\/servis\/wp-json\/wp\/v2\/posts"}],"about":[{"href":"https:\/\/literarnenoviny.sk\/servis\/wp-json\/wp\/v2\/types\/post"}],"author":[{"embeddable":true,"href":"https:\/\/literarnenoviny.sk\/servis\/wp-json\/wp\/v2\/users\/2"}],"replies":[{"embeddable":true,"href":"https:\/\/literarnenoviny.sk\/servis\/wp-json\/wp\/v2\/comments?post=594"}],"version-history":[{"count":0,"href":"https:\/\/literarnenoviny.sk\/servis\/wp-json\/wp\/v2\/posts\/594\/revisions"}],"wp:attachment":[{"href":"https:\/\/literarnenoviny.sk\/servis\/wp-json\/wp\/v2\/media?parent=594"}],"wp:term":[{"taxonomy":"category","embeddable":true,"href":"https:\/\/literarnenoviny.sk\/servis\/wp-json\/wp\/v2\/categories?post=594"},{"taxonomy":"post_tag","embeddable":true,"href":"https:\/\/literarnenoviny.sk\/servis\/wp-json\/wp\/v2\/tags?post=594"}],"curies":[{"name":"wp","href":"https:\/\/api.w.org\/{rel}","templated":true}]}}