{"id":5915,"date":"2019-03-18T08:15:26","date_gmt":"2019-03-18T07:15:26","guid":{"rendered":"https:\/\/literarnenoviny.sk\/servis\/?p=5915"},"modified":"2019-03-18T08:26:09","modified_gmt":"2019-03-18T07:26:09","slug":"google-vraj-plati-youtuberom-aby-protestovali-proti-reforme-autorskeho-prava","status":"publish","type":"post","link":"https:\/\/literarnenoviny.sk\/servis\/google-vraj-plati-youtuberom-aby-protestovali-proti-reforme-autorskeho-prava\/","title":{"rendered":"Google vraj plat\u00ed youtuberom, aby protestovali proti reforme autorsk\u00e9ho pr\u00e1va"},"content":{"rendered":"<p><strong>V\u00fdznamn\u00ed youtuberi vraj dost\u00e1vaj\u00fa od&nbsp;spolo\u010dnosti Google peniaze za&nbsp;vide\u00e1 namieren\u00e9 proti <a href=\"https:\/\/euractiv.sk\/tag\/autorske-prava\/\" rel=\"noopener noreferrer\" target=\"_blank\">reforme autorsk\u00e9ho pr\u00e1va<\/a><\/strong>, o&nbsp;ktorej bude koncom marca rozhodova\u0165 Eur\u00f3psky parlament. Informoval o&nbsp;tom nemeck\u00fd denn\u00edk <em><a href=\"https:\/\/www.faz.net\/aktuell\/feuilleton\/debatten\/youtubern-wird-geld-fuer-urhebrrechts-protest-geboten-16091413.html\" rel=\"noopener noreferrer\" target=\"_blank\">Frankfurter Allgemeine Zeitung<\/a><\/em>. <\/p>\n<p>Tak\u00e9to videoklipy v&nbsp;uplynul\u00fdch t\u00fd\u017ed\u0148och zaplavili internet.<\/p>\n<p>V \u010dl\u00e1nku <em><strong><a href=\"https:\/\/www.faz.net\/aktuell\/feuilleton\/debatten\/youtubern-wird-geld-fuer-urhebrrechts-protest-geboten-16091413.html\" rel=\"noopener noreferrer\" target=\"_blank\">K\u00fapen\u00fd protest?<\/a><\/strong><\/em> novin\u00e1r Constantin van Lijnden p\u00ed\u0161e o&nbsp;nieko\u013ek\u00fdch youtuberoch, ktor\u00ed dostali finan\u010dn\u00fa ponuku od&nbsp;neziskovej organiz\u00e1cie <em><strong><a href=\"https:\/\/createrefresh.eu\/\" rel=\"noopener noreferrer\" target=\"_blank\">Create Refresh<\/a><\/strong><\/em>, ak nakr\u00fatia vide\u00e1 zameran\u00e9 proti <a href=\"https:\/\/literarnenoviny.sk\/servis\/vybor-europskeho-parlamentu-juri-schvalil-navrh-novej-smernice-o-autorskom-prave\/\" rel=\"noopener noreferrer\" target=\"_blank\">sporn\u00e9mu \u010dl\u00e1nku 13<\/a>. <\/p>\n<p><center><div class=\"gca-utility vertical-spacer\"><\/div>\n<blockquote class=\"twitter-tweet\" data-lang=\"sk\">\n<p lang=\"de\" dir=\"ltr\">Eine dubiose Kampagne namens \u201eCreate Refresh\u201c bietet Youtubern Geld f\u00fcr kritische Beitr\u00e4ge zur <a href=\"https:\/\/twitter.com\/hashtag\/Urheberrechtsreform?src=hash&amp;ref_src=twsrc%5Etfw\">#Urheberrechtsreform<\/a>.<a href=\"https:\/\/twitter.com\/hashtag\/Yes2Copyright?src=hash&amp;ref_src=twsrc%5Etfw\">#Yes2Copyright<\/a> \u00a9\ufe0f<a href=\"https:\/\/twitter.com\/hashtag\/DeinEuropa?src=hash&amp;ref_src=twsrc%5Etfw\">#DeinEuropa<\/a> ??<a href=\"https:\/\/t.co\/F8JuMlLpCA\">https:\/\/t.co\/F8JuMlLpCA<\/a><\/p>\n<p>&mdash; CDU\/CSU in Europa (@CDU_CSU_EP) <a href=\"https:\/\/twitter.com\/CDU_CSU_EP\/status\/1107374345586991106?ref_src=twsrc%5Etfw\">17.&nbsp;marca 2019<\/a><\/p><\/blockquote>\n<p><script async src=\"https:\/\/platform.twitter.com\/widgets.js\" charset=\"utf-8\"><\/script><div class=\"gca-utility vertical-spacer\"><\/div><\/center><\/p>\n<p><em>Create Refresh<\/em> im mala pon\u00faka\u0165 sumu 2&nbsp;000&nbsp;eur.<\/p>\n<p>Na \u010dele tejto neziskovky stoj\u00ed Caroline de&nbsp;Cock, ktor\u00e1 je&nbsp;\u0161\u00e9fkou bruselskej lobistickej spolo\u010dnosti <em>N-Square<\/em>. Jej najv\u00e4\u010d\u0161\u00edm klientom je&nbsp;pr\u00e1ve Google a&nbsp;nieko\u013eko \u010fal\u0161\u00edch technologick\u00fdch firiem. <em>Create Refresh<\/em> podporuj\u00fa aj \u010fal\u0161ie neziskovky, ktor\u00e9 riadia \u013eudia bl\u00edzki americk\u00e9mu technologick\u00e9mu gigantu. <\/p>\n<p>Pod\u013ea <em>FAZ<\/em> v\u0161etky tieto snahy zastre\u0161uje organiz\u00e1cia <em><strong><a href=\"https:\/\/edri.org\/\" rel=\"noopener noreferrer\" target=\"_blank\">Edri<\/a><\/strong> (European Digital Rights)<\/em> Dve tretiny n\u00e1kladov spojen\u00fdch s&nbsp;protestn\u00fdmi aktivitami  vraj pokr\u00fdva <em><a href=\"https:\/\/www.opensocietyfoundations.org\/\" rel=\"noopener noreferrer\" target=\"_blank\">Open Society Foundation<\/a><\/em> finan\u010dn\u00edka Georga Sorosa a&nbsp;tretinu asoci\u00e1cia <em><a href=\"http:\/\/copyright4creativity.eu\/\" rel=\"noopener noreferrer\" target=\"_blank\">Copyright for Creativity<\/a><\/em>. <\/p>\n<p>Ak europoslanci koncom marca nov\u00fa legislat\u00edvu schv\u00e1lia, tak potom definit\u00edvne nadobudne platnos\u0165.<\/p>\n<p style=\"text-align: right;\"><small>&mdash;&nbsp;<a href=\"https:\/\/www.faz.net\/aktuell\/feuilleton\/debatten\/youtubern-wird-geld-fuer-urhebrrechts-protest-geboten-16091413.html\" target=\"_blank\" rel=\"noopener noreferrer\">Frankfurter Allgemeine Zeitung<\/a><\/small><\/p>\n<div class=\"gca-utility clearfix\"><\/div>\n<div class=\"gca-utility vertical-spacer\"><\/div>\n<p><center><span class=\"fullscreen\"><a href=\"\/\/www.martinus.sk\/?z=WLGC7F&#038;utm_source=z%3DWLGC7F&#038;utm_medium=banner1_468x60&#038;utm_campaign=partner\"><img decoding=\"async\" src=\"\/\/www.martinus.sk\/images\/banners\/468x60.jpg\" alt=\"www.martinus.sk\" \/><\/a><\/span><\/center><\/p>\n","protected":false},"excerpt":{"rendered":"<p>V\u00fdznamn\u00ed youtuberi vraj dost\u00e1vaj\u00fa od&nbsp;spolo\u010dnosti Google peniaze za&nbsp;vide\u00e1, ktor\u00e9 s\u00fa namieren\u00e9 proti reforme autorsk\u00e9ho pr\u00e1va, o&nbsp;ktorej bude koncom mesiaca rozhodova\u0165 Eur\u00f3psky parlament. Informoval o&nbsp;tom nemeck\u00fd denn\u00edk Frankfurter Allgemeine Zeitung. Tak\u00e9to videoklipy v&nbsp;uplynul\u00fdch t\u00fd\u017ed\u0148och zaplavili internet. <a href=\"https:\/\/literarnenoviny.sk\/servis\/google-vraj-plati-youtuberom-aby-protestovali-proti-reforme-autorskeho-prava\/\" class=\"more-link\">Cel\u00e1 spr\u00e1va <span class=\"meta-nav\">&rarr;<\/span><\/a><\/p>\n","protected":false},"author":2,"featured_media":0,"comment_status":"closed","ping_status":"closed","sticky":false,"template":"","format":"standard","meta":{"_links_to":"","_links_to_target":""},"categories":[1],"tags":[30,109,123,27],"_links":{"self":[{"href":"https:\/\/literarnenoviny.sk\/servis\/wp-json\/wp\/v2\/posts\/5915"}],"collection":[{"href":"https:\/\/literarnenoviny.sk\/servis\/wp-json\/wp\/v2\/posts"}],"about":[{"href":"https:\/\/literarnenoviny.sk\/servis\/wp-json\/wp\/v2\/types\/post"}],"author":[{"embeddable":true,"href":"https:\/\/literarnenoviny.sk\/servis\/wp-json\/wp\/v2\/users\/2"}],"replies":[{"embeddable":true,"href":"https:\/\/literarnenoviny.sk\/servis\/wp-json\/wp\/v2\/comments?post=5915"}],"version-history":[{"count":0,"href":"https:\/\/literarnenoviny.sk\/servis\/wp-json\/wp\/v2\/posts\/5915\/revisions"}],"wp:attachment":[{"href":"https:\/\/literarnenoviny.sk\/servis\/wp-json\/wp\/v2\/media?parent=5915"}],"wp:term":[{"taxonomy":"category","embeddable":true,"href":"https:\/\/literarnenoviny.sk\/servis\/wp-json\/wp\/v2\/categories?post=5915"},{"taxonomy":"post_tag","embeddable":true,"href":"https:\/\/literarnenoviny.sk\/servis\/wp-json\/wp\/v2\/tags?post=5915"}],"curies":[{"name":"wp","href":"https:\/\/api.w.org\/{rel}","templated":true}]}}