{"id":5892,"date":"2019-03-17T11:15:29","date_gmt":"2019-03-17T10:15:29","guid":{"rendered":"https:\/\/literarnenoviny.sk\/servis\/?p=5892"},"modified":"2019-03-17T14:54:30","modified_gmt":"2019-03-17T13:54:30","slug":"slovenske-prezidentske-volby-komentovala-aj-americka-autorka-anne-applebaumova","status":"publish","type":"post","link":"https:\/\/literarnenoviny.sk\/servis\/slovenske-prezidentske-volby-komentovala-aj-americka-autorka-anne-applebaumova\/","title":{"rendered":"Slovensk\u00e9 prezidentsk\u00e9 vo\u013eby komentovala aj americk\u00e1 autorka Anne Applebaumov\u00e1"},"content":{"rendered":"<p><strong>V\u00fdsledky slovensk\u00fdch prezidentsk\u00fdch volieb komentovala na&nbsp;svojom twitterovom \u00fa\u010dte aj americk\u00e1 novin\u00e1rka a&nbsp;spisovate\u013eka <a href=\"https:\/\/cs.wikipedia.org\/wiki\/Anne_Applebaumov\u00e1\" rel=\"noopener noreferrer\" target=\"_blank\">Anne Applebaumov\u00e1<\/a><\/strong>, dr\u017eite\u013eka Pulitzerovej ceny v&nbsp;kateg\u00f3rii literat\u00fary faktu za&nbsp;knihu <em><strong>Gulag<\/strong> (Gulag: A&nbsp;History, 2003)<\/em>.<\/p>\n<p>Ameri\u010danka \u017eij\u00faca v&nbsp;Po\u013esku, ktor\u00e1 sa&nbsp;venuje predov\u0161etk\u00fdm hist\u00f3rii Ruska a&nbsp;v\u00fdchodnej Eur\u00f3py, zareagovala <a href=\"https:\/\/www.theguardian.com\/world\/2019\/mar\/17\/slovakia-pro-eu-zuzana-caputova-wins-first-round-of-presidential-election\" rel=\"noopener noreferrer\" target=\"_blank\">na \u010dl\u00e1nok<\/a> britsk\u00e9ho denn\u00edka Guardian o&nbsp;v\u00ed\u0165azstve Zuzany \u010caputovej v&nbsp;prvom kole slovensk\u00fdch prezidentsk\u00fdch volieb, slovami <em>\u201eNie\u010do&nbsp;in\u00e9\u201c (Something different)<\/em><\/p>\n<p><center><div class=\"gca-utility vertical-spacer\"><\/div>\n<blockquote class=\"twitter-tweet\" data-lang=\"sk\">\n<p lang=\"en\" dir=\"ltr\">Something different <a href=\"https:\/\/t.co\/Bkfi3znqQo\">https:\/\/t.co\/Bkfi3znqQo<\/a><\/p>\n<p>&mdash; Anne Applebaum (@anneapplebaum) <a href=\"https:\/\/twitter.com\/anneapplebaum\/status\/1107217570359402497?ref_src=twsrc%5Etfw\">17.&nbsp;marca 2019<\/a><\/p><\/blockquote>\n<p><script async src=\"https:\/\/platform.twitter.com\/widgets.js\" charset=\"utf-8\"><\/script><div class=\"gca-utility vertical-spacer\"><\/div><\/center><\/p>\n<p>K situ\u00e1cii na&nbsp;Slovensku sa&nbsp;vyjadrila aj kr\u00e1tko pred vo\u013ebami. Na&nbsp;Twitteri vtedy okrem in\u00e9ho kon\u0161tatovala, \u017ee&nbsp;<em>\u201eSk\u00f4r \u010di&nbsp;nesk\u00f4r \u013eudia v\u0161ade zistia, \u017ee&nbsp;populizmus je&nbsp;podvod\u201c<\/em>.<\/p>\n<p><center><div class=\"gca-utility vertical-spacer\"><\/div>\n<blockquote class=\"twitter-tweet\" data-cards=\"hidden\" data-lang=\"sk\">\n<p lang=\"en\" dir=\"ltr\">&quot;In Slovakia, as more evidence surfaced that populist rhetoric may have been a&nbsp;cover for corruption, public anger swelled.&quot; <br \/>Sooner or later, people everywhere will work out that &quot;populism&quot; is a&nbsp;scam  <a href=\"https:\/\/t.co\/YlGAeULPcU\">https:\/\/t.co\/YlGAeULPcU<\/a><\/p>\n<p>&mdash; Anne Applebaum (@anneapplebaum) <a href=\"https:\/\/twitter.com\/anneapplebaum\/status\/1106755328471982080?ref_src=twsrc%5Etfw\">16.&nbsp;marca 2019<\/a><\/p><\/blockquote>\n<p><script async src=\"https:\/\/platform.twitter.com\/widgets.js\" charset=\"utf-8\"><\/script><div class=\"gca-utility vertical-spacer\"><\/div><\/center><\/p>\n<p>Slovensk\u00ed \u010ditatelia poznaj\u00fa autorkinu tvorbu predov\u0161etk\u00fdm prostredn\u00edctvom \u010desk\u00fdch vydan\u00ed z&nbsp;vydavate\u013estva <a href=\"https:\/\/www.martinus.sk\/authors\/anne-applebaumova\/?z=WLGC7F&#038;utm_source=z%3DWLGC7F&#038;utm_medium=url&#038;utm_campaign=partner\" rel=\"noopener noreferrer\" target=\"_blank\">Beta &#8211; Dobrovsk\u00fd<\/a>, ktor\u00e9 popri oce\u0148ovanom <em><strong>Gulagu<\/strong> (2004)<\/em> vydalo aj jej tituly <em><strong>\u017delezn\u00e1 opona<\/strong> (2014)<\/em> a&nbsp;<em><strong><a href=\"https:\/\/www.martinus.sk\/?uItem=451235&#038;z=WLGC7F&#038;utm_source=z%3DWLGC7F&#038;utm_medium=url&#038;utm_campaign=partner\" rel=\"noopener noreferrer\" target=\"_blank\">Rud\u00fd hladomor<\/a><\/strong> (2018)<\/em>.<\/p>\n<p>Anne Applebaumov\u00e1 je&nbsp;\u010dlenkou pravicov\u00e9ho think tanku <em>American Enterprise Institute<\/em>. Jej man\u017eelom je&nbsp;politik a&nbsp;b\u00fdval\u00fd po\u013esk\u00fd minister zahrani\u010dn\u00fdch vec\u00ed <a href=\"https:\/\/cs.wikipedia.org\/wiki\/Rados\u0142aw_Sikorski\" rel=\"noopener noreferrer\" target=\"_blank\">Rados\u0142aw Sikorski<\/a>.<\/p>\n<p style=\"text-align: right;\"><small>&mdash;&nbsp;<!a href=\"https:\/\/addmedia.link\" target=\"_blank\">Addmedia<\/a>, Liter\u00e1rne noviny<\/small><\/p>\n<div class=\"gca-utility clearfix\"><\/div>\n<div class=\"gca-utility vertical-spacer\"><\/div>\n<p><center><span class=\"fullscreen\"><script type=\"text\/javascript\" src=\"\/\/partner.mrtns.eu\/banners\/banner.js?type=banner&#038;brand_id=1&#038;uItem=451235&#038;size=full&#038;show_price=0&#038;color=orange&#038;z=WLGC7F\"><\/script><\/span><\/center><\/p>\n","protected":false},"excerpt":{"rendered":"<p>V\u00fdsledky slovensk\u00fdch prezidentsk\u00fdch volieb komentovala na&nbsp;svojom twitterovom \u00fa\u010dte aj americk\u00e1 novin\u00e1rka a&nbsp;spisovate\u013eka Anne Applebaumov\u00e1, dr\u017eite\u013eka Pulitzerovej ceny v&nbsp;kateg\u00f3rii literat\u00fary faktu. Ameri\u010danka \u017eij\u00faca v&nbsp;Po\u013esku reagovala na&nbsp;\u010dl\u00e1nok britsk\u00e9ho denn\u00edka Guardian o&nbsp;v\u00ed\u0165azstve Zuzany \u010caputovej v&nbsp;prvom kole slovensk\u00fdch prezidentsk\u00fdch volieb. <a href=\"https:\/\/literarnenoviny.sk\/servis\/slovenske-prezidentske-volby-komentovala-aj-americka-autorka-anne-applebaumova\/\" class=\"more-link\">Cel\u00e1 spr\u00e1va <span class=\"meta-nav\">&rarr;<\/span><\/a><\/p>\n","protected":false},"author":2,"featured_media":0,"comment_status":"closed","ping_status":"closed","sticky":false,"template":"","format":"standard","meta":{"_links_to":"","_links_to_target":""},"categories":[1],"tags":[14,76,23],"_links":{"self":[{"href":"https:\/\/literarnenoviny.sk\/servis\/wp-json\/wp\/v2\/posts\/5892"}],"collection":[{"href":"https:\/\/literarnenoviny.sk\/servis\/wp-json\/wp\/v2\/posts"}],"about":[{"href":"https:\/\/literarnenoviny.sk\/servis\/wp-json\/wp\/v2\/types\/post"}],"author":[{"embeddable":true,"href":"https:\/\/literarnenoviny.sk\/servis\/wp-json\/wp\/v2\/users\/2"}],"replies":[{"embeddable":true,"href":"https:\/\/literarnenoviny.sk\/servis\/wp-json\/wp\/v2\/comments?post=5892"}],"version-history":[{"count":0,"href":"https:\/\/literarnenoviny.sk\/servis\/wp-json\/wp\/v2\/posts\/5892\/revisions"}],"wp:attachment":[{"href":"https:\/\/literarnenoviny.sk\/servis\/wp-json\/wp\/v2\/media?parent=5892"}],"wp:term":[{"taxonomy":"category","embeddable":true,"href":"https:\/\/literarnenoviny.sk\/servis\/wp-json\/wp\/v2\/categories?post=5892"},{"taxonomy":"post_tag","embeddable":true,"href":"https:\/\/literarnenoviny.sk\/servis\/wp-json\/wp\/v2\/tags?post=5892"}],"curies":[{"name":"wp","href":"https:\/\/api.w.org\/{rel}","templated":true}]}}