{"id":5864,"date":"2019-03-16T09:15:55","date_gmt":"2019-03-16T08:15:55","guid":{"rendered":"https:\/\/literarnenoviny.sk\/servis\/?p=5864"},"modified":"2019-03-16T09:25:27","modified_gmt":"2019-03-16T08:25:27","slug":"historicky-roman-pavla-rankova-legenda-o-jazyku-vysiel-v-ceskom-preklade","status":"publish","type":"post","link":"https:\/\/literarnenoviny.sk\/servis\/historicky-roman-pavla-rankova-legenda-o-jazyku-vysiel-v-ceskom-preklade\/","title":{"rendered":"Historick\u00fd rom\u00e1n Pavla Rankova Legenda o&nbsp;jazyku vy\u0161iel v&nbsp;\u010deskom preklade"},"content":{"rendered":"<p><strong>Historick\u00fd rom\u00e1n Pavla Rankova <em><a href=\"https:\/\/www.martinus.sk\/?uItem=428019&#038;z=WLGC7F&#038;utm_source=z%3DWLGC7F&#038;utm_medium=url&#038;utm_campaign=partner\" rel=\"noopener noreferrer\" target=\"_blank\">Legenda o&nbsp;jazyku<\/a><\/em> z&nbsp;roku 2018 vy\u0161iel v&nbsp;\u010deskom preklade<\/strong>. Na&nbsp;\u010desk\u00fd kni\u017en\u00fd trh <a href=\"https:\/\/www.hostbrno.cz\/legenda-o-jazyku\/\" rel=\"noopener noreferrer\" target=\"_blank\">ho uviedlo<\/a> vydavate\u013estvo Host.<\/p>\n<p>Autor sa&nbsp;v&nbsp;rom\u00e1ne, ktor\u00fd <a href=\"https:\/\/www.martinus.sk\/?uItem=428019&#038;z=WLGC7F&#038;utm_source=z%3DWLGC7F&#038;utm_medium=url&#038;utm_campaign=partner\" rel=\"noopener noreferrer\" target=\"_blank\">v sloven\u010dine<\/a> vy\u0161iel minul\u00fd rok vo&nbsp;vydavate\u013estve <a href=\"https:\/\/www.slovart.sk\/\" rel=\"noopener noreferrer\" target=\"_blank\">Slovart<\/a>, vracia do&nbsp;\u010dasov totality. <\/p>\n<p>Pr\u00edbeh sa&nbsp;odohr\u00e1va v&nbsp;priebehu nieko\u013ek\u00fdch mesiacov roka 1972, spo\u010diatku na&nbsp;Slovensku, potom v&nbsp;\u010cech\u00e1ch. Jeho druh\u00fa pr\u00edbehov\u00fa rovinu tvor\u00ed legenda o&nbsp;najzn\u00e1mej\u0161om \u010deskom sv\u00e4tcovi z&nbsp;druhej polovice 14.&nbsp;storo\u010dia <a href=\"https:\/\/sk.wikipedia.org\/wiki\/J\u00e1n_Nepomuck\u00fd\" rel=\"noopener noreferrer\" target=\"_blank\">J\u00e1novi Nepomuckom<\/a>. V&nbsp;texte sa&nbsp;prel\u00ednaj\u00fa historick\u00e9 fakty s&nbsp;fikciou.<\/p>\n<p><center><div class=\"gca-utility vertical-spacer\"><\/div>\n<blockquote class=\"twitter-tweet\" data-lang=\"sk\">\n<p lang=\"cs\" dir=\"ltr\">Co chyst\u00e1me na&nbsp;leto\u0161n\u00ed Velk\u00fd kni\u017en\u00ed \u010dtvrtek? ?<\/p>\n<p>Rom\u00e1n Pavla Rankov, ve kter\u00e9m st\u0159edov\u011bk\u00e1 legenda o&nbsp;svat\u00e9m Janu Nepomuck\u00e9m o\u017e\u00edv\u00e1 v&nbsp;normaliza\u010dn\u00edch kulis\u00e1ch roku 1972. <a href=\"https:\/\/t.co\/oGxC45khwl\">pic.twitter.com\/oGxC45khwl<\/a><\/p>\n<p>&mdash; Nakladatelstv\u00ed HOST (@hostbrno) <a href=\"https:\/\/twitter.com\/hostbrno\/status\/1102638382386200576?ref_src=twsrc%5Etfw\">4.&nbsp;marca 2019<\/a><\/p><\/blockquote>\n<p><script async src=\"https:\/\/platform.twitter.com\/widgets.js\" charset=\"utf-8\"><\/script><div class=\"gca-utility vertical-spacer\"><\/div><\/center><\/p>\n<p>Pavol Rankov si pred jeho nap\u00edsan\u00edm d\u00f4kladne na\u0161tudoval aj dobov\u00e9 re\u00e1lie v&nbsp;pra\u017eskom arch\u00edve <a href=\"https:\/\/www.ff.cuni.cz\/\" rel=\"noopener noreferrer\" target=\"_blank\">Filozofickej fakulty Univerzity Karlovej<\/a>. <\/p>\n<p><em>\u201eDostal som sa&nbsp;z&nbsp;dne\u0161n\u00e9ho poh\u013eadu k&nbsp;ve\u013emi \u010darovn\u00fdm z\u00e1pisniciam zo&nbsp;sch\u00f4dz\u00ed, je&nbsp;neuverite\u013en\u00e9, ako r\u00fdchlo sa&nbsp;\u013eudia v&nbsp;normaliz\u00e1cii dok\u00e1zali preklopi\u0165,\u201c<\/em> prezradil slovensk\u00fd spisovate\u013e pri minuloro\u010dnej prezent\u00e1cii slovensk\u00e9ho vydania.<\/p>\n<p>Rom\u00e1n do&nbsp;\u010de\u0161tiny prelo\u017eila prekladate\u013eka Petra Darovcov\u00e1 a&nbsp;v&nbsp;\u010desk\u00fdch m\u00e9di\u00e1ch u\u017e&nbsp;na&nbsp;neho vy\u0161li aj <a href=\"https:\/\/magazin.aktualne.cz\/kultura\/literatura\/pavol-rankov-legenda-jazyk-nepomucky-host-kniha-recenze\/r~19c04206473811e98aa4ac1f6b220ee8\/\" rel=\"noopener noreferrer\" target=\"_blank\">prv\u00e9 recenzie<\/a>. <\/p>\n<p>\u010cesk\u00e9 vydanie rom\u00e1nu Pavla Rankova <em><strong><a href=\"https:\/\/www.martinus.sk\/?uItem=456427&#038;z=WLGC7F&#038;utm_source=z%3DWLGC7F&#038;utm_medium=url&#038;utm_campaign=partner\" rel=\"noopener noreferrer\" target=\"_blank\">Legenda o&nbsp;jazyku<\/a><\/strong> (Host, 2019)<\/em> je&nbsp;dostupn\u00e9 ako klasick\u00e1 viazan\u00e1 kniha.<\/p>\n<p style=\"text-align: right;\"><small>&mdash;&nbsp; Addmedia a&nbsp;<a href=\"https:\/\/www.hostbrno.cz\/legenda-o-jazyku\/\" target=\"_blank\" rel=\"noopener noreferrer\">Host<\/a><\/small><\/p>\n<div class=\"gca-utility clearfix\"><\/div>\n<div class=\"gca-utility vertical-spacer\"><\/div>\n<p><center><span class=\"fullscreen\"><script type=\"text\/javascript\" src=\"\/\/partner.mrtns.eu\/banners\/banner.js?type=banner&#038;brand_id=1&#038;uItem=456427&#038;size=full&#038;show_price=0&#038;color=violet&#038;z=WLGC7F\"><\/script><\/span><\/center><\/p>\n","protected":false},"excerpt":{"rendered":"<p>Historick\u00fd rom\u00e1n Pavla Rankova Legenda o&nbsp;jazyku z&nbsp;roku 2018 vy\u0161iel v&nbsp;\u010deskom preklade. Na&nbsp;\u010desk\u00fd kni\u017en\u00fd trh ho uviedlo vydavate\u013estvo Host. Autor sa&nbsp;v&nbsp;rom\u00e1ne, ktor\u00fd v&nbsp;sloven\u010dine vy\u0161iel minul\u00fd rok vo&nbsp;vydavate\u013estve Slovart, vracia do&nbsp;\u010dias totality &#8211; do&nbsp;obdobia 70.&nbsp;rokov dvadsiateho storo\u010dia. <a href=\"https:\/\/literarnenoviny.sk\/servis\/historicky-roman-pavla-rankova-legenda-o-jazyku-vysiel-v-ceskom-preklade\/\" class=\"more-link\">Cel\u00e1 spr\u00e1va <span class=\"meta-nav\">&rarr;<\/span><\/a><\/p>\n","protected":false},"author":2,"featured_media":0,"comment_status":"closed","ping_status":"closed","sticky":false,"template":"","format":"standard","meta":{"_links_to":"","_links_to_target":""},"categories":[1],"tags":[5,14,48],"_links":{"self":[{"href":"https:\/\/literarnenoviny.sk\/servis\/wp-json\/wp\/v2\/posts\/5864"}],"collection":[{"href":"https:\/\/literarnenoviny.sk\/servis\/wp-json\/wp\/v2\/posts"}],"about":[{"href":"https:\/\/literarnenoviny.sk\/servis\/wp-json\/wp\/v2\/types\/post"}],"author":[{"embeddable":true,"href":"https:\/\/literarnenoviny.sk\/servis\/wp-json\/wp\/v2\/users\/2"}],"replies":[{"embeddable":true,"href":"https:\/\/literarnenoviny.sk\/servis\/wp-json\/wp\/v2\/comments?post=5864"}],"version-history":[{"count":0,"href":"https:\/\/literarnenoviny.sk\/servis\/wp-json\/wp\/v2\/posts\/5864\/revisions"}],"wp:attachment":[{"href":"https:\/\/literarnenoviny.sk\/servis\/wp-json\/wp\/v2\/media?parent=5864"}],"wp:term":[{"taxonomy":"category","embeddable":true,"href":"https:\/\/literarnenoviny.sk\/servis\/wp-json\/wp\/v2\/categories?post=5864"},{"taxonomy":"post_tag","embeddable":true,"href":"https:\/\/literarnenoviny.sk\/servis\/wp-json\/wp\/v2\/tags?post=5864"}],"curies":[{"name":"wp","href":"https:\/\/api.w.org\/{rel}","templated":true}]}}